{"id":15684,"date":"2021-06-27T11:39:06","date_gmt":"2021-06-27T09:39:06","guid":{"rendered":"https:\/\/clubourenseatletismo.es\/blog\/?p=15684"},"modified":"2021-06-27T11:39:06","modified_gmt":"2021-06-27T09:39:06","slug":"turno-para-los-sub14-en-su-campeonato","status":"publish","type":"post","link":"http:\/\/clubourenseatletismo.es\/blog\/2021\/06\/27\/turno-para-los-sub14-en-su-campeonato\/","title":{"rendered":"Turno para los Sub14 en su Campeonato."},"content":{"rendered":"<p style=\"text-align: left;\"><img loading=\"lazy\" decoding=\"async\" class=\"alignleft wp-image-15685\" src=\"https:\/\/clubourenseatletismo.es\/blog\/wp-content\/uploads\/2021\/06\/1624785033800-768x1024.jpg\" alt=\"\" width=\"322\" height=\"430\" srcset=\"http:\/\/clubourenseatletismo.es\/blog\/wp-content\/uploads\/2021\/06\/1624785033800-768x1024.jpg 768w, http:\/\/clubourenseatletismo.es\/blog\/wp-content\/uploads\/2021\/06\/1624785033800-225x300.jpg 225w, http:\/\/clubourenseatletismo.es\/blog\/wp-content\/uploads\/2021\/06\/1624785033800-1152x1536.jpg 1152w, http:\/\/clubourenseatletismo.es\/blog\/wp-content\/uploads\/2021\/06\/1624785033800-600x800.jpg 600w, http:\/\/clubourenseatletismo.es\/blog\/wp-content\/uploads\/2021\/06\/1624785033800-700x933.jpg 700w, http:\/\/clubourenseatletismo.es\/blog\/wp-content\/uploads\/2021\/06\/1624785033800.jpg 1200w\" sizes=\"auto, (max-width: 322px) 100vw, 322px\" \/>Nuestro club ha sumado<strong> un total de 4 metales&nbsp; en el Campeonato Gallego Sub 14 al aire libre <\/strong>que se disput\u00f3 el pasado s\u00e1bado. Las pistas de atletismo en Bala\u00eddos en Vigo acogieron el Auton\u00f3mico, en el que cuatro deportistas se subieron al podio. Las medallas obtenidas cuatro bronces ser\u00edan para <strong>Lara V\u00e1zquez<\/strong> doblete en la distancia de 80 y 150 metros. <strong>Susana Padr\u00f3n<\/strong> en la prueba de los 2.000 mts y <strong>Ad\u00e1n Mart\u00ednez<\/strong> en la prueba de los 80 mts en el salto con vallas.<\/p>\n<p>&nbsp;<\/p>\n<table style=\"width: 41.5585%; height: 144px;\" width=\"529\">\n<tbody>\n<tr>\n<td style=\"width: 15.458%;\" width=\"80\">Gonz\u00e1lez<\/td>\n<td style=\"width: 15.458%;\" width=\"80\">Mart\u00ednez<\/td>\n<td style=\"width: 14.8855%;\" width=\"80\">Ad\u00e1n<\/td>\n<td style=\"width: 27.8626%;\" width=\"129\">80 m valos (0,838 m)<\/td>\n<td style=\"width: 7.82443%; text-align: center;\" width=\"80\">3\u00ba<\/td>\n<td style=\"width: 15.458%;\" width=\"80\">00:15.09<\/td>\n<\/tr>\n<tr>\n<td style=\"width: 15.458%;\"><span style=\"background-color: #ccffff;\">Padr\u00f3n<\/span><\/td>\n<td style=\"width: 15.458%;\"><span style=\"background-color: #ccffff;\">Morales<\/span><\/td>\n<td style=\"width: 14.8855%;\"><span style=\"background-color: #ccffff;\">Susana<\/span><\/td>\n<td style=\"width: 27.8626%;\"><span style=\"background-color: #ccffff;\">2.000 mts<\/span><\/td>\n<td style=\"width: 7.82443%; text-align: center;\"><span style=\"background-color: #ccffff;\">3\u00aa<\/span><\/td>\n<td style=\"width: 15.458%;\"><span style=\"background-color: #ccffff;\">07:19.30<\/span><\/td>\n<\/tr>\n<tr>\n<td style=\"width: 15.458%;\">V\u00e1zquez<\/td>\n<td style=\"width: 15.458%;\">Gonz\u00e1lez<\/td>\n<td style=\"width: 14.8855%;\">Lara<\/td>\n<td style=\"width: 27.8626%;\">150 mts<\/td>\n<td style=\"width: 7.82443%; text-align: center;\">3\u00aa<\/td>\n<td style=\"width: 15.458%;\">00:20.74<\/td>\n<\/tr>\n<tr>\n<td style=\"width: 15.458%;\">V\u00e1zquez<\/td>\n<td style=\"width: 15.458%;\">Gonz\u00e1lez<\/td>\n<td style=\"width: 14.8855%;\">Lara<\/td>\n<td style=\"width: 27.8626%;\">80 mts<\/td>\n<td style=\"width: 7.82443%; text-align: center;\">3\u00aa<\/td>\n<td style=\"width: 15.458%;\">11.03 mts<\/td>\n<\/tr>\n<\/tbody>\n<\/table>\n<p>&nbsp;<\/p>\n<p>&nbsp;<\/p>\n<p style=\"text-align: center;\"><a class=\"fasc-button fasc-size-medium fasc-type-glossy fasc-rounded-medium ico-fa fasc-ico-before fa-trophy\" style=\"background-color: #e66903; color: #ffffff;\" target=\"_blank\" rel=\"noopener\" href=\"https:\/\/atletismo.gal\/wp-content\/uploads\/2021\/03\/RV26021.pdf\">Resultados<\/a>&nbsp; &nbsp; &nbsp;&nbsp;<a class=\"fasc-button fasc-size-medium fasc-type-glossy fasc-rounded-medium fasc-ico-before dashicons-camera\" style=\"background-color: #33809e; color: #ffffff;\" target=\"_blank\" rel=\"noopener\" href=\"https:\/\/photos.app.goo.gl\/EapLHS7YBiAAEAyTA\">\u00c1lbum<\/a><\/p>\n<p>&nbsp;<\/p>\n<p>En cuanto a los resultados por marcas destacar\u00edan dos especialmente <strong>Susana Padr\u00f3n<\/strong> quien mejoraba sus registros situando el crono en la prueba de los 2.000 metros como nuevo r\u00e9cord del club en su categor\u00eda y <strong>Manuel Eirin<\/strong> que hac\u00eda lo propio en la prueba del Lanzamiento de Martillo 2 Kg quien alcanzaba una distancia de 24.24 metros.&nbsp;<\/p>\n<p>El resto de resultados obtenidos fueron:<\/p>\n<table class=\" alignright\" style=\"width: 52.1904%; height: 335px;\" width=\"529\">\n<tbody>\n<tr style=\"height: 25px;\">\n<td style=\"width: 14.8611%; height: 25px;\" width=\"80\"><span style=\"background-color: #ccffff;\">Eirin<\/span><\/td>\n<td style=\"width: 12.3611%; height: 25px;\" width=\"80\"><span style=\"background-color: #ccffff;\">Gonz\u00e1lez<\/span><\/td>\n<td style=\"width: 12.5%; height: 25px;\" width=\"80\"><span style=\"background-color: #ccffff;\">Manuel<\/span><\/td>\n<td style=\"width: 35%; height: 25px;\" width=\"129\"><span style=\"background-color: #ccffff;\">Lanzamiento Martillo 2 Kg<\/span><\/td>\n<td style=\"text-align: center; width: 8.19445%; height: 25px;\" width=\"80\"><span style=\"background-color: #ccffff;\">4\u00ba<\/span><\/td>\n<td style=\"width: 14.8611%; height: 25px;\" width=\"80\"><span style=\"background-color: #ccffff;\">24.24 mts<\/span><\/td>\n<\/tr>\n<tr style=\"height: 26px;\">\n<td style=\"width: 14.8611%; height: 26px;\">Trapote<\/td>\n<td style=\"width: 12.3611%; height: 26px;\">Rivas<\/td>\n<td style=\"width: 12.5%; height: 26px;\">Fernando<\/td>\n<td style=\"width: 35%; height: 26px;\">1.000 Obst\u00e1culos con r\u00eda<\/td>\n<td style=\"text-align: center; width: 8.19445%; height: 26px;\">4\u00ba<\/td>\n<td style=\"width: 14.8611%; height: 26px;\">03:23.37<\/td>\n<\/tr>\n<tr style=\"height: 26px;\">\n<td style=\"width: 14.8611%; height: 26px;\">G\u00f3mez<\/td>\n<td style=\"width: 12.3611%; height: 26px;\">Gonz\u00e1lez<\/td>\n<td style=\"width: 12.5%; height: 26px;\">Mauro<\/td>\n<td style=\"width: 35%; height: 26px;\">Lanzamiento Disco 800 grs<\/td>\n<td style=\"text-align: center; width: 8.19445%; height: 26px;\">5\u00ba<\/td>\n<td style=\"width: 14.8611%; height: 26px;\">24.79 mts<\/td>\n<\/tr>\n<tr style=\"height: 25px;\">\n<td style=\"width: 14.8611%; height: 25px;\">G\u00f3mez<\/td>\n<td style=\"width: 12.3611%; height: 25px;\">Gonz\u00e1lez<\/td>\n<td style=\"width: 12.5%; height: 25px;\">Mauro<\/td>\n<td style=\"width: 35%; height: 25px;\">Lanzamiento Jabalina 500 grs<\/td>\n<td style=\"text-align: center; width: 8.19445%; height: 25px;\">6\u00ba<\/td>\n<td style=\"width: 14.8611%; height: 25px;\">21.78 mts<\/td>\n<\/tr>\n<tr style=\"height: 21px;\">\n<td style=\"width: 14.8611%; height: 21px;\">Gonz\u00e1lez<\/td>\n<td style=\"width: 12.3611%; height: 21px;\">Mart\u00ednez<\/td>\n<td style=\"width: 12.5%; height: 21px;\">Ad\u00e1n<\/td>\n<td style=\"width: 35%; height: 21px;\">150 mts<\/td>\n<td style=\"text-align: center; width: 8.19445%; height: 21px;\">6\u00ba<\/td>\n<td style=\"width: 14.8611%; height: 21px;\">00:19.91<\/td>\n<\/tr>\n<tr style=\"height: 23px;\">\n<td style=\"width: 14.8611%; height: 23px;\">Murga<\/td>\n<td style=\"width: 12.3611%; height: 23px;\">Gonz\u00e1lez<\/td>\n<td style=\"width: 12.5%; height: 23px;\">Alexandre<\/td>\n<td style=\"width: 35%; height: 23px;\">Salto de Altura<\/td>\n<td style=\"text-align: center; width: 8.19445%; height: 23px;\">6\u00ba<\/td>\n<td style=\"width: 14.8611%; height: 23px;\">1.38 mts<\/td>\n<\/tr>\n<tr style=\"height: 21px;\">\n<td style=\"width: 14.8611%; height: 21px;\">Gonz\u00e1lez<\/td>\n<td style=\"width: 12.3611%; height: 21px;\">Gonz\u00e1lez<\/td>\n<td style=\"width: 12.5%; height: 21px;\">Alejandro<\/td>\n<td style=\"width: 35%; height: 21px;\">2.000 mts<\/td>\n<td style=\"text-align: center; width: 8.19445%; height: 21px;\">7\u00ba<\/td>\n<td style=\"width: 14.8611%; height: 21px;\">07:31.45<\/td>\n<\/tr>\n<tr style=\"height: 22px;\">\n<td style=\"width: 14.8611%; height: 22px;\">Gonz\u00e1lez<\/td>\n<td style=\"width: 12.3611%; height: 22px;\">Gonz\u00e1lez<\/td>\n<td style=\"width: 12.5%; height: 22px;\">Alejandro<\/td>\n<td style=\"width: 35%; height: 22px;\">Salto con P\u00e9rtiga<\/td>\n<td style=\"text-align: center; width: 8.19445%; height: 22px;\">7\u00ba<\/td>\n<td style=\"width: 14.8611%; height: 22px;\">1.40 mts<\/td>\n<\/tr>\n<tr style=\"height: 27px;\">\n<td style=\"width: 14.8611%; height: 27px;\">Murga<\/td>\n<td style=\"width: 12.3611%; height: 27px;\">Gonz\u00e1lez<\/td>\n<td style=\"width: 12.5%; height: 27px;\">Alexandre<\/td>\n<td style=\"width: 35%; height: 27px;\">Salto de Longitud<\/td>\n<td style=\"text-align: center; width: 8.19445%; height: 27px;\">9\u00ba<\/td>\n<td style=\"width: 14.8611%; height: 27px;\">4.40 mts<\/td>\n<\/tr>\n<tr style=\"height: 22px;\">\n<td style=\"width: 14.8611%; height: 22px;\">Eirin<\/td>\n<td style=\"width: 12.3611%; height: 22px;\">Gonz\u00e1lez<\/td>\n<td style=\"width: 12.5%; height: 22px;\">Manuel<\/td>\n<td style=\"width: 35%; height: 22px;\">Lanzamiento Disco 800 grs<\/td>\n<td style=\"text-align: center; width: 8.19445%; height: 22px;\">10\u00ba<\/td>\n<td style=\"width: 14.8611%; height: 22px;\">21.70 mts<\/td>\n<\/tr>\n<tr style=\"height: 23px;\">\n<td style=\"width: 14.8611%; height: 23px;\">Quiroga<\/td>\n<td style=\"width: 12.3611%; height: 23px;\">Pousa<\/td>\n<td style=\"width: 12.5%; height: 23px;\">Marta<\/td>\n<td style=\"width: 35%; height: 23px;\">2.000 mts Marcha<\/td>\n<td style=\"text-align: center; width: 8.19445%; height: 23px;\">11\u00aa<\/td>\n<td style=\"width: 14.8611%; height: 23px;\">12:22.33<\/td>\n<\/tr>\n<tr style=\"height: 27px;\">\n<td style=\"width: 14.8611%; height: 27px;\">P\u00e9rez<\/td>\n<td style=\"width: 12.3611%; height: 27px;\">G\u00f3mez<\/td>\n<td style=\"width: 12.5%; height: 27px;\">Alba<\/td>\n<td style=\"width: 35%; height: 27px;\">80 m valos (0,762 m)<\/td>\n<td style=\"text-align: center; width: 8.19445%; height: 27px;\">12\u00aa<\/td>\n<td style=\"width: 14.8611%; height: 27px;\">00:18.54<\/td>\n<\/tr>\n<tr style=\"height: 22px;\">\n<td style=\"width: 14.8611%; height: 22px;\">Quiroga<\/td>\n<td style=\"width: 12.3611%; height: 22px;\">Pousa<\/td>\n<td style=\"width: 12.5%; height: 22px;\">Marta<\/td>\n<td style=\"width: 35%; height: 22px;\">Lanzamiento Jabalina 400 grs<\/td>\n<td style=\"text-align: center; width: 8.19445%; height: 22px;\">12\u00aa<\/td>\n<td style=\"width: 14.8611%; height: 22px;\">17.31 mts<\/td>\n<\/tr>\n<tr style=\"height: 25px;\">\n<td style=\"width: 14.8611%; height: 25px;\">L\u00f3pez<\/td>\n<td style=\"width: 12.3611%; height: 25px;\">Fern\u00e1ndez<\/td>\n<td style=\"width: 12.5%; height: 25px;\">Yago<\/td>\n<td style=\"width: 35%; height: 25px;\">80 mts<\/td>\n<td style=\"text-align: center; width: 8.19445%; height: 25px;\">15\u00ba<\/td>\n<td style=\"width: 14.8611%; height: 25px;\">00:12.14<\/td>\n<\/tr>\n<\/tbody>\n<\/table>\n<p style=\"text-align: right;\"><img loading=\"lazy\" decoding=\"async\" class=\"wp-image-15686 aligncenter\" src=\"https:\/\/clubourenseatletismo.es\/blog\/wp-content\/uploads\/2021\/06\/1624785033921-768x1024.jpg\" alt=\"\" width=\"339\" height=\"452\" srcset=\"http:\/\/clubourenseatletismo.es\/blog\/wp-content\/uploads\/2021\/06\/1624785033921-768x1024.jpg 768w, http:\/\/clubourenseatletismo.es\/blog\/wp-content\/uploads\/2021\/06\/1624785033921-225x300.jpg 225w, http:\/\/clubourenseatletismo.es\/blog\/wp-content\/uploads\/2021\/06\/1624785033921-1152x1536.jpg 1152w, http:\/\/clubourenseatletismo.es\/blog\/wp-content\/uploads\/2021\/06\/1624785033921-600x800.jpg 600w, http:\/\/clubourenseatletismo.es\/blog\/wp-content\/uploads\/2021\/06\/1624785033921-700x933.jpg 700w, http:\/\/clubourenseatletismo.es\/blog\/wp-content\/uploads\/2021\/06\/1624785033921.jpg 1500w\" sizes=\"auto, (max-width: 339px) 100vw, 339px\" \/><\/p>\n<p>&nbsp;<\/p>\n<p><img loading=\"lazy\" decoding=\"async\" class=\" wp-image-15687 aligncenter\" src=\"https:\/\/clubourenseatletismo.es\/blog\/wp-content\/uploads\/2021\/06\/1624785033987-768x1024.jpg\" alt=\"\" width=\"493\" height=\"657\" srcset=\"http:\/\/clubourenseatletismo.es\/blog\/wp-content\/uploads\/2021\/06\/1624785033987-768x1024.jpg 768w, http:\/\/clubourenseatletismo.es\/blog\/wp-content\/uploads\/2021\/06\/1624785033987-225x300.jpg 225w, http:\/\/clubourenseatletismo.es\/blog\/wp-content\/uploads\/2021\/06\/1624785033987-1152x1536.jpg 1152w, http:\/\/clubourenseatletismo.es\/blog\/wp-content\/uploads\/2021\/06\/1624785033987-600x800.jpg 600w, http:\/\/clubourenseatletismo.es\/blog\/wp-content\/uploads\/2021\/06\/1624785033987-700x933.jpg 700w, http:\/\/clubourenseatletismo.es\/blog\/wp-content\/uploads\/2021\/06\/1624785033987.jpg 1200w\" sizes=\"auto, (max-width: 493px) 100vw, 493px\" \/><\/p>\n<p>&nbsp;<\/p>\n<p>&nbsp;<\/p>\n<p>&nbsp;<\/p>\n<p>&nbsp;<\/p>\n<p>&nbsp;<\/p>\n<p>&nbsp;<\/p>\n<p>&nbsp;<\/p>\n<p>&nbsp;<\/p>\n<p style=\"text-align: center;\">&nbsp; &nbsp; &nbsp;<\/p>\n","protected":false},"excerpt":{"rendered":"<p>Nuestro club ha sumado un total de 4 metales&nbsp; en el Campeonato Gallego Sub 14 al aire libre que se disput\u00f3 el pasado s\u00e1bado. Las pistas de atletismo en Bala\u00eddos en Vigo acogieron el Auton\u00f3mico, en el que cuatro deportistas se subieron al podio. Las&#8230;<\/p>\n","protected":false},"author":1,"featured_media":15687,"comment_status":"closed","ping_status":"closed","sticky":false,"template":"","format":"standard","meta":{"footnotes":""},"categories":[9],"tags":[],"class_list":["post-15684","post","type-post","status-publish","format-standard","has-post-thumbnail","hentry","category-resultados"],"aioseo_notices":[],"_links":{"self":[{"href":"http:\/\/clubourenseatletismo.es\/blog\/wp-json\/wp\/v2\/posts\/15684","targetHints":{"allow":["GET"]}}],"collection":[{"href":"http:\/\/clubourenseatletismo.es\/blog\/wp-json\/wp\/v2\/posts"}],"about":[{"href":"http:\/\/clubourenseatletismo.es\/blog\/wp-json\/wp\/v2\/types\/post"}],"author":[{"embeddable":true,"href":"http:\/\/clubourenseatletismo.es\/blog\/wp-json\/wp\/v2\/users\/1"}],"replies":[{"embeddable":true,"href":"http:\/\/clubourenseatletismo.es\/blog\/wp-json\/wp\/v2\/comments?post=15684"}],"version-history":[{"count":3,"href":"http:\/\/clubourenseatletismo.es\/blog\/wp-json\/wp\/v2\/posts\/15684\/revisions"}],"predecessor-version":[{"id":15690,"href":"http:\/\/clubourenseatletismo.es\/blog\/wp-json\/wp\/v2\/posts\/15684\/revisions\/15690"}],"wp:featuredmedia":[{"embeddable":true,"href":"http:\/\/clubourenseatletismo.es\/blog\/wp-json\/wp\/v2\/media\/15687"}],"wp:attachment":[{"href":"http:\/\/clubourenseatletismo.es\/blog\/wp-json\/wp\/v2\/media?parent=15684"}],"wp:term":[{"taxonomy":"category","embeddable":true,"href":"http:\/\/clubourenseatletismo.es\/blog\/wp-json\/wp\/v2\/categories?post=15684"},{"taxonomy":"post_tag","embeddable":true,"href":"http:\/\/clubourenseatletismo.es\/blog\/wp-json\/wp\/v2\/tags?post=15684"}],"curies":[{"name":"wp","href":"https:\/\/api.w.org\/{rel}","templated":true}]}}