{"id":15675,"date":"2021-06-30T14:49:14","date_gmt":"2021-06-30T12:49:14","guid":{"rendered":"https:\/\/clubourenseatletismo.es\/blog\/?p=15675"},"modified":"2021-06-30T14:49:14","modified_gmt":"2021-06-30T12:49:14","slug":"campionato-xunta-de-galicia-sub16-e-sub-18-en-pista-ao-aire-libre","status":"publish","type":"post","link":"http:\/\/clubourenseatletismo.es\/blog\/2021\/06\/30\/campionato-xunta-de-galicia-sub16-e-sub-18-en-pista-ao-aire-libre\/","title":{"rendered":"Campionato Xunta de Galicia Sub16 e Sub 18 en Pista ao Aire Libre."},"content":{"rendered":"<p><img loading=\"lazy\" decoding=\"async\" class=\"alignleft wp-image-15704\" src=\"https:\/\/clubourenseatletismo.es\/blog\/wp-content\/uploads\/2021\/06\/Sub16-e-Sub18-Lugo.jpg\" alt=\"\" width=\"286\" height=\"381\" srcset=\"http:\/\/clubourenseatletismo.es\/blog\/wp-content\/uploads\/2021\/06\/Sub16-e-Sub18-Lugo.jpg 720w, http:\/\/clubourenseatletismo.es\/blog\/wp-content\/uploads\/2021\/06\/Sub16-e-Sub18-Lugo-225x300.jpg 225w, http:\/\/clubourenseatletismo.es\/blog\/wp-content\/uploads\/2021\/06\/Sub16-e-Sub18-Lugo-600x800.jpg 600w, http:\/\/clubourenseatletismo.es\/blog\/wp-content\/uploads\/2021\/06\/Sub16-e-Sub18-Lugo-700x933.jpg 700w\" sizes=\"auto, (max-width: 286px) 100vw, 286px\" \/>A Federaci\u00f3n Galega de Atletismo organiza o Campionato Xunta de Galicia Sub16 Sub 18 e o Campionato Xunta de Galicia de Probas Combinadas Sub 16 e Sub 18 os vindeiros d\u00edas 2 e 3 de xullo, nas pistas de atletismo do Estadio Gregorio P\u00e9rez Ribera de Lugo.<\/p>\n<p>As inscrici\u00f3ns realizaranse ata as 20:00 horas do martes 29 de xu\u00f1o do 2021.<\/p>\n<p>Cada atleta poder\u00e1 realizar nun m\u00e1ximo de 2 probas (no caso de ser carreiras s\u00f3 unha poder\u00e1 ser superior a 200). Os\/as atletas de probas combinadas s\u00f3 poder\u00e1n participar nelas.<\/p>\n<p>Nos lanzamentos e saltos horizontais haber\u00e1 mellora. Naqueles concursos realizados de forma conxunta en categor\u00eda e\/ou sexo pasar\u00e1n 4 de cada unha.<\/p>\n<p>A participaci\u00f3n nas probas combinadas estar\u00e1 limitada a 5 atletas de cada categor\u00eda e sexo.<\/p>\n<p>Valer\u00e1n marcas feitas dende o 1 de xaneiro de 2020.<\/p>\n<p>&nbsp;<\/p>\n<p style=\"text-align: center;\"><a class=\"fasc-button fasc-size-medium fasc-type-glossy fasc-rounded-medium fasc-ico-before dashicons-format-aside\" style=\"background-color: #218562; color: #ffffff;\" target=\"_blank\" rel=\"noopener\" href=\"https:\/\/atletismo.gal\/wp-content\/uploads\/2021\/06\/Circular-80-2021.pdf\">Reglamento<\/a>&nbsp; &nbsp; &nbsp;<a class=\"fasc-button fasc-size-medium fasc-type-glossy fasc-rounded-medium fasc-ico-before dashicons-groups\" style=\"background-color: #324994; color: #ffffff;\" target=\"_blank\" href=\"https:\/\/atletismo.gal\/competicions\/xx-campionato-de-galicia-sub16-en-pista-ao-aire-libre\/?cp_date=01\/07\/2021\" rel=\"noopener\">Inscritos<\/a>&nbsp; &nbsp;<\/p>\n","protected":false},"excerpt":{"rendered":"<p>A Federaci\u00f3n Galega de Atletismo organiza o Campionato Xunta de Galicia Sub16 Sub 18 e o Campionato Xunta de Galicia de Probas Combinadas Sub 16 e Sub 18 os vindeiros d\u00edas 2 e 3 de xullo, nas pistas de atletismo do Estadio Gregorio P\u00e9rez Ribera&#8230;<\/p>\n","protected":false},"author":1,"featured_media":15704,"comment_status":"closed","ping_status":"closed","sticky":false,"template":"","format":"standard","meta":{"footnotes":""},"categories":[33],"tags":[],"class_list":["post-15675","post","type-post","status-publish","format-standard","has-post-thumbnail","hentry","category-competiciones-2"],"aioseo_notices":[],"_links":{"self":[{"href":"http:\/\/clubourenseatletismo.es\/blog\/wp-json\/wp\/v2\/posts\/15675","targetHints":{"allow":["GET"]}}],"collection":[{"href":"http:\/\/clubourenseatletismo.es\/blog\/wp-json\/wp\/v2\/posts"}],"about":[{"href":"http:\/\/clubourenseatletismo.es\/blog\/wp-json\/wp\/v2\/types\/post"}],"author":[{"embeddable":true,"href":"http:\/\/clubourenseatletismo.es\/blog\/wp-json\/wp\/v2\/users\/1"}],"replies":[{"embeddable":true,"href":"http:\/\/clubourenseatletismo.es\/blog\/wp-json\/wp\/v2\/comments?post=15675"}],"version-history":[{"count":5,"href":"http:\/\/clubourenseatletismo.es\/blog\/wp-json\/wp\/v2\/posts\/15675\/revisions"}],"predecessor-version":[{"id":15709,"href":"http:\/\/clubourenseatletismo.es\/blog\/wp-json\/wp\/v2\/posts\/15675\/revisions\/15709"}],"wp:featuredmedia":[{"embeddable":true,"href":"http:\/\/clubourenseatletismo.es\/blog\/wp-json\/wp\/v2\/media\/15704"}],"wp:attachment":[{"href":"http:\/\/clubourenseatletismo.es\/blog\/wp-json\/wp\/v2\/media?parent=15675"}],"wp:term":[{"taxonomy":"category","embeddable":true,"href":"http:\/\/clubourenseatletismo.es\/blog\/wp-json\/wp\/v2\/categories?post=15675"},{"taxonomy":"post_tag","embeddable":true,"href":"http:\/\/clubourenseatletismo.es\/blog\/wp-json\/wp\/v2\/tags?post=15675"}],"curies":[{"name":"wp","href":"https:\/\/api.w.org\/{rel}","templated":true}]}}