{"id":15630,"date":"2021-06-22T10:58:33","date_gmt":"2021-06-22T08:58:33","guid":{"rendered":"https:\/\/clubourenseatletismo.es\/blog\/?p=15630"},"modified":"2021-06-25T16:32:38","modified_gmt":"2021-06-25T14:32:38","slug":"i-control-de-marcas-concello-de-ribeira","status":"publish","type":"post","link":"http:\/\/clubourenseatletismo.es\/blog\/2021\/06\/22\/i-control-de-marcas-concello-de-ribeira\/","title":{"rendered":"I Control de Marcas \u2013 Concello de Ribeira."},"content":{"rendered":"<p><img loading=\"lazy\" decoding=\"async\" class=\"alignleft size-full wp-image-15657\" src=\"https:\/\/clubourenseatletismo.es\/blog\/wp-content\/uploads\/2021\/06\/f86c8e22a1e1007810e998989081dc2d.png\" alt=\"\" width=\"256\" height=\"256\" srcset=\"http:\/\/clubourenseatletismo.es\/blog\/wp-content\/uploads\/2021\/06\/f86c8e22a1e1007810e998989081dc2d.png 256w, http:\/\/clubourenseatletismo.es\/blog\/wp-content\/uploads\/2021\/06\/f86c8e22a1e1007810e998989081dc2d-150x150.png 150w\" sizes=\"auto, (max-width: 256px) 100vw, 256px\" \/>Poder\u00e1n participar os atletas federados con ficha pola Federaci\u00f3n Galega de Atletismo a\u00ednda que pertenzan a clubes de outras Comunidades Aut\u00f3nomas. A proba ter\u00e1 lugar o vindeiro d\u00eda domingo d\u00eda 27 de xu\u00f1o na Pista de Atletismo sita no <strong>Campo de F\u00fatbol Municipal A Fieiteira &#8211; Pista de Atletismo.<\/strong><\/p>\n<p>As inscrici\u00f3ns faranse a &nbsp;ata as 20:00 horas do do xoves 24 de Xu\u00f1o.<\/p>\n<p>Seran probas en horario de ma\u00f1\u00e1.&nbsp;<\/p>\n<p>&nbsp;<\/p>\n<p style=\"text-align: center;\"><a class=\"fasc-button fasc-size-medium fasc-type-glossy fasc-rounded-medium fasc-ico-before dashicons-format-aside\" style=\"background-color: #218562; color: #ffffff;\" target=\"_blank\" rel=\"noopener\" href=\"https:\/\/atletismo.gal\/wp-content\/uploads\/2021\/06\/Regulamento-Ribeira-1.pdf\">Reglamento&nbsp;<\/a>&nbsp; &nbsp; &nbsp;&nbsp;<a class=\"fasc-button fasc-size-medium fasc-type-glossy fasc-rounded-medium fasc-ico-before dashicons-groups\" style=\"background-color: #324994; color: #ffffff;\" target=\"_blank\" href=\"https:\/\/atletismo.gal\/wp-content\/uploads\/2021\/06\/inscribeira270621.pdf\" rel=\"noopener\">Inscritos<\/a><\/p>\n<p>&nbsp;<\/p>\n<p>&nbsp;<\/p>\n<p>&nbsp;<\/p>\n","protected":false},"excerpt":{"rendered":"<p>Poder\u00e1n participar os atletas federados con ficha pola Federaci\u00f3n Galega de Atletismo a\u00ednda que pertenzan a clubes de outras Comunidades Aut\u00f3nomas. A proba ter\u00e1 lugar o vindeiro d\u00eda domingo d\u00eda 27 de xu\u00f1o na Pista de Atletismo sita no Campo de F\u00fatbol Municipal A Fieiteira&#8230;<\/p>\n","protected":false},"author":1,"featured_media":15657,"comment_status":"closed","ping_status":"closed","sticky":false,"template":"","format":"standard","meta":{"footnotes":""},"categories":[33],"tags":[],"class_list":["post-15630","post","type-post","status-publish","format-standard","has-post-thumbnail","hentry","category-competiciones-2"],"aioseo_notices":[],"_links":{"self":[{"href":"http:\/\/clubourenseatletismo.es\/blog\/wp-json\/wp\/v2\/posts\/15630","targetHints":{"allow":["GET"]}}],"collection":[{"href":"http:\/\/clubourenseatletismo.es\/blog\/wp-json\/wp\/v2\/posts"}],"about":[{"href":"http:\/\/clubourenseatletismo.es\/blog\/wp-json\/wp\/v2\/types\/post"}],"author":[{"embeddable":true,"href":"http:\/\/clubourenseatletismo.es\/blog\/wp-json\/wp\/v2\/users\/1"}],"replies":[{"embeddable":true,"href":"http:\/\/clubourenseatletismo.es\/blog\/wp-json\/wp\/v2\/comments?post=15630"}],"version-history":[{"count":3,"href":"http:\/\/clubourenseatletismo.es\/blog\/wp-json\/wp\/v2\/posts\/15630\/revisions"}],"predecessor-version":[{"id":15671,"href":"http:\/\/clubourenseatletismo.es\/blog\/wp-json\/wp\/v2\/posts\/15630\/revisions\/15671"}],"wp:featuredmedia":[{"embeddable":true,"href":"http:\/\/clubourenseatletismo.es\/blog\/wp-json\/wp\/v2\/media\/15657"}],"wp:attachment":[{"href":"http:\/\/clubourenseatletismo.es\/blog\/wp-json\/wp\/v2\/media?parent=15630"}],"wp:term":[{"taxonomy":"category","embeddable":true,"href":"http:\/\/clubourenseatletismo.es\/blog\/wp-json\/wp\/v2\/categories?post=15630"},{"taxonomy":"post_tag","embeddable":true,"href":"http:\/\/clubourenseatletismo.es\/blog\/wp-json\/wp\/v2\/tags?post=15630"}],"curies":[{"name":"wp","href":"https:\/\/api.w.org\/{rel}","templated":true}]}}