{"id":15622,"date":"2021-06-21T11:52:51","date_gmt":"2021-06-21T09:52:51","guid":{"rendered":"https:\/\/clubourenseatletismo.es\/blog\/?p=15622"},"modified":"2021-06-23T11:01:47","modified_gmt":"2021-06-23T09:01:47","slug":"ii-control-de-marcas-escola-celta-atletismo-2021","status":"publish","type":"post","link":"http:\/\/clubourenseatletismo.es\/blog\/2021\/06\/21\/ii-control-de-marcas-escola-celta-atletismo-2021\/","title":{"rendered":"II Control de Marcas \u2013 Escola Celta Atletismo 2021"},"content":{"rendered":"<p><img loading=\"lazy\" decoding=\"async\" class=\"alignleft wp-image-15623\" src=\"https:\/\/clubourenseatletismo.es\/blog\/wp-content\/uploads\/2021\/06\/celta.gif\" alt=\"\" width=\"289\" height=\"405\">O Grupo Celta Atletismo, co patrocinio da Conceller\u00eda de Deportes do Concello de Vigo, Secretar\u00eda Xeral para o Deporte da Xunta de Galicia, Deputaci\u00f3n Provincial de Pontevedra, Abanca, Socios Colaboradores e a participaci\u00f3n da Federaci\u00f3n Galega de Atletismo e o Comit\u00e9 Galego de Xu\u00edces, organizar\u00e1 o \u201cII CONTROL DE MARCAS &#8211; ESCOLA CELTA ATLETISMO 2021\u201d c\u00f3 obxectivo de reiniciar a actividade competitiva dos\/as atletas m\u00e1is cativos\/as neste tempo de Pandemia.<\/p>\n<p>Ter\u00e1 lugar o vindeiro m\u00e9rcores 23 de xu\u00f1o a partires das 18:00 horas nas Pistas Municipais de Atletismo de Balaidos (Vigo).<\/p>\n<p>O prazo de inscrici\u00f3n rematar\u00e1 o domingo 20 de xu\u00f1o \u00e1s 20.00 horas.<\/p>\n<p>O l\u00edmite de participaci\u00f3n ser\u00e1 de 10 participantes en concursos e 8 en carreiras. Ter\u00e1n preferencia na admisi\u00f3n os\/as atletas do Real Club Celta Atletismo, Club Atletismo Feminino Celta e os seus Clubs Asociados. As prazas restantes sortearanse entre os\/as atletas que non houbesen competido na tempada 2021 e, se a\u00ednda quedasen prazas valeiras, ser\u00edan para as mellores marcas realizadas nas tempadas 2020 e 2021.<\/p>\n<p>&nbsp;<\/p>\n<p style=\"text-align: center;\"><a class=\"fasc-button fasc-size-medium fasc-type-glossy fasc-rounded-medium fasc-ico-before dashicons-format-aside\" style=\"background-color: #218562; color: #ffffff;\" target=\"_blank\" rel=\"noopener\" href=\"https:\/\/atletismo.gal\/wp-content\/uploads\/2021\/06\/II-CONTROL-DE-MARCAS-ESCOLA-CELTA-ATLETISMO-2021.-230621.pdf\">Reglamento<\/a> &nbsp;<a class=\"fasc-button fasc-size-medium fasc-type-glossy fasc-rounded-medium fasc-ico-before dashicons-groups\" style=\"background-color: #324994; color: #ffffff;\" target=\"_blank\" href=\"https:\/\/atletismo.gal\/wp-content\/uploads\/2021\/03\/inssub14260621.pdf\" rel=\"noopener\">Inscritos<\/a><\/p>\n","protected":false},"excerpt":{"rendered":"<p>O Grupo Celta Atletismo, co patrocinio da Conceller\u00eda de Deportes do Concello de Vigo, Secretar\u00eda Xeral para o Deporte da Xunta de Galicia, Deputaci\u00f3n Provincial de Pontevedra, Abanca, Socios Colaboradores e a participaci\u00f3n da Federaci\u00f3n Galega de Atletismo e o Comit\u00e9 Galego de Xu\u00edces, organizar\u00e1&#8230;<\/p>\n","protected":false},"author":1,"featured_media":15623,"comment_status":"closed","ping_status":"closed","sticky":false,"template":"","format":"standard","meta":{"footnotes":""},"categories":[33],"tags":[],"class_list":["post-15622","post","type-post","status-publish","format-standard","has-post-thumbnail","hentry","category-competiciones-2"],"aioseo_notices":[],"_links":{"self":[{"href":"http:\/\/clubourenseatletismo.es\/blog\/wp-json\/wp\/v2\/posts\/15622","targetHints":{"allow":["GET"]}}],"collection":[{"href":"http:\/\/clubourenseatletismo.es\/blog\/wp-json\/wp\/v2\/posts"}],"about":[{"href":"http:\/\/clubourenseatletismo.es\/blog\/wp-json\/wp\/v2\/types\/post"}],"author":[{"embeddable":true,"href":"http:\/\/clubourenseatletismo.es\/blog\/wp-json\/wp\/v2\/users\/1"}],"replies":[{"embeddable":true,"href":"http:\/\/clubourenseatletismo.es\/blog\/wp-json\/wp\/v2\/comments?post=15622"}],"version-history":[{"count":3,"href":"http:\/\/clubourenseatletismo.es\/blog\/wp-json\/wp\/v2\/posts\/15622\/revisions"}],"predecessor-version":[{"id":15661,"href":"http:\/\/clubourenseatletismo.es\/blog\/wp-json\/wp\/v2\/posts\/15622\/revisions\/15661"}],"wp:featuredmedia":[{"embeddable":true,"href":"http:\/\/clubourenseatletismo.es\/blog\/wp-json\/wp\/v2\/media\/15623"}],"wp:attachment":[{"href":"http:\/\/clubourenseatletismo.es\/blog\/wp-json\/wp\/v2\/media?parent=15622"}],"wp:term":[{"taxonomy":"category","embeddable":true,"href":"http:\/\/clubourenseatletismo.es\/blog\/wp-json\/wp\/v2\/categories?post=15622"},{"taxonomy":"post_tag","embeddable":true,"href":"http:\/\/clubourenseatletismo.es\/blog\/wp-json\/wp\/v2\/tags?post=15622"}],"curies":[{"name":"wp","href":"https:\/\/api.w.org\/{rel}","templated":true}]}}