{"id":15571,"date":"2021-06-14T12:27:57","date_gmt":"2021-06-14T10:27:57","guid":{"rendered":"https:\/\/clubourenseatletismo.es\/blog\/?p=15571"},"modified":"2021-06-14T12:27:57","modified_gmt":"2021-06-14T10:27:57","slug":"actuaciones-de-los-atletas-el-fin-de-semana","status":"publish","type":"post","link":"http:\/\/clubourenseatletismo.es\/blog\/2021\/06\/14\/actuaciones-de-los-atletas-el-fin-de-semana\/","title":{"rendered":"Actuaciones de los atletas el fin de semana."},"content":{"rendered":"<div class=\"kvgmc6g5 cxmmr5t8 oygrvhab hcukyx3x c1et5uql ii04i59q\">\n<div dir=\"auto\"><strong><img loading=\"lazy\" decoding=\"async\" class=\"alignleft  wp-image-15574\" src=\"https:\/\/clubourenseatletismo.es\/blog\/wp-content\/uploads\/2021\/06\/foto-3-939x1024.jpg\" alt=\"\" width=\"316\" height=\"345\" srcset=\"http:\/\/clubourenseatletismo.es\/blog\/wp-content\/uploads\/2021\/06\/foto-3-939x1024.jpg 939w, http:\/\/clubourenseatletismo.es\/blog\/wp-content\/uploads\/2021\/06\/foto-3-275x300.jpg 275w, http:\/\/clubourenseatletismo.es\/blog\/wp-content\/uploads\/2021\/06\/foto-3-768x837.jpg 768w, http:\/\/clubourenseatletismo.es\/blog\/wp-content\/uploads\/2021\/06\/foto-3-700x763.jpg 700w, http:\/\/clubourenseatletismo.es\/blog\/wp-content\/uploads\/2021\/06\/foto-3.jpg 1184w\" sizes=\"auto, (max-width: 316px) 100vw, 316px\" \/><\/strong><\/div>\n<div dir=\"auto\">Comenzamos el repaso de la actualidad atl\u00e9tica de nuestro club con la actuaci\u00f3n de una atleta del club en la jornada del s\u00e1bado.<\/div>\n<div dir=\"auto\">&nbsp;<\/div>\n<div dir=\"auto\"><strong>Aurora Gonz\u00e1lez<\/strong> que particip\u00f3 en el Campeonato de Espa\u00f1a de 100km absoluto y m\u00e1ster en Santander (Cantabria), no pudo completar la prueba al no cumplir con el tiempo t<strong>ras cruzar los 90km<\/strong> influida por el calor y la humedad reinantes. No obstante hay que destacar su tarea \u00abherculeana\u00bb ya que esta prueba es de una dureza extrema.<\/div>\n<\/div>\n<div class=\"o9v6fnle cxmmr5t8 oygrvhab hcukyx3x c1et5uql ii04i59q\">\n<div dir=\"auto\">En esta primera competici\u00f3n con nuestros colores, Aurora pudo demostrar su gran resistencia y resiliencia.<\/div>\n<div dir=\"auto\">&nbsp;<\/div>\n<\/div>\n<div dir=\"auto\">&nbsp;<\/div>\n<div dir=\"auto\">&nbsp;<\/div>\n<div dir=\"auto\" style=\"text-align: center;\"><a class=\"fasc-button fasc-size-medium fasc-type-glossy fasc-rounded-medium ico-fa fasc-ico-before fa-trophy\" style=\"background-color: #e66903; color: #ffffff;\" target=\"_blank\" href=\"http:\/\/racetecresults.com\/Results.aspx?CId=16479&amp;RId=313&amp;EId=1\" rel=\"noopener\">Pasos<\/a><\/div>\n<div dir=\"auto\">&nbsp;<\/div>\n<div dir=\"auto\">&nbsp;<\/div>\n<div dir=\"auto\">&nbsp;<\/div>\n<div dir=\"auto\">&nbsp;<\/div>\n<div dir=\"auto\">&nbsp;<\/div>\n<div dir=\"auto\">&nbsp;<\/div>\n<div dir=\"auto\">Las otras actuaciones ser\u00edan ya en la jornada dominical empezando por el n\u00famero de participaciones, la m\u00e1s numerosa ser\u00eda 2\u00aa Xornada Serie Municipal disputada en Vigo, donde lo m\u00e1s destacado ser\u00edan los nuevos r\u00e9cords del club en las prueba de velocidad. Mateo Gonz\u00e1lez en los 100 mts de la categor\u00eda sub 18 parar\u00eda el crono en los 11.20 reiterando su mejor\u00eda de una manera constante y la otra prueba destacada fueron los 300 mts donde Javier Trillo sub16 har\u00eda lo propio recorriendo esta distancia en un tiempo de 36.91.&nbsp;<\/div>\n<div dir=\"auto\">&nbsp;<\/div>\n<div dir=\"auto\" style=\"text-align: center;\">\n<table style=\"width: 55.0774%; height: 284px;\" width=\"534\">\n<tbody>\n<tr>\n<td style=\"width: 12.7632%;\" width=\"71\">Diz<\/td>\n<td style=\"width: 10.7895%;\" width=\"73\">D\u00edaz<\/td>\n<td style=\"width: 11.7105%;\" width=\"70\">Rub\u00e9n<\/td>\n<td style=\"width: 25.7895%;\" width=\"80\">1.500 mts<\/td>\n<td style=\"width: 15%;\" width=\"80\">M\u00e1ster 40<\/td>\n<td style=\"width: 7.23682%;\" width=\"80\">2\u00ba<\/td>\n<td style=\"width: 14.3421%;\" width=\"80\">04:11.05<\/td>\n<\/tr>\n<tr>\n<td style=\"width: 12.7632%;\"><span style=\"background-color: #ccffff;\">Gonz\u00e1lez<\/span><\/td>\n<td style=\"width: 10.7895%;\"><span style=\"background-color: #ccffff;\">L\u00f3pez<\/span><\/td>\n<td style=\"width: 11.7105%;\"><span style=\"background-color: #ccffff;\">Mateo<\/span><\/td>\n<td style=\"width: 25.7895%;\"><span style=\"background-color: #ccffff;\">100 mts<\/span><\/td>\n<td style=\"width: 15%;\"><span style=\"background-color: #ccffff;\">Sub 18<\/span><\/td>\n<td style=\"width: 7.23682%;\"><span style=\"background-color: #ccffff;\">3\u00ba<\/span><\/td>\n<td style=\"width: 14.3421%;\"><span style=\"background-color: #ccffff;\">00:11.20<\/span><\/td>\n<\/tr>\n<tr>\n<td style=\"width: 12.7632%;\">Losada<\/td>\n<td style=\"width: 10.7895%;\">P\u00e9rez<\/td>\n<td style=\"width: 11.7105%;\">Victorina<\/td>\n<td style=\"width: 25.7895%;\">1.500 mts<\/td>\n<td style=\"width: 15%;\">M\u00e1ster 35<\/td>\n<td style=\"width: 7.23682%;\">2\u00aa<\/td>\n<td style=\"width: 14.3421%;\">05:13.27<\/td>\n<\/tr>\n<tr>\n<td style=\"width: 12.7632%;\">M\u00edguez<\/td>\n<td style=\"width: 10.7895%;\">Seara<\/td>\n<td style=\"width: 11.7105%;\">Mart\u00edn<\/td>\n<td style=\"width: 25.7895%;\">400 mts<\/td>\n<td style=\"width: 15%;\">Sub 20<\/td>\n<td style=\"width: 7.23682%;\">8\u00ba<\/td>\n<td style=\"width: 14.3421%;\">00:54.64<\/td>\n<\/tr>\n<tr>\n<td style=\"width: 12.7632%;\">Revuelta<\/td>\n<td style=\"width: 10.7895%;\">Parra<\/td>\n<td style=\"width: 11.7105%;\">Ana Raquel<\/td>\n<td style=\"width: 25.7895%;\">Lanzamiento Disco 1 Kg<\/td>\n<td style=\"width: 15%;\">Senior<\/td>\n<td style=\"width: 7.23682%;\">2\u00aa<\/td>\n<td style=\"width: 14.3421%;\">31 mts<\/td>\n<\/tr>\n<tr>\n<td style=\"width: 12.7632%;\">Trillo<\/td>\n<td style=\"width: 10.7895%;\">Garc\u00eda<\/td>\n<td style=\"width: 11.7105%;\">Javier<\/td>\n<td style=\"width: 25.7895%;\">100 mts<\/td>\n<td style=\"width: 15%;\">Sub 16<\/td>\n<td style=\"width: 7.23682%;\">7\u00ba<\/td>\n<td style=\"width: 14.3421%;\">0:11:59<\/td>\n<\/tr>\n<tr>\n<td style=\"width: 12.7632%;\"><span style=\"background-color: #ccffff;\">Trillo<\/span><\/td>\n<td style=\"width: 10.7895%;\"><span style=\"background-color: #ccffff;\">Garc\u00eda<\/span><\/td>\n<td style=\"width: 11.7105%;\"><span style=\"background-color: #ccffff;\">Javier<\/span><\/td>\n<td style=\"width: 25.7895%;\"><span style=\"background-color: #ccffff;\">300 mts<\/span><\/td>\n<td style=\"width: 15%;\"><span style=\"background-color: #ccffff;\">Sub 16<\/span><\/td>\n<td style=\"width: 7.23682%;\"><span style=\"background-color: #ccffff;\">1\u00ba<\/span><\/td>\n<td style=\"width: 14.3421%;\"><span style=\"background-color: #ccffff;\">00:36.91<\/span><\/td>\n<\/tr>\n<\/tbody>\n<\/table>\n<\/div>\n<div dir=\"auto\">&nbsp;<\/div>\n<div dir=\"auto\">&nbsp;<\/div>\n<div dir=\"auto\" style=\"text-align: center;\"><a class=\"fasc-button fasc-size-medium fasc-type-glossy fasc-rounded-medium ico-fa fasc-ico-before fa-trophy\" style=\"background-color: #e66903; color: #ffffff;\" target=\"_blank\" href=\"https:\/\/atletismo.gal\/wp-content\/uploads\/2021\/05\/rv130621.pdf\" rel=\"noopener\">Resultados<\/a><\/div>\n<div dir=\"auto\">&nbsp;<\/div>\n<div dir=\"auto\" style=\"text-align: left;\"><img loading=\"lazy\" decoding=\"async\" class=\"alignleft  wp-image-15575\" src=\"https:\/\/clubourenseatletismo.es\/blog\/wp-content\/uploads\/2021\/06\/foto-4.jpg\" alt=\"\" width=\"287\" height=\"367\" srcset=\"http:\/\/clubourenseatletismo.es\/blog\/wp-content\/uploads\/2021\/06\/foto-4.jpg 439w, http:\/\/clubourenseatletismo.es\/blog\/wp-content\/uploads\/2021\/06\/foto-4-234x300.jpg 234w\" sizes=\"auto, (max-width: 287px) 100vw, 287px\" \/>Santiago de Compostela ser\u00eda la sede para la disputa de los Campeonatos Gallegos Absoluto de Milla en ruta y de las categor\u00edas sub 18, sub 20, sub 23 e m\u00e1ster, y de 1km en ruta de las categor\u00edas sub 10, sub 12, sub 14 e sub 16.<\/div>\n<div dir=\"auto\">&nbsp;<\/div>\n<div dir=\"auto\" style=\"text-align: left;\">* <strong>Saturnino Novoa<\/strong> ser\u00eda el absoluto del club que particip\u00f3 logrando completar la prueba en cuarto puesto con un tiempo de 05:34.<\/div>\n<div dir=\"auto\">&nbsp;<\/div>\n<div dir=\"auto\" style=\"text-align: left;\">* <strong>El Mansouri Walid<\/strong>&nbsp; &nbsp;particip\u00f3 en la categor\u00eda sub12&nbsp; haciendo el recorrido de los 1.000 mts en un tiempo de 03:22 y finalizando en segundo puesto.<\/div>\n<div dir=\"auto\">&nbsp;<\/div>\n<div dir=\"auto\">* <strong>Fernando Trapote<\/strong> en la categor\u00eda sub14 acab\u00f3 en octava posici\u00f3n completando la prueba en 03:21.<\/div>\n<div dir=\"auto\">&nbsp;<\/div>\n<div dir=\"auto\">&nbsp;<\/div>\n<div dir=\"auto\" style=\"text-align: center;\"><a class=\"fasc-button fasc-size-medium fasc-type-glossy fasc-rounded-medium ico-fa fasc-ico-before fa-trophy\" style=\"background-color: #e66903; color: #ffffff;\" target=\"_blank\" href=\"https:\/\/atletismo.gal\/wp-content\/uploads\/2021\/05\/rs130601milla.pdf\" rel=\"noopener\">Resultados<\/a><\/div>\n<div dir=\"auto\">&nbsp;<\/div>\n<div dir=\"auto\" style=\"text-align: center;\">&nbsp;<\/div>\n<div dir=\"auto\">&nbsp;<\/div>\n<div dir=\"auto\">&nbsp;<\/div>\n<div dir=\"auto\">&nbsp;<\/div>\n<div dir=\"auto\">&nbsp;<\/div>\n","protected":false},"excerpt":{"rendered":"<p>Comenzamos el repaso de la actualidad atl\u00e9tica de nuestro club con la actuaci\u00f3n de una atleta del club en la jornada del s\u00e1bado. &nbsp; Aurora Gonz\u00e1lez que particip\u00f3 en el Campeonato de Espa\u00f1a de 100km absoluto y m\u00e1ster en Santander (Cantabria), no pudo completar la&#8230;<\/p>\n","protected":false},"author":1,"featured_media":15575,"comment_status":"closed","ping_status":"closed","sticky":false,"template":"","format":"standard","meta":{"footnotes":""},"categories":[1],"tags":[],"class_list":["post-15571","post","type-post","status-publish","format-standard","has-post-thumbnail","hentry","category-sin-categoria"],"aioseo_notices":[],"_links":{"self":[{"href":"http:\/\/clubourenseatletismo.es\/blog\/wp-json\/wp\/v2\/posts\/15571","targetHints":{"allow":["GET"]}}],"collection":[{"href":"http:\/\/clubourenseatletismo.es\/blog\/wp-json\/wp\/v2\/posts"}],"about":[{"href":"http:\/\/clubourenseatletismo.es\/blog\/wp-json\/wp\/v2\/types\/post"}],"author":[{"embeddable":true,"href":"http:\/\/clubourenseatletismo.es\/blog\/wp-json\/wp\/v2\/users\/1"}],"replies":[{"embeddable":true,"href":"http:\/\/clubourenseatletismo.es\/blog\/wp-json\/wp\/v2\/comments?post=15571"}],"version-history":[{"count":2,"href":"http:\/\/clubourenseatletismo.es\/blog\/wp-json\/wp\/v2\/posts\/15571\/revisions"}],"predecessor-version":[{"id":15576,"href":"http:\/\/clubourenseatletismo.es\/blog\/wp-json\/wp\/v2\/posts\/15571\/revisions\/15576"}],"wp:featuredmedia":[{"embeddable":true,"href":"http:\/\/clubourenseatletismo.es\/blog\/wp-json\/wp\/v2\/media\/15575"}],"wp:attachment":[{"href":"http:\/\/clubourenseatletismo.es\/blog\/wp-json\/wp\/v2\/media?parent=15571"}],"wp:term":[{"taxonomy":"category","embeddable":true,"href":"http:\/\/clubourenseatletismo.es\/blog\/wp-json\/wp\/v2\/categories?post=15571"},{"taxonomy":"post_tag","embeddable":true,"href":"http:\/\/clubourenseatletismo.es\/blog\/wp-json\/wp\/v2\/tags?post=15571"}],"curies":[{"name":"wp","href":"https:\/\/api.w.org\/{rel}","templated":true}]}}