{"id":15552,"date":"2021-06-12T19:48:11","date_gmt":"2021-06-12T17:48:11","guid":{"rendered":"https:\/\/clubourenseatletismo.es\/blog\/?p=15552"},"modified":"2021-06-12T19:48:11","modified_gmt":"2021-06-12T17:48:11","slug":"resultados-3a-jornada-copa-diputacion","status":"publish","type":"post","link":"http:\/\/clubourenseatletismo.es\/blog\/2021\/06\/12\/resultados-3a-jornada-copa-diputacion\/","title":{"rendered":"Resultados  3\u00aa Jornada Copa Diputaci\u00f3n."},"content":{"rendered":"<div class=\"gmail_default\"><img loading=\"lazy\" decoding=\"async\" class=\" wp-image-15553 aligncenter\" src=\"https:\/\/clubourenseatletismo.es\/blog\/wp-content\/uploads\/2021\/06\/IMG_20210611_212955-1024x768.jpg\" alt=\"\" width=\"859\" height=\"644\" srcset=\"http:\/\/clubourenseatletismo.es\/blog\/wp-content\/uploads\/2021\/06\/IMG_20210611_212955-1024x768.jpg 1024w, http:\/\/clubourenseatletismo.es\/blog\/wp-content\/uploads\/2021\/06\/IMG_20210611_212955-300x225.jpg 300w, http:\/\/clubourenseatletismo.es\/blog\/wp-content\/uploads\/2021\/06\/IMG_20210611_212955-768x576.jpg 768w, http:\/\/clubourenseatletismo.es\/blog\/wp-content\/uploads\/2021\/06\/IMG_20210611_212955-1536x1152.jpg 1536w, http:\/\/clubourenseatletismo.es\/blog\/wp-content\/uploads\/2021\/06\/IMG_20210611_212955-2048x1536.jpg 2048w, http:\/\/clubourenseatletismo.es\/blog\/wp-content\/uploads\/2021\/06\/IMG_20210611_212955-800x600.jpg 800w, http:\/\/clubourenseatletismo.es\/blog\/wp-content\/uploads\/2021\/06\/IMG_20210611_212955-700x525.jpg 700w\" sizes=\"auto, (max-width: 859px) 100vw, 859px\" \/><\/div>\n<div>&nbsp;<\/div>\n<div class=\"gmail_default\">Durante los pr\u00f3ximos viernes de los meses de junio y julio se van a celebrar varias jornadas de atletismo integradas todas en la XXXVIII Copa Diputaci\u00f3n.&nbsp;<\/div>\n<div class=\"gmail_default\">&nbsp;<\/div>\n<div class=\"gmail_default\" style=\"text-align: center;\">&#8211; 2021-06-11 3 Jornada de la XXXVIII Copa Deputaci\u00f3n &#8211; Pistas Josefina Salgado.<br \/>\n&#8211; 2021-06-18 4 Jornada de la XXXVIII Copa Deputaci\u00f3n &#8211; Pistas Josefina Salgado.<br \/>\n&#8211; 2021-06-25 5 Jornada de la XXXVIII Copa Deputaci\u00f3n &#8211; Pistas Josefina Salgado.<br \/>\n&#8211; 2021-07-10 6 Jornada de la XXXVIII Copa Deputaci\u00f3n &#8211; Pistas Josefina Salgado.<\/div>\n<div>&nbsp;<\/div>\n<div>En esta ocasi\u00f3n el pasado d\u00eda 11 se celebr\u00f3 la primera de estas jornadas y esta ocasi\u00f3n ser\u00eda aprovechada por multitud de atletas ocasionando que en alguna prueba se llenara el l\u00edmite m\u00e1ximo de participantes. No es para menos ya que est\u00e1n cercanos los campeonatos gallegos individuales de las diferentes categor\u00edas y las marcas tan necesarias para poder participar no son f\u00e1ciles de conseguir.&nbsp;<\/div>\n<div>&nbsp;<\/div>\n<div>&nbsp;<\/div>\n<div>En particular y ya centr\u00e1ndonos en los resultados de nuestros atletas dos de los presentes destacar\u00edan especialmente; <strong>V\u00edctor L\u00f3pez<\/strong> atleta sub14 en la prueba del Triple Salto que con un salto de 10.20 se aupaba a la segunda posici\u00f3n en la clasificaci\u00f3n de la prueba y establec\u00eda un nuevo r\u00e9cord del club en su categor\u00eda.&nbsp;<\/div>\n<div>El otro atleta que destac\u00f3 ser\u00eda <strong>Mateo Gonz\u00e1lez<\/strong> sub18 en la prueba de los 100 mts ser\u00eda el m\u00e1s veloz y con un registro de 11.27 mejoraba su marca y tambi\u00e9n era r\u00e9cord del club en su categor\u00eda.&nbsp;<\/div>\n<div>&nbsp;<\/div>\n<div>&nbsp;<\/div>\n<div>&nbsp;<\/div>\n<div style=\"text-align: center;\"><a class=\"fasc-button fasc-size-medium fasc-type-glossy fasc-rounded-medium ico-fa fasc-ico-before fa-trophy\" style=\"background-color: #e66903; color: #ffffff;\" target=\"_blank\" rel=\"noopener\" href=\"https:\/\/atletismo.gal\/wp-content\/uploads\/2021\/06\/ro110621.pdf\">Resultados<\/a><\/div>\n","protected":false},"excerpt":{"rendered":"<p>&nbsp; Durante los pr\u00f3ximos viernes de los meses de junio y julio se van a celebrar varias jornadas de atletismo integradas todas en la XXXVIII Copa Diputaci\u00f3n.&nbsp; &nbsp; &#8211; 2021-06-11 3 Jornada de la XXXVIII Copa Deputaci\u00f3n &#8211; Pistas Josefina Salgado. &#8211; 2021-06-18 4 Jornada&#8230;<\/p>\n","protected":false},"author":1,"featured_media":15553,"comment_status":"closed","ping_status":"closed","sticky":false,"template":"","format":"standard","meta":{"footnotes":""},"categories":[9],"tags":[],"class_list":["post-15552","post","type-post","status-publish","format-standard","has-post-thumbnail","hentry","category-resultados"],"aioseo_notices":[],"_links":{"self":[{"href":"http:\/\/clubourenseatletismo.es\/blog\/wp-json\/wp\/v2\/posts\/15552","targetHints":{"allow":["GET"]}}],"collection":[{"href":"http:\/\/clubourenseatletismo.es\/blog\/wp-json\/wp\/v2\/posts"}],"about":[{"href":"http:\/\/clubourenseatletismo.es\/blog\/wp-json\/wp\/v2\/types\/post"}],"author":[{"embeddable":true,"href":"http:\/\/clubourenseatletismo.es\/blog\/wp-json\/wp\/v2\/users\/1"}],"replies":[{"embeddable":true,"href":"http:\/\/clubourenseatletismo.es\/blog\/wp-json\/wp\/v2\/comments?post=15552"}],"version-history":[{"count":2,"href":"http:\/\/clubourenseatletismo.es\/blog\/wp-json\/wp\/v2\/posts\/15552\/revisions"}],"predecessor-version":[{"id":15555,"href":"http:\/\/clubourenseatletismo.es\/blog\/wp-json\/wp\/v2\/posts\/15552\/revisions\/15555"}],"wp:featuredmedia":[{"embeddable":true,"href":"http:\/\/clubourenseatletismo.es\/blog\/wp-json\/wp\/v2\/media\/15553"}],"wp:attachment":[{"href":"http:\/\/clubourenseatletismo.es\/blog\/wp-json\/wp\/v2\/media?parent=15552"}],"wp:term":[{"taxonomy":"category","embeddable":true,"href":"http:\/\/clubourenseatletismo.es\/blog\/wp-json\/wp\/v2\/categories?post=15552"},{"taxonomy":"post_tag","embeddable":true,"href":"http:\/\/clubourenseatletismo.es\/blog\/wp-json\/wp\/v2\/tags?post=15552"}],"curies":[{"name":"wp","href":"https:\/\/api.w.org\/{rel}","templated":true}]}}