{"id":15541,"date":"2021-06-15T09:51:58","date_gmt":"2021-06-15T07:51:58","guid":{"rendered":"https:\/\/clubourenseatletismo.es\/blog\/?p=15541"},"modified":"2021-06-18T16:09:09","modified_gmt":"2021-06-18T14:09:09","slug":"xiv-campeonato-xunta-de-galicia-sub10-y-sub-12-aire-libre","status":"publish","type":"post","link":"http:\/\/clubourenseatletismo.es\/blog\/2021\/06\/15\/xiv-campeonato-xunta-de-galicia-sub10-y-sub-12-aire-libre\/","title":{"rendered":"XIV Campeonato Xunta de Galicia Sub10 y Sub 12 Aire Libre."},"content":{"rendered":"<p><img loading=\"lazy\" decoding=\"async\" class=\"alignleft  wp-image-15593\" src=\"https:\/\/clubourenseatletismo.es\/blog\/wp-content\/uploads\/2021\/06\/Sub10-e-Sub12-individual-Noia.jpg\" alt=\"\" width=\"413\" height=\"551\" srcset=\"http:\/\/clubourenseatletismo.es\/blog\/wp-content\/uploads\/2021\/06\/Sub10-e-Sub12-individual-Noia.jpg 720w, http:\/\/clubourenseatletismo.es\/blog\/wp-content\/uploads\/2021\/06\/Sub10-e-Sub12-individual-Noia-225x300.jpg 225w, http:\/\/clubourenseatletismo.es\/blog\/wp-content\/uploads\/2021\/06\/Sub10-e-Sub12-individual-Noia-600x800.jpg 600w, http:\/\/clubourenseatletismo.es\/blog\/wp-content\/uploads\/2021\/06\/Sub10-e-Sub12-individual-Noia-700x933.jpg 700w\" sizes=\"auto, (max-width: 413px) 100vw, 413px\" \/>As inscrici\u00f3ns realizaranse&nbsp;ata as 20:00 horas do martes 15 de xu\u00f1o do 2021.<\/p>\n<p>Limitaci\u00f3n na inscrici\u00f3n: Cada atleta poder\u00e1 realizar nun m\u00e1ximo de 2 probas (no caso de ser carreiras s\u00f3 unha poder\u00e1 ser superior a 100).<\/p>\n<p>SA\u00cdDA A PISTA TRAS A PRESENTACI\u00d3N EN C\u00c1MARA DE CHAMADAS<br \/>\nCarreiras: 7 min antes da hora oficial da proba<br \/>\nConcursos 20 min antes da hora oficial da proba<br \/>\nEntrada en C\u00e1mara de chamadas: ata cinco minutos antes da sa\u00edda oficial a pista.<\/p>\n<p>&#8211; A participaci\u00f3n estar\u00e1 limitada<br \/>\nProbas&nbsp; &nbsp; &nbsp; &nbsp; &nbsp; &nbsp; &nbsp; &nbsp; &nbsp; &nbsp; &nbsp; &nbsp; &nbsp; &nbsp;Homes&nbsp; &nbsp; &nbsp; &nbsp; &nbsp; &nbsp; &nbsp; &nbsp; &nbsp; &nbsp; &nbsp; Mulleres<br \/>\nConcursos&nbsp; &nbsp; &nbsp; &nbsp; &nbsp; &nbsp; &nbsp; &nbsp; &nbsp; &nbsp; &nbsp; &nbsp;16&nbsp; &nbsp; &nbsp; &nbsp; &nbsp; &nbsp; &nbsp; &nbsp; &nbsp; &nbsp; &nbsp; &nbsp; &nbsp; &nbsp; &nbsp; &nbsp; &nbsp; 16<br \/>\n50\/60&nbsp; &nbsp; &nbsp; &nbsp; &nbsp; &nbsp; &nbsp; &nbsp; &nbsp; &nbsp; &nbsp; &nbsp; &nbsp; &nbsp; &nbsp; &nbsp;30&nbsp; &nbsp; &nbsp; &nbsp; &nbsp; &nbsp; &nbsp; &nbsp; &nbsp; &nbsp; &nbsp; &nbsp; &nbsp; &nbsp; &nbsp; &nbsp; &nbsp;30<br \/>\n500&nbsp; &nbsp; &nbsp; &nbsp; &nbsp; &nbsp; &nbsp; &nbsp; &nbsp; &nbsp; &nbsp; &nbsp; &nbsp; &nbsp; &nbsp; &nbsp; &nbsp; &nbsp;30&nbsp; &nbsp; &nbsp; &nbsp; &nbsp; &nbsp; &nbsp; &nbsp; &nbsp; &nbsp; &nbsp; &nbsp; &nbsp; &nbsp; &nbsp; &nbsp; &nbsp;30<br \/>\n1000&nbsp; &nbsp; &nbsp; &nbsp; &nbsp; &nbsp; &nbsp; &nbsp; &nbsp; &nbsp; &nbsp; &nbsp; &nbsp; &nbsp; &nbsp; &nbsp; &nbsp;32&nbsp; &nbsp; &nbsp; &nbsp; &nbsp; &nbsp; &nbsp; &nbsp; &nbsp; &nbsp; &nbsp; &nbsp; &nbsp; &nbsp; &nbsp; &nbsp; &nbsp;32<br \/>\nMarcha&nbsp; &nbsp; &nbsp; &nbsp; &nbsp; &nbsp; &nbsp; &nbsp; &nbsp; &nbsp; &nbsp; &nbsp; &nbsp; &nbsp; 16&nbsp; &nbsp; &nbsp; &nbsp; &nbsp; &nbsp; &nbsp; &nbsp; &nbsp; &nbsp; &nbsp; &nbsp; &nbsp; &nbsp; &nbsp; &nbsp; &nbsp; 16<\/p>\n<p>No caso de coincidir a mesma marca para clasificarse, admitirase aquela marca con m\u00e1is antig\u00fcidade.&nbsp; &nbsp;Valer\u00e1n marcas feitas dende o 1 de xaneiro de 2020.<\/p>\n<p>&nbsp;<\/p>\n<p style=\"text-align: center;\"><a class=\"fasc-button fasc-size-medium fasc-type-glossy fasc-rounded-medium fasc-ico-before dashicons-format-aside\" style=\"background-color: #218562; color: #ffffff;\" target=\"_blank\" rel=\"noopener\" href=\"https:\/\/atletismo.gal\/wp-content\/uploads\/2021\/06\/Circular-71-2021.pdf\">Reglamento&nbsp;<\/a>&nbsp; &nbsp;&nbsp;<a class=\"fasc-button fasc-size-medium fasc-type-glossy fasc-rounded-medium fasc-ico-before dashicons-groups\" style=\"background-color: #324994; color: #ffffff;\" target=\"_blank\" rel=\"noopener\" href=\"https:\/\/atletismo.gal\/wp-content\/uploads\/2021\/03\/insnoia200621.pdf\">Inscritos<\/a><\/p>\n<p>&nbsp;<\/p>\n","protected":false},"excerpt":{"rendered":"<p>As inscrici\u00f3ns realizaranse&nbsp;ata as 20:00 horas do martes 15 de xu\u00f1o do 2021. Limitaci\u00f3n na inscrici\u00f3n: Cada atleta poder\u00e1 realizar nun m\u00e1ximo de 2 probas (no caso de ser carreiras s\u00f3 unha poder\u00e1 ser superior a 100). SA\u00cdDA A PISTA TRAS A PRESENTACI\u00d3N EN C\u00c1MARA&#8230;<\/p>\n","protected":false},"author":1,"featured_media":15593,"comment_status":"closed","ping_status":"closed","sticky":false,"template":"","format":"standard","meta":{"footnotes":""},"categories":[33],"tags":[],"class_list":["post-15541","post","type-post","status-publish","format-standard","has-post-thumbnail","hentry","category-competiciones-2"],"aioseo_notices":[],"_links":{"self":[{"href":"http:\/\/clubourenseatletismo.es\/blog\/wp-json\/wp\/v2\/posts\/15541","targetHints":{"allow":["GET"]}}],"collection":[{"href":"http:\/\/clubourenseatletismo.es\/blog\/wp-json\/wp\/v2\/posts"}],"about":[{"href":"http:\/\/clubourenseatletismo.es\/blog\/wp-json\/wp\/v2\/types\/post"}],"author":[{"embeddable":true,"href":"http:\/\/clubourenseatletismo.es\/blog\/wp-json\/wp\/v2\/users\/1"}],"replies":[{"embeddable":true,"href":"http:\/\/clubourenseatletismo.es\/blog\/wp-json\/wp\/v2\/comments?post=15541"}],"version-history":[{"count":4,"href":"http:\/\/clubourenseatletismo.es\/blog\/wp-json\/wp\/v2\/posts\/15541\/revisions"}],"predecessor-version":[{"id":15594,"href":"http:\/\/clubourenseatletismo.es\/blog\/wp-json\/wp\/v2\/posts\/15541\/revisions\/15594"}],"wp:featuredmedia":[{"embeddable":true,"href":"http:\/\/clubourenseatletismo.es\/blog\/wp-json\/wp\/v2\/media\/15593"}],"wp:attachment":[{"href":"http:\/\/clubourenseatletismo.es\/blog\/wp-json\/wp\/v2\/media?parent=15541"}],"wp:term":[{"taxonomy":"category","embeddable":true,"href":"http:\/\/clubourenseatletismo.es\/blog\/wp-json\/wp\/v2\/categories?post=15541"},{"taxonomy":"post_tag","embeddable":true,"href":"http:\/\/clubourenseatletismo.es\/blog\/wp-json\/wp\/v2\/tags?post=15541"}],"curies":[{"name":"wp","href":"https:\/\/api.w.org\/{rel}","templated":true}]}}