{"id":15539,"date":"2021-06-16T14:14:15","date_gmt":"2021-06-16T12:14:15","guid":{"rendered":"https:\/\/clubourenseatletismo.es\/blog\/?p=15539"},"modified":"2021-06-17T16:33:52","modified_gmt":"2021-06-17T14:33:52","slug":"campeonatos-y-control-en-pontevedra","status":"publish","type":"post","link":"http:\/\/clubourenseatletismo.es\/blog\/2021\/06\/16\/campeonatos-y-control-en-pontevedra\/","title":{"rendered":"Campeonatos y Control en Pontevedra."},"content":{"rendered":"<p class=\"entry-title\"><img loading=\"lazy\" decoding=\"async\" class=\"alignleft wp-image-15583\" src=\"https:\/\/clubourenseatletismo.es\/blog\/wp-content\/uploads\/2021\/06\/sub20-pontevedra-1.jpg\" alt=\"\" width=\"308\" height=\"411\" srcset=\"http:\/\/clubourenseatletismo.es\/blog\/wp-content\/uploads\/2021\/06\/sub20-pontevedra-1.jpg 720w, http:\/\/clubourenseatletismo.es\/blog\/wp-content\/uploads\/2021\/06\/sub20-pontevedra-1-225x300.jpg 225w, http:\/\/clubourenseatletismo.es\/blog\/wp-content\/uploads\/2021\/06\/sub20-pontevedra-1-600x800.jpg 600w, http:\/\/clubourenseatletismo.es\/blog\/wp-content\/uploads\/2021\/06\/sub20-pontevedra-1-700x933.jpg 700w\" sizes=\"auto, (max-width: 308px) 100vw, 308px\" \/>A Federaci\u00f3n Galega de Atletismo organiza o Campionato Xunta de Galicia Sub 20 Aire Libre o 19 de xu\u00f1o, o Campionato Xunta de Galicia de Probas Combinadas os d\u00edas 19 e 20 de xu\u00f1o nas pistas de atletismo do CGTD en Pontevedra. De forma conxunta o d\u00eda 20 celebrarase o Control FGA 20\/06\/2021.<\/p>\n<p>Participaci\u00f3n Sub 20:&nbsp; &nbsp; &nbsp; &nbsp; &nbsp; &nbsp; &nbsp; &nbsp; &nbsp; &nbsp; &nbsp; &nbsp; &nbsp; &nbsp; &nbsp; &nbsp; &nbsp; &nbsp; &nbsp; &nbsp; &nbsp; &nbsp; &nbsp;Valer\u00e1n marcas feitas dende o 1 de novembro de 2020.<br \/>\nParticipaci\u00f3n Combinadas Sub 20:&nbsp; &nbsp; &nbsp; &nbsp; &nbsp; &nbsp; &nbsp; &nbsp; &nbsp; &nbsp; &nbsp;Valer\u00e1n marcas feitas dende o 1 de xaneiro de 2020.<\/p>\n<p>A selecci\u00f3n dos\/as atletas participantes farase entre aqueles\/as que te\u00f1an unha mellor marca nas probas combinadas, ou que a suma dos puntos das probas individuais que compo\u00f1an a s\u00faa combinada, sexa m\u00e1is alta restrici\u00f3ns de participaci\u00f3n do Protocolo FISICOVID \u2013 DXT Galego.<\/p>\n<p>Lim\u00edtanse as prazas a:<\/p>\n<p>\u2022 8 prazas<\/p>\n<p>As inscrici\u00f3ns realizaranse ata as 20:00 horas do martes 15 de xu\u00f1o do 2021.<\/p>\n<p>&nbsp;<\/p>\n<p style=\"text-align: center;\"><a class=\"fasc-button fasc-size-medium fasc-type-flat\" style=\"background-color: #33809e; color: #ffffff;\" href=\"https:\/\/atletismo.gal\/wp-content\/uploads\/2021\/06\/Circular-70-2021.2.pdf\">Reglamento&nbsp;<\/a>&nbsp; <a class=\"fasc-button fasc-size-medium fasc-type-glossy fasc-rounded-medium fasc-ico-before dashicons-groups\" style=\"background-color: #324994; color: #ffffff;\" target=\"_blank\" href=\"https:\/\/atletismo.gal\/wp-content\/uploads\/2021\/03\/INSSUB20.pdf\" rel=\"noopener\">Inscritos Campeonato<\/a>&nbsp;&nbsp;<a class=\"fasc-button fasc-size-medium fasc-type-glossy fasc-rounded-medium fasc-ico-before dashicons-groups\" style=\"background-color: #324994; color: #ffffff;\" target=\"_blank\" href=\"https:\/\/atletismo.gal\/wp-content\/uploads\/2021\/06\/INSCOMBSUB20.pdf\" rel=\"noopener\">Inscritos Combinadas <\/a><\/p>\n<p>Conxuntamente co campionato programarase un <strong>control de marcas<\/strong> o domingo 20. <strong>A cuota de inscrici\u00f3n ser\u00e1 de 4 euros<\/strong> e admitiranse as mellores marcas feitas dende o 1 de xaneiro de 2020 tanto no aire libre como en pista cuberta. Nas probas programadas para sub 16 e sub 18 ter\u00e1n preferencias estas categor\u00edas, pod\u00e9ndose aceptar atletas de outras categor\u00edas. Na altura aceptaranse 16 atletas de cada sexo e na lonxitude un m\u00ednimo de 12. (adecuarase o n\u00famero o programa de probas) Haber\u00e1 3 intentos para todos os participantes e 3 mais para os 8 mellores.<\/p>\n<p>&nbsp;<\/p>\n<p style=\"text-align: center;\"><a class=\"fasc-button fasc-size-medium fasc-type-glossy fasc-rounded-medium fasc-ico-before dashicons-format-aside\" style=\"background-color: #218562; color: #ffffff;\" target=\"_blank\" href=\"https:\/\/atletismo.gal\/wp-content\/uploads\/2021\/06\/INSCONTROL200621-1.pdf\" rel=\"noopener\">Inscritos Control&nbsp;<\/a>&nbsp;<\/p>\n<p>&nbsp;<\/p>\n<p>&nbsp;<\/p>\n","protected":false},"excerpt":{"rendered":"<p>A Federaci\u00f3n Galega de Atletismo organiza o Campionato Xunta de Galicia Sub 20 Aire Libre o 19 de xu\u00f1o, o Campionato Xunta de Galicia de Probas Combinadas os d\u00edas 19 e 20 de xu\u00f1o nas pistas de atletismo do CGTD en Pontevedra. De forma conxunta&#8230;<\/p>\n","protected":false},"author":1,"featured_media":15583,"comment_status":"closed","ping_status":"closed","sticky":false,"template":"","format":"standard","meta":{"footnotes":""},"categories":[33],"tags":[],"class_list":["post-15539","post","type-post","status-publish","format-standard","has-post-thumbnail","hentry","category-competiciones-2"],"aioseo_notices":[],"_links":{"self":[{"href":"http:\/\/clubourenseatletismo.es\/blog\/wp-json\/wp\/v2\/posts\/15539","targetHints":{"allow":["GET"]}}],"collection":[{"href":"http:\/\/clubourenseatletismo.es\/blog\/wp-json\/wp\/v2\/posts"}],"about":[{"href":"http:\/\/clubourenseatletismo.es\/blog\/wp-json\/wp\/v2\/types\/post"}],"author":[{"embeddable":true,"href":"http:\/\/clubourenseatletismo.es\/blog\/wp-json\/wp\/v2\/users\/1"}],"replies":[{"embeddable":true,"href":"http:\/\/clubourenseatletismo.es\/blog\/wp-json\/wp\/v2\/comments?post=15539"}],"version-history":[{"count":4,"href":"http:\/\/clubourenseatletismo.es\/blog\/wp-json\/wp\/v2\/posts\/15539\/revisions"}],"predecessor-version":[{"id":15588,"href":"http:\/\/clubourenseatletismo.es\/blog\/wp-json\/wp\/v2\/posts\/15539\/revisions\/15588"}],"wp:featuredmedia":[{"embeddable":true,"href":"http:\/\/clubourenseatletismo.es\/blog\/wp-json\/wp\/v2\/media\/15583"}],"wp:attachment":[{"href":"http:\/\/clubourenseatletismo.es\/blog\/wp-json\/wp\/v2\/media?parent=15539"}],"wp:term":[{"taxonomy":"category","embeddable":true,"href":"http:\/\/clubourenseatletismo.es\/blog\/wp-json\/wp\/v2\/categories?post=15539"},{"taxonomy":"post_tag","embeddable":true,"href":"http:\/\/clubourenseatletismo.es\/blog\/wp-json\/wp\/v2\/tags?post=15539"}],"curies":[{"name":"wp","href":"https:\/\/api.w.org\/{rel}","templated":true}]}}