{"id":15502,"date":"2021-06-07T16:31:35","date_gmt":"2021-06-07T14:31:35","guid":{"rendered":"https:\/\/clubourenseatletismo.es\/blog\/?p=15502"},"modified":"2021-06-07T16:31:35","modified_gmt":"2021-06-07T14:31:35","slug":"los-sub14-del-o-a-subcampeones-gallegos-de-clubs","status":"publish","type":"post","link":"http:\/\/clubourenseatletismo.es\/blog\/2021\/06\/07\/los-sub14-del-o-a-subcampeones-gallegos-de-clubs\/","title":{"rendered":"Los Sub14 del O.A. Subcampeones Gallegos de Clubs."},"content":{"rendered":"<p class=\"entry-title\" style=\"text-align: left;\"><img loading=\"lazy\" decoding=\"async\" class=\"size-large wp-image-15505 aligncenter\" src=\"https:\/\/clubourenseatletismo.es\/blog\/wp-content\/uploads\/2021\/06\/1623074690400-1024x768.jpg\" alt=\"\" width=\"1024\" height=\"768\" srcset=\"http:\/\/clubourenseatletismo.es\/blog\/wp-content\/uploads\/2021\/06\/1623074690400-1024x768.jpg 1024w, http:\/\/clubourenseatletismo.es\/blog\/wp-content\/uploads\/2021\/06\/1623074690400-300x225.jpg 300w, http:\/\/clubourenseatletismo.es\/blog\/wp-content\/uploads\/2021\/06\/1623074690400-768x576.jpg 768w, http:\/\/clubourenseatletismo.es\/blog\/wp-content\/uploads\/2021\/06\/1623074690400-1536x1152.jpg 1536w, http:\/\/clubourenseatletismo.es\/blog\/wp-content\/uploads\/2021\/06\/1623074690400-800x600.jpg 800w, http:\/\/clubourenseatletismo.es\/blog\/wp-content\/uploads\/2021\/06\/1623074690400-700x525.jpg 700w, http:\/\/clubourenseatletismo.es\/blog\/wp-content\/uploads\/2021\/06\/1623074690400.jpg 1600w\" sizes=\"auto, (max-width: 1024px) 100vw, 1024px\" \/><\/p>\n<p class=\"entry-title\" style=\"text-align: left;\">La pista barquense de atletismo de Calabagueiros tendr\u00eda este domingo un papel destacado por las competiciones que en ella se desarrollaron, una de ellas ser\u00eda la disputa del IX Campionato Xunta de Galicia de Clubs Sub14. En esta competici\u00f3n nuestro club estuvo representado por los dos equipos con los que fue posible acudir. En la jornada matinal el turno era los chicos que tuvieron que contentarse con un gran segundo puesto, proclam\u00e1ndose subcampeones de Galicia luego de estar luchando por el primer puesto toda la competici\u00f3n alternando el liderato en la clasificaci\u00f3n por puntos con el equipo local el Adas.<\/p>\n<p>Las actuaciones de nuestros chicos fueron:<\/p>\n<p>&nbsp;<\/p>\n<table class=\" aligncenter\" style=\"width: 53.3016%; height: 488px;\" width=\"603\">\n<tbody>\n<tr>\n<td style=\"width: 8.81321%;\" width=\"71\">Blanco<\/td>\n<td style=\"width: 11.3984%;\" width=\"62\">Lorenzo<\/td>\n<td style=\"width: 11.8683%;\" width=\"87\">Fernando V.<\/td>\n<td style=\"width: 26.557%;\" width=\"172\">Salto con P\u00e9rtiga<\/td>\n<td style=\"width: 6.46295%;\" width=\"51\">4\u00ba<\/td>\n<td style=\"width: 11.3984%;\" width=\"80\">1.60 mts<\/td>\n<td style=\"width: 7.28554%;\" width=\"80\">&nbsp;<\/td>\n<\/tr>\n<tr>\n<td style=\"width: 8.81321%;\">Eirin<\/td>\n<td style=\"width: 11.3984%;\">Gonz\u00e1lez<\/td>\n<td style=\"width: 11.8683%;\">Manuel<\/td>\n<td style=\"width: 26.557%;\">Lanzamiento Peso 3 Kg<\/td>\n<td style=\"width: 6.46295%;\">5\u00ba<\/td>\n<td style=\"width: 11.3984%;\">7.93 mts<\/td>\n<td style=\"width: 7.28554%;\">&nbsp;<\/td>\n<\/tr>\n<tr>\n<td style=\"width: 8.81321%;\">Eirin<\/td>\n<td style=\"width: 11.3984%;\">Gonz\u00e1lez<\/td>\n<td style=\"width: 11.8683%;\">Manuel<\/td>\n<td style=\"width: 26.557%;\">Lanzamiento Martillo 2 Kg<\/td>\n<td style=\"width: 6.46295%;\">5\u00ba<\/td>\n<td style=\"width: 11.3984%;\">22.89 mts<\/td>\n<td style=\"width: 7.28554%;\">&nbsp;<\/td>\n<\/tr>\n<tr>\n<td style=\"width: 8.81321%;\">G\u00f3mez<\/td>\n<td style=\"width: 11.3984%;\">Gonz\u00e1lez<\/td>\n<td style=\"width: 11.8683%;\">Mauro<\/td>\n<td style=\"width: 26.557%;\">Lanzamiento Disco 800 grs<\/td>\n<td style=\"width: 6.46295%;\">2\u00ba<\/td>\n<td style=\"width: 11.3984%;\">23.19 mts<\/td>\n<td style=\"width: 7.28554%;\">&nbsp;<\/td>\n<\/tr>\n<tr>\n<td style=\"width: 8.81321%;\">G\u00f3mez<\/td>\n<td style=\"width: 11.3984%;\">Gonz\u00e1lez<\/td>\n<td style=\"width: 11.8683%;\">Mauro<\/td>\n<td style=\"width: 26.557%;\">Lanzamiento Jabalina 500 grs<\/td>\n<td style=\"width: 6.46295%;\">6\u00ba<\/td>\n<td style=\"width: 11.3984%;\">16.98 mts<\/td>\n<td style=\"width: 7.28554%;\">&nbsp;<\/td>\n<\/tr>\n<tr>\n<td style=\"width: 8.81321%;\">Gonz\u00e1lez<\/td>\n<td style=\"width: 11.3984%;\">Gonz\u00e1lez<\/td>\n<td style=\"width: 11.8683%;\">Alejandro<\/td>\n<td style=\"width: 26.557%;\">2.000 mts<\/td>\n<td style=\"width: 6.46295%;\">3\u00ba<\/td>\n<td style=\"width: 11.3984%;\">07:36.60<\/td>\n<td style=\"width: 7.28554%;\">&nbsp;<\/td>\n<\/tr>\n<tr>\n<td style=\"width: 8.81321%;\">Gonz\u00e1lez<\/td>\n<td style=\"width: 11.3984%;\">Mart\u00ednez<\/td>\n<td style=\"width: 11.8683%;\">Ad\u00e1n<\/td>\n<td style=\"width: 26.557%;\">150 mts<\/td>\n<td style=\"width: 6.46295%;\">3\u00ba<\/td>\n<td style=\"width: 11.3984%;\">00:20.03<\/td>\n<td style=\"width: 7.28554%;\">&nbsp;<\/td>\n<\/tr>\n<tr>\n<td style=\"width: 8.81321%;\">Gonz\u00e1lez<\/td>\n<td style=\"width: 11.3984%;\">Mart\u00ednez<\/td>\n<td style=\"width: 11.8683%;\">Ad\u00e1n<\/td>\n<td style=\"width: 26.557%;\">Triple Salto<\/td>\n<td style=\"width: 6.46295%;\">5\u00ba<\/td>\n<td style=\"width: 11.3984%;\">8.94 mts<\/td>\n<td style=\"width: 7.28554%;\">&nbsp;<\/td>\n<\/tr>\n<tr>\n<td style=\"width: 8.81321%;\">L\u00f3pez<\/td>\n<td style=\"width: 11.3984%;\">De Miguel<\/td>\n<td style=\"width: 11.8683%;\">V\u00edctor<\/td>\n<td style=\"width: 26.557%;\">80 m vallas (0,838 m)<\/td>\n<td style=\"width: 6.46295%;\">2\u00ba<\/td>\n<td style=\"width: 11.3984%;\">00:14.36<\/td>\n<td style=\"width: 7.28554%;\">&nbsp;<\/td>\n<\/tr>\n<tr>\n<td style=\"width: 8.81321%;\">L\u00f3pez<\/td>\n<td style=\"width: 11.3984%;\">De Miguel<\/td>\n<td style=\"width: 11.8683%;\">V\u00edctor<\/td>\n<td style=\"width: 26.557%;\">220 m vallas (0,762 m)<\/td>\n<td style=\"width: 6.46295%;\">3\u00ba<\/td>\n<td style=\"width: 11.3984%;\">00:35.36<\/td>\n<td style=\"width: 7.28554%;\">&nbsp;<\/td>\n<\/tr>\n<tr>\n<td style=\"width: 8.81321%;\">L\u00f3pez<\/td>\n<td style=\"width: 11.3984%;\">Fern\u00e1ndez<\/td>\n<td style=\"width: 11.8683%;\">Yago<\/td>\n<td style=\"width: 26.557%;\">500 mts<\/td>\n<td style=\"width: 6.46295%;\">7\u00ba<\/td>\n<td style=\"width: 11.3984%;\">01:32.76<\/td>\n<td style=\"width: 7.28554%;\">&nbsp;<\/td>\n<\/tr>\n<tr>\n<td style=\"width: 8.81321%;\">Murga<\/td>\n<td style=\"width: 11.3984%;\">Gonz\u00e1lez<\/td>\n<td style=\"width: 11.8683%;\">Alexandre<\/td>\n<td style=\"width: 26.557%;\">Salto de Altura<\/td>\n<td style=\"width: 6.46295%;\">3\u00ba<\/td>\n<td style=\"width: 11.3984%;\">1.44 mts<\/td>\n<td style=\"width: 7.28554%;\">&nbsp;<\/td>\n<\/tr>\n<tr>\n<td style=\"width: 8.81321%;\">Murga<\/td>\n<td style=\"width: 11.3984%;\">Gonz\u00e1lez<\/td>\n<td style=\"width: 11.8683%;\">Alexandre<\/td>\n<td style=\"width: 26.557%;\">Salto de Longitud<\/td>\n<td style=\"width: 6.46295%;\">8\u00ba<\/td>\n<td style=\"width: 11.3984%;\">4.20mts<\/td>\n<td style=\"width: 7.28554%;\">&nbsp;<\/td>\n<\/tr>\n<tr>\n<td style=\"width: 8.81321%;\">Sierpes<\/td>\n<td style=\"width: 11.3984%;\">Pereira<\/td>\n<td style=\"width: 11.8683%;\">Alex<\/td>\n<td style=\"width: 26.557%;\">1.000 mts<\/td>\n<td style=\"width: 6.46295%;\">1\u00ba<\/td>\n<td style=\"width: 11.3984%;\">02:56.86<\/td>\n<td style=\"width: 7.28554%;\">Filial<\/td>\n<\/tr>\n<tr>\n<td style=\"width: 8.81321%;\">Sierpes<\/td>\n<td style=\"width: 11.3984%;\">Pereira<\/td>\n<td style=\"width: 11.8683%;\">Alex<\/td>\n<td style=\"width: 26.557%;\">80 mts<\/td>\n<td style=\"width: 6.46295%;\">6\u00ba<\/td>\n<td style=\"width: 11.3984%;\">00:11.38<\/td>\n<td style=\"width: 7.28554%;\">Filial<\/td>\n<\/tr>\n<tr>\n<td style=\"width: 8.81321%;\">Trapote<\/td>\n<td style=\"width: 11.3984%;\">Rivas<\/td>\n<td style=\"width: 11.8683%;\">Fernando<\/td>\n<td style=\"width: 26.557%;\">1.000 Obst\u00e1culos con r\u00eda<\/td>\n<td style=\"width: 6.46295%;\">2\u00ba<\/td>\n<td style=\"width: 11.3984%;\">03:27.92<\/td>\n<td style=\"width: 7.28554%;\">&nbsp;<\/td>\n<\/tr>\n<\/tbody>\n<\/table>\n<p style=\"text-align: center;\">&nbsp;<\/p>\n<p>Ya por la tarde las chicas tuvieron su oportunidad quedando quintas en la clasificaci\u00f3n general a escasos 2 puntos y medio del cuarto puesto y por lo tanto no muy lejos de posiciones de podium.<\/p>\n<div class=\"o9v6fnle cxmmr5t8 oygrvhab hcukyx3x c1et5uql ii04i59q\">\n<div dir=\"auto\">&nbsp;<\/div>\n<div dir=\"auto\" style=\"text-align: center;\">\n<table style=\"width: 52.6702%; height: 631px;\" width=\"612\">\n<tbody>\n<tr>\n<td style=\"width: 11.4137%;\" width=\"71\">Blanco<\/td>\n<td style=\"text-align: left; width: 11.8029%;\" width=\"73\">Rodr\u00edguez<\/td>\n<td style=\"width: 11.284%;\" width=\"70\">Sof\u00eda<\/td>\n<td style=\"width: 29.3126%;\" width=\"188\">80 mts<\/td>\n<td style=\"width: 6.23479%;\" width=\"50\">8\u00aa<\/td>\n<td style=\"width: 14.7769%;\" width=\"80\">00:12.29<\/td>\n<td style=\"width: 7.00389%;\" width=\"80\">&nbsp;<\/td>\n<\/tr>\n<tr>\n<td style=\"width: 11.4137%;\">Justo<\/td>\n<td style=\"width: 11.8029%;\">Senci\u00f3n<\/td>\n<td style=\"width: 11.284%;\">Ashley<\/td>\n<td style=\"width: 29.3126%;\">Lanzamiento Disco 800 grs<\/td>\n<td style=\"width: 6.23479%;\">5\u00aa<\/td>\n<td style=\"width: 14.7769%;\">16.61 mts<\/td>\n<td style=\"width: 7.00389%;\">&nbsp;<\/td>\n<\/tr>\n<tr>\n<td style=\"width: 11.4137%;\">Justo<\/td>\n<td style=\"width: 11.8029%;\">Senci\u00f3n<\/td>\n<td style=\"width: 11.284%;\">Ashley<\/td>\n<td style=\"width: 29.3126%;\">Lanzamiento Martillo 2 Kg<\/td>\n<td style=\"width: 6.23479%;\">10\u00aa<\/td>\n<td style=\"width: 14.7769%;\">19.49 mts<\/td>\n<td style=\"width: 7.00389%;\">&nbsp;<\/td>\n<\/tr>\n<tr>\n<td style=\"width: 11.4137%;\">L\u00f3pez<\/td>\n<td style=\"width: 11.8029%;\">Burdeos<\/td>\n<td style=\"width: 11.284%;\">Candela<\/td>\n<td style=\"width: 29.3126%;\">Lanzamiento Peso 3 Kg<\/td>\n<td style=\"width: 6.23479%;\">8\u00ba<\/td>\n<td style=\"width: 14.7769%;\">6.19 mts<\/td>\n<td style=\"width: 7.00389%;\">&nbsp;<\/td>\n<\/tr>\n<tr>\n<td style=\"width: 11.4137%;\">Ordo\u00f1ez<\/td>\n<td style=\"width: 11.8029%;\">Robledo<\/td>\n<td style=\"width: 11.284%;\">Nagore<\/td>\n<td style=\"width: 29.3126%;\">Salto de Altura<\/td>\n<td style=\"width: 6.23479%;\">8\u00aa<\/td>\n<td style=\"width: 14.7769%;\">1.11 mts<\/td>\n<td style=\"width: 7.00389%;\">&nbsp;<\/td>\n<\/tr>\n<tr>\n<td style=\"width: 11.4137%;\">Ordo\u00f1ez<\/td>\n<td style=\"width: 11.8029%;\">Robledo<\/td>\n<td style=\"width: 11.284%;\">Nagore<\/td>\n<td style=\"width: 29.3126%;\">Salto de Longitud<\/td>\n<td style=\"width: 6.23479%;\">10\u00aa<\/td>\n<td style=\"width: 14.7769%;\">3.55 mts<\/td>\n<td style=\"width: 7.00389%;\">&nbsp;<\/td>\n<\/tr>\n<tr>\n<td style=\"width: 11.4137%;\">Padr\u00f3n<\/td>\n<td style=\"width: 11.8029%;\">Morales<\/td>\n<td style=\"width: 11.284%;\">Susana<\/td>\n<td style=\"width: 29.3126%;\">2.000 mts<\/td>\n<td style=\"width: 6.23479%;\">2\u00aa<\/td>\n<td style=\"width: 14.7769%;\">07:29.57<\/td>\n<td style=\"width: 7.00389%;\">&nbsp;<\/td>\n<\/tr>\n<tr>\n<td style=\"width: 11.4137%;\">Padr\u00f3n<\/td>\n<td style=\"width: 11.8029%;\">Morales<\/td>\n<td style=\"width: 11.284%;\">Susana<\/td>\n<td style=\"width: 29.3126%;\">Salto con P\u00e9rtiga<\/td>\n<td style=\"width: 6.23479%;\">5\u00aa<\/td>\n<td style=\"width: 14.7769%;\">1.40 mts<\/td>\n<td style=\"width: 7.00389%;\">&nbsp;<\/td>\n<\/tr>\n<tr>\n<td style=\"width: 11.4137%;\">P\u00e9rez<\/td>\n<td style=\"width: 11.8029%;\">G\u00f3mez<\/td>\n<td style=\"width: 11.284%;\">Alba<\/td>\n<td style=\"width: 29.3126%;\">500 mts<\/td>\n<td style=\"width: 6.23479%;\">7\u00aa<\/td>\n<td style=\"width: 14.7769%;\">01:34.07<\/td>\n<td style=\"width: 7.00389%;\">&nbsp;<\/td>\n<\/tr>\n<tr>\n<td style=\"width: 11.4137%;\">P\u00e9rez<\/td>\n<td style=\"width: 11.8029%;\">G\u00f3mez<\/td>\n<td style=\"width: 11.284%;\">Alba<\/td>\n<td style=\"width: 29.3126%;\">80 m vallas (0,762 m)<\/td>\n<td style=\"width: 6.23479%;\">11\u00aa<\/td>\n<td style=\"width: 14.7769%;\">00:17.48<\/td>\n<td style=\"width: 7.00389%;\">&nbsp;<\/td>\n<\/tr>\n<tr>\n<td style=\"width: 11.4137%;\">Quiroga<\/td>\n<td style=\"width: 11.8029%;\">Pousa<\/td>\n<td style=\"width: 11.284%;\">Marta<\/td>\n<td style=\"width: 29.3126%;\">Lanzamiento Jabalina 400 grs<\/td>\n<td style=\"width: 6.23479%;\">5\u00aa<\/td>\n<td style=\"width: 14.7769%;\">17.45 mts<\/td>\n<td style=\"width: 7.00389%;\">&nbsp;<\/td>\n<\/tr>\n<tr>\n<td style=\"width: 11.4137%;\">Quiroga<\/td>\n<td style=\"width: 11.8029%;\">Pousa<\/td>\n<td style=\"width: 11.284%;\">Marta<\/td>\n<td style=\"width: 29.3126%;\">2.000 mts Marcha<\/td>\n<td style=\"width: 6.23479%;\">3\u00aa<\/td>\n<td style=\"width: 14.7769%;\">12:21.31<\/td>\n<td style=\"width: 7.00389%;\">&nbsp;<\/td>\n<\/tr>\n<tr>\n<td style=\"width: 11.4137%;\">Rocha<\/td>\n<td style=\"width: 11.8029%;\">Bautista<\/td>\n<td style=\"width: 11.284%;\">Paula<\/td>\n<td style=\"width: 29.3126%;\">1.000 mts<\/td>\n<td style=\"width: 6.23479%;\">2\u00aa<\/td>\n<td style=\"width: 14.7769%;\">03:28.79<\/td>\n<td style=\"width: 7.00389%;\">Filial<\/td>\n<\/tr>\n<tr>\n<td style=\"width: 11.4137%;\">Sabucedo<\/td>\n<td style=\"width: 11.8029%;\">Curr\u00e1s<\/td>\n<td style=\"width: 11.284%;\">Aloia<\/td>\n<td style=\"width: 29.3126%;\">1.000 Obst\u00e1culos con r\u00eda<\/td>\n<td style=\"width: 6.23479%;\">3\u00aa<\/td>\n<td style=\"width: 14.7769%;\">03:52.44<\/td>\n<td style=\"width: 7.00389%;\">&nbsp;<\/td>\n<\/tr>\n<tr>\n<td style=\"width: 11.4137%;\">Sabucedo<\/td>\n<td style=\"width: 11.8029%;\">Curr\u00e1s<\/td>\n<td style=\"width: 11.284%;\">Aloia<\/td>\n<td style=\"width: 29.3126%;\">Triple Salto<\/td>\n<td style=\"width: 6.23479%;\">8\u00aa<\/td>\n<td style=\"width: 14.7769%;\">8.02 mts<\/td>\n<td style=\"width: 7.00389%;\">&nbsp;<\/td>\n<\/tr>\n<tr>\n<td style=\"width: 11.4137%;\">V\u00e1zquez<\/td>\n<td style=\"width: 11.8029%;\">Gonz\u00e1lez<\/td>\n<td style=\"width: 11.284%;\">Lara<\/td>\n<td style=\"width: 29.3126%;\">150 mts<\/td>\n<td style=\"width: 6.23479%;\">2\u00aa<\/td>\n<td style=\"width: 14.7769%;\">00:21.26<\/td>\n<td style=\"width: 7.00389%;\">&nbsp;<\/td>\n<\/tr>\n<tr>\n<td style=\"width: 11.4137%;\">V\u00e1zquez<\/td>\n<td style=\"width: 11.8029%;\">Gonz\u00e1lez<\/td>\n<td style=\"width: 11.284%;\">Lara<\/td>\n<td style=\"width: 29.3126%;\">220 m vallas (0,762 m)<\/td>\n<td style=\"width: 6.23479%;\">4\u00aa<\/td>\n<td style=\"width: 14.7769%;\">00:37.38<\/td>\n<td style=\"width: 7.00389%;\">&nbsp;<\/td>\n<\/tr>\n<\/tbody>\n<\/table>\n<p><img loading=\"lazy\" decoding=\"async\" class=\"wp-image-15506 aligncenter\" src=\"https:\/\/clubourenseatletismo.es\/blog\/wp-content\/uploads\/2021\/06\/1623074690158-1024x768.jpg\" alt=\"\" width=\"692\" height=\"519\" srcset=\"http:\/\/clubourenseatletismo.es\/blog\/wp-content\/uploads\/2021\/06\/1623074690158-1024x768.jpg 1024w, http:\/\/clubourenseatletismo.es\/blog\/wp-content\/uploads\/2021\/06\/1623074690158-300x225.jpg 300w, http:\/\/clubourenseatletismo.es\/blog\/wp-content\/uploads\/2021\/06\/1623074690158-768x576.jpg 768w, http:\/\/clubourenseatletismo.es\/blog\/wp-content\/uploads\/2021\/06\/1623074690158-1536x1152.jpg 1536w, http:\/\/clubourenseatletismo.es\/blog\/wp-content\/uploads\/2021\/06\/1623074690158-800x600.jpg 800w, http:\/\/clubourenseatletismo.es\/blog\/wp-content\/uploads\/2021\/06\/1623074690158-700x525.jpg 700w, http:\/\/clubourenseatletismo.es\/blog\/wp-content\/uploads\/2021\/06\/1623074690158.jpg 2048w\" sizes=\"auto, (max-width: 692px) 100vw, 692px\" \/><\/p>\n<\/div>\n<div dir=\"auto\">&nbsp;<\/div>\n<div dir=\"auto\">&nbsp;<\/div>\n<div dir=\"auto\">Si la clasificaci\u00f3n hubiera sido general conjunta, sumando los puntos conseguidos por los equipos masculino y femenino en una misma clasificaci\u00f3n, el Club Ourense Atletismo se situar\u00eda en segunda posici\u00f3n. Gran trabajo el que se viene realizando desde las escuelas del club y gracias a la implicaci\u00f3n de los atletas desplazados y a sus entrenadores.<\/div>\n<div dir=\"auto\">&nbsp;<\/div>\n<\/div>\n<p style=\"text-align: center;\"><a class=\"fasc-button fasc-size-medium fasc-type-glossy fasc-rounded-medium ico-fa fasc-ico-before fa-trophy\" style=\"background-color: #e66903; color: #ffffff;\" target=\"_blank\" rel=\"noopener\" href=\"https:\/\/atletismo.gal\/wp-content\/uploads\/2021\/03\/rob060621clubessub14.pdf\">Resultados<\/a>&nbsp; &nbsp;<a class=\"fasc-button fasc-size-medium fasc-type-glossy fasc-rounded-medium fasc-ico-before dashicons-camera\" style=\"background-color: #33809e; color: #ffffff;\" target=\"_blank\" rel=\"noopener\">Fotos<\/a><\/p>\n<p>&nbsp;<\/p>\n<div class=\"kvgmc6g5 cxmmr5t8 oygrvhab hcukyx3x c1et5uql ii04i59q\">\n<div dir=\"auto\">Paralelamente a la celebraci\u00f3n tendr\u00eda lugar el Campeonato de Galicia sub23 individual donde la \u00fanica participante de nuestro club ser\u00eda Zaira Soto Gonz\u00e1lez que mejora su marca personal. Esta atleta compiti\u00f3 en la prueba de lanzamiento de disco de 1 Kg y con su mejor lanzamiento lograba finalizar en 4\u00aa posici\u00f3n con 33,62 metros.<\/div>\n<\/div>\n<p>&nbsp;<\/p>\n<p style=\"text-align: center;\"><a class=\"fasc-button fasc-size-medium fasc-type-glossy fasc-rounded-medium ico-fa fasc-ico-before fa-trophy\" style=\"background-color: #e66903; color: #ffffff;\" target=\"_blank\" rel=\"noopener\" href=\"https:\/\/atletismo.gal\/wp-content\/uploads\/2021\/03\/rob060621sub23.pdf\">Resultados<\/a><\/p>\n<p>&nbsp;<\/p>\n","protected":false},"excerpt":{"rendered":"<p>La pista barquense de atletismo de Calabagueiros tendr\u00eda este domingo un papel destacado por las competiciones que en ella se desarrollaron, una de ellas ser\u00eda la disputa del IX Campionato Xunta de Galicia de Clubs Sub14. En esta competici\u00f3n nuestro club estuvo representado por los&#8230;<\/p>\n","protected":false},"author":1,"featured_media":15505,"comment_status":"closed","ping_status":"closed","sticky":false,"template":"","format":"standard","meta":{"footnotes":""},"categories":[9],"tags":[],"class_list":["post-15502","post","type-post","status-publish","format-standard","has-post-thumbnail","hentry","category-resultados"],"aioseo_notices":[],"_links":{"self":[{"href":"http:\/\/clubourenseatletismo.es\/blog\/wp-json\/wp\/v2\/posts\/15502","targetHints":{"allow":["GET"]}}],"collection":[{"href":"http:\/\/clubourenseatletismo.es\/blog\/wp-json\/wp\/v2\/posts"}],"about":[{"href":"http:\/\/clubourenseatletismo.es\/blog\/wp-json\/wp\/v2\/types\/post"}],"author":[{"embeddable":true,"href":"http:\/\/clubourenseatletismo.es\/blog\/wp-json\/wp\/v2\/users\/1"}],"replies":[{"embeddable":true,"href":"http:\/\/clubourenseatletismo.es\/blog\/wp-json\/wp\/v2\/comments?post=15502"}],"version-history":[{"count":4,"href":"http:\/\/clubourenseatletismo.es\/blog\/wp-json\/wp\/v2\/posts\/15502\/revisions"}],"predecessor-version":[{"id":15509,"href":"http:\/\/clubourenseatletismo.es\/blog\/wp-json\/wp\/v2\/posts\/15502\/revisions\/15509"}],"wp:featuredmedia":[{"embeddable":true,"href":"http:\/\/clubourenseatletismo.es\/blog\/wp-json\/wp\/v2\/media\/15505"}],"wp:attachment":[{"href":"http:\/\/clubourenseatletismo.es\/blog\/wp-json\/wp\/v2\/media?parent=15502"}],"wp:term":[{"taxonomy":"category","embeddable":true,"href":"http:\/\/clubourenseatletismo.es\/blog\/wp-json\/wp\/v2\/categories?post=15502"},{"taxonomy":"post_tag","embeddable":true,"href":"http:\/\/clubourenseatletismo.es\/blog\/wp-json\/wp\/v2\/tags?post=15502"}],"curies":[{"name":"wp","href":"https:\/\/api.w.org\/{rel}","templated":true}]}}