{"id":15460,"date":"2021-06-04T18:00:13","date_gmt":"2021-06-04T16:00:13","guid":{"rendered":"https:\/\/clubourenseatletismo.es\/blog\/?p=15460"},"modified":"2021-06-04T18:00:13","modified_gmt":"2021-06-04T16:00:13","slug":"xxii-memorial-celso-marino-iv-xornada-froiz","status":"publish","type":"post","link":"http:\/\/clubourenseatletismo.es\/blog\/2021\/06\/04\/xxii-memorial-celso-marino-iv-xornada-froiz\/","title":{"rendered":"XXII Memorial Celso Mari\u00f1o.\u2013 IV Xornada Froiz."},"content":{"rendered":"<h5><img loading=\"lazy\" decoding=\"async\" class=\"alignleft  wp-image-15231\" src=\"https:\/\/clubourenseatletismo.es\/blog\/wp-content\/uploads\/2021\/05\/SGP-Circuito-2021-724x1024.jpg\" alt=\"\" width=\"263\" height=\"372\" srcset=\"http:\/\/clubourenseatletismo.es\/blog\/wp-content\/uploads\/2021\/05\/SGP-Circuito-2021-724x1024.jpg 724w, http:\/\/clubourenseatletismo.es\/blog\/wp-content\/uploads\/2021\/05\/SGP-Circuito-2021-212x300.jpg 212w, http:\/\/clubourenseatletismo.es\/blog\/wp-content\/uploads\/2021\/05\/SGP-Circuito-2021-768x1086.jpg 768w, http:\/\/clubourenseatletismo.es\/blog\/wp-content\/uploads\/2021\/05\/SGP-Circuito-2021-700x990.jpg 700w, http:\/\/clubourenseatletismo.es\/blog\/wp-content\/uploads\/2021\/05\/SGP-Circuito-2021.jpg 842w\" sizes=\"auto, (max-width: 263px) 100vw, 263px\" \/>XXII Memorial Celso Mari\u00f1o.\u2013 IV Xornada Froiz.<\/h5>\n<p>Lugar e Data: CGTD (Pontevedra) m\u00e9rcores 16 de xu\u00f1o de 2021.<br \/>\nOrganiza: Sociedad Gimn\u00e1stica de Pontevedra.<br \/>\nPatrocina: Concello de Pontevedra e Supermercados Froiz.<br \/>\nColabora: Secretar\u00eda Xeral para o Deporte da Xunta de Galicia<br \/>\nControl T\u00e9cnico: Comit\u00e9 Galego de Xu\u00edces da Federaci\u00f3n Galega de Atletismo.<\/p>\n<p>Os\/As participantes no peso sub 14 ter\u00e1n un m\u00e1ximo de 3 intentos.<\/p>\n<p>Inscrici\u00f3ns: ata as 22:00 horas do s\u00e1bado 12 de xu\u00f1o de 2021.<\/p>\n<p>No caso superar o l\u00edmite de participantes, ter\u00e1n preferencia na admisi\u00f3n os atletas da entidade organizadora e seguidamente os atletas das entidades do concello de Pontevedra. Por \u00faltimo, aplicarase o criterio de mellores marcas das tempadas 2020 e 2021 na proba correspondente.<\/p>\n<p>&nbsp;<\/p>\n<p style=\"text-align: center;\"><a class=\"fasc-button fasc-size-medium fasc-type-glossy fasc-rounded-medium fasc-ico-before dashicons-format-aside\" style=\"background-color: #218562; color: #ffffff;\" target=\"_blank\" rel=\"noopener\" href=\"https:\/\/atletismo.gal\/wp-content\/uploads\/2021\/03\/Xornada-4-Memorial-Celso-Marino160621-1.pdf\">Reglamento<\/a>&nbsp; &nbsp; &nbsp; <a class=\"fasc-button fasc-size-medium fasc-type-glossy fasc-rounded-medium fasc-ico-before dashicons-groups\" style=\"background-color: #324994; color: #ffffff;\" target=\"_blank\" rel=\"noopener\">Inscritos<\/a><\/p>\n<p>&nbsp;<\/p>\n","protected":false},"excerpt":{"rendered":"<p>XXII Memorial Celso Mari\u00f1o.\u2013 IV Xornada Froiz. Lugar e Data: CGTD (Pontevedra) m\u00e9rcores 16 de xu\u00f1o de 2021. Organiza: Sociedad Gimn\u00e1stica de Pontevedra. Patrocina: Concello de Pontevedra e Supermercados Froiz. Colabora: Secretar\u00eda Xeral para o Deporte da Xunta de Galicia Control T\u00e9cnico: Comit\u00e9 Galego de&#8230;<\/p>\n","protected":false},"author":1,"featured_media":15231,"comment_status":"closed","ping_status":"closed","sticky":false,"template":"","format":"standard","meta":{"footnotes":""},"categories":[33],"tags":[],"class_list":["post-15460","post","type-post","status-publish","format-standard","has-post-thumbnail","hentry","category-competiciones-2"],"aioseo_notices":[],"_links":{"self":[{"href":"http:\/\/clubourenseatletismo.es\/blog\/wp-json\/wp\/v2\/posts\/15460","targetHints":{"allow":["GET"]}}],"collection":[{"href":"http:\/\/clubourenseatletismo.es\/blog\/wp-json\/wp\/v2\/posts"}],"about":[{"href":"http:\/\/clubourenseatletismo.es\/blog\/wp-json\/wp\/v2\/types\/post"}],"author":[{"embeddable":true,"href":"http:\/\/clubourenseatletismo.es\/blog\/wp-json\/wp\/v2\/users\/1"}],"replies":[{"embeddable":true,"href":"http:\/\/clubourenseatletismo.es\/blog\/wp-json\/wp\/v2\/comments?post=15460"}],"version-history":[{"count":3,"href":"http:\/\/clubourenseatletismo.es\/blog\/wp-json\/wp\/v2\/posts\/15460\/revisions"}],"predecessor-version":[{"id":15470,"href":"http:\/\/clubourenseatletismo.es\/blog\/wp-json\/wp\/v2\/posts\/15460\/revisions\/15470"}],"wp:featuredmedia":[{"embeddable":true,"href":"http:\/\/clubourenseatletismo.es\/blog\/wp-json\/wp\/v2\/media\/15231"}],"wp:attachment":[{"href":"http:\/\/clubourenseatletismo.es\/blog\/wp-json\/wp\/v2\/media?parent=15460"}],"wp:term":[{"taxonomy":"category","embeddable":true,"href":"http:\/\/clubourenseatletismo.es\/blog\/wp-json\/wp\/v2\/categories?post=15460"},{"taxonomy":"post_tag","embeddable":true,"href":"http:\/\/clubourenseatletismo.es\/blog\/wp-json\/wp\/v2\/tags?post=15460"}],"curies":[{"name":"wp","href":"https:\/\/api.w.org\/{rel}","templated":true}]}}