{"id":15325,"date":"2021-05-23T16:23:49","date_gmt":"2021-05-23T14:23:49","guid":{"rendered":"https:\/\/clubourenseatletismo.es\/blog\/?p=15325"},"modified":"2021-05-23T16:23:49","modified_gmt":"2021-05-23T14:23:49","slug":"las-actuaciones-en-sabadell-fenomenal-broche-al-fin-de-semana","status":"publish","type":"post","link":"http:\/\/clubourenseatletismo.es\/blog\/2021\/05\/23\/las-actuaciones-en-sabadell-fenomenal-broche-al-fin-de-semana\/","title":{"rendered":"Las actuaciones en Sabadell fenomenal broche al fin de Semana."},"content":{"rendered":"<p><img loading=\"lazy\" decoding=\"async\" class=\"wp-image-15333 alignleft\" src=\"https:\/\/clubourenseatletismo.es\/blog\/wp-content\/uploads\/2021\/05\/1621778397947-1-768x1024.jpg\" alt=\"\" width=\"225\" height=\"300\" srcset=\"http:\/\/clubourenseatletismo.es\/blog\/wp-content\/uploads\/2021\/05\/1621778397947-1-768x1024.jpg 768w, http:\/\/clubourenseatletismo.es\/blog\/wp-content\/uploads\/2021\/05\/1621778397947-1-225x300.jpg 225w, http:\/\/clubourenseatletismo.es\/blog\/wp-content\/uploads\/2021\/05\/1621778397947-1-1152x1536.jpg 1152w, http:\/\/clubourenseatletismo.es\/blog\/wp-content\/uploads\/2021\/05\/1621778397947-1-600x800.jpg 600w, http:\/\/clubourenseatletismo.es\/blog\/wp-content\/uploads\/2021\/05\/1621778397947-1-700x933.jpg 700w, http:\/\/clubourenseatletismo.es\/blog\/wp-content\/uploads\/2021\/05\/1621778397947-1.jpg 1500w\" sizes=\"auto, (max-width: 225px) 100vw, 225px\" \/><img loading=\"lazy\" decoding=\"async\" class=\"wp-image-15332 alignleft\" src=\"https:\/\/clubourenseatletismo.es\/blog\/wp-content\/uploads\/2021\/05\/foto-10.jpg\" alt=\"\" width=\"110\" height=\"134\" srcset=\"http:\/\/clubourenseatletismo.es\/blog\/wp-content\/uploads\/2021\/05\/foto-10.jpg 523w, http:\/\/clubourenseatletismo.es\/blog\/wp-content\/uploads\/2021\/05\/foto-10-247x300.jpg 247w\" sizes=\"auto, (max-width: 110px) 100vw, 110px\" \/><\/p>\n<p>&nbsp;<\/p>\n<p>Estupendas noticias nos llegan desde Sabadell donde tres atletas de nuestro club est\u00e1n participando en el Campeonato de Espa\u00f1a. El primero en cosechar el \u00e9xito ha sido Jos\u00e9 Benito G\u00f3mez logrando la tercera posici\u00f3n y por lo tanto siendo bronce en la categor\u00eda M60 en la prueba de los 10.000 mts; ha conseguido recorrer esa distancia en un tiempo de&nbsp; 40:19.31.<\/p>\n<p>&nbsp;<\/p>\n<p>&nbsp;<\/p>\n<p>&nbsp;<\/p>\n<p>&nbsp;<\/p>\n<p>Las segunda buena noticia nos llega de la mano de Rub\u00e9n Diz que en la ma\u00f1ana de hoy se ha proclamado nuevo Campe\u00f3n de Espa\u00f1a y R\u00e9cord gallego de su categor\u00eda M40 al recorrer los 10 km en un tiempo de 31:14.63.<\/p>\n<p><img loading=\"lazy\" decoding=\"async\" class=\" wp-image-15328 aligncenter\" src=\"https:\/\/clubourenseatletismo.es\/blog\/wp-content\/uploads\/2021\/05\/1621778397905-1024x462.jpg\" alt=\"\" width=\"723\" height=\"326\" srcset=\"http:\/\/clubourenseatletismo.es\/blog\/wp-content\/uploads\/2021\/05\/1621778397905-1024x462.jpg 1024w, http:\/\/clubourenseatletismo.es\/blog\/wp-content\/uploads\/2021\/05\/1621778397905-300x135.jpg 300w, http:\/\/clubourenseatletismo.es\/blog\/wp-content\/uploads\/2021\/05\/1621778397905-768x346.jpg 768w, http:\/\/clubourenseatletismo.es\/blog\/wp-content\/uploads\/2021\/05\/1621778397905-1536x692.jpg 1536w, http:\/\/clubourenseatletismo.es\/blog\/wp-content\/uploads\/2021\/05\/1621778397905-700x315.jpg 700w, http:\/\/clubourenseatletismo.es\/blog\/wp-content\/uploads\/2021\/05\/1621778397905.jpg 2048w\" sizes=\"auto, (max-width: 723px) 100vw, 723px\" \/><img loading=\"lazy\" decoding=\"async\" class=\"alignleft  wp-image-15329\" src=\"https:\/\/clubourenseatletismo.es\/blog\/wp-content\/uploads\/2021\/05\/1621778397862.jpg\" alt=\"\" width=\"108\" height=\"216\" srcset=\"http:\/\/clubourenseatletismo.es\/blog\/wp-content\/uploads\/2021\/05\/1621778397862.jpg 512w, http:\/\/clubourenseatletismo.es\/blog\/wp-content\/uploads\/2021\/05\/1621778397862-150x300.jpg 150w, http:\/\/clubourenseatletismo.es\/blog\/wp-content\/uploads\/2021\/05\/1621778397862-500x1000.jpg 500w\" sizes=\"auto, (max-width: 108px) 100vw, 108px\" \/><\/p>\n<p>&nbsp;<\/p>\n<p>&nbsp;<\/p>\n<p style=\"text-align: center;\"><a class=\"fasc-button fasc-size-medium fasc-type-glossy fasc-rounded-medium ico-fa fasc-ico-before fa-trophy\" style=\"background-color: #e66903; color: #ffffff;\" target=\"_blank\" href=\"https:\/\/rfeamanager.es\/Results\/Schedule?chid=2021RF038\" rel=\"noopener\">Resultados<\/a><\/p>\n<p>&nbsp;<\/p>\n<p>&nbsp;<\/p>\n<p>Y a \u00faltima hora de la ma\u00f1ana la atleta que faltaba por participar Vicky Losada ha sido octava en la milla F35 con 05:47.24 y record gallego con lo que se pone un precioso broche a las actuaciones de nuestros representantes en tierras catalanas.&nbsp;<\/p>\n<p style=\"text-align: center;\"><img loading=\"lazy\" decoding=\"async\" class=\"wp-image-15330 aligncenter\" src=\"https:\/\/clubourenseatletismo.es\/blog\/wp-content\/uploads\/2021\/05\/1621778397848-1024x576.jpg\" alt=\"\" width=\"389\" height=\"219\" srcset=\"http:\/\/clubourenseatletismo.es\/blog\/wp-content\/uploads\/2021\/05\/1621778397848-1024x576.jpg 1024w, http:\/\/clubourenseatletismo.es\/blog\/wp-content\/uploads\/2021\/05\/1621778397848-300x169.jpg 300w, http:\/\/clubourenseatletismo.es\/blog\/wp-content\/uploads\/2021\/05\/1621778397848-768x432.jpg 768w, http:\/\/clubourenseatletismo.es\/blog\/wp-content\/uploads\/2021\/05\/1621778397848-1536x864.jpg 1536w, http:\/\/clubourenseatletismo.es\/blog\/wp-content\/uploads\/2021\/05\/1621778397848-700x394.jpg 700w, http:\/\/clubourenseatletismo.es\/blog\/wp-content\/uploads\/2021\/05\/1621778397848-539x303.jpg 539w, http:\/\/clubourenseatletismo.es\/blog\/wp-content\/uploads\/2021\/05\/1621778397848.jpg 1600w\" sizes=\"auto, (max-width: 389px) 100vw, 389px\" \/><img loading=\"lazy\" decoding=\"async\" class=\"alignleft  wp-image-15331\" src=\"https:\/\/clubourenseatletismo.es\/blog\/wp-content\/uploads\/2021\/05\/1621778397833-591x1024.jpg\" alt=\"\" width=\"109\" height=\"189\" srcset=\"http:\/\/clubourenseatletismo.es\/blog\/wp-content\/uploads\/2021\/05\/1621778397833-591x1024.jpg 591w, http:\/\/clubourenseatletismo.es\/blog\/wp-content\/uploads\/2021\/05\/1621778397833-173x300.jpg 173w, http:\/\/clubourenseatletismo.es\/blog\/wp-content\/uploads\/2021\/05\/1621778397833-768x1331.jpg 768w, http:\/\/clubourenseatletismo.es\/blog\/wp-content\/uploads\/2021\/05\/1621778397833-886x1536.jpg 886w, http:\/\/clubourenseatletismo.es\/blog\/wp-content\/uploads\/2021\/05\/1621778397833-700x1213.jpg 700w, http:\/\/clubourenseatletismo.es\/blog\/wp-content\/uploads\/2021\/05\/1621778397833.jpg 1170w\" sizes=\"auto, (max-width: 109px) 100vw, 109px\" \/><\/p>\n<p>&nbsp;<\/p>\n<p>&nbsp;<\/p>\n<p style=\"text-align: center;\">Muchas Felicidades.<\/p>\n","protected":false},"excerpt":{"rendered":"<p>&nbsp; Estupendas noticias nos llegan desde Sabadell donde tres atletas de nuestro club est\u00e1n participando en el Campeonato de Espa\u00f1a. El primero en cosechar el \u00e9xito ha sido Jos\u00e9 Benito G\u00f3mez logrando la tercera posici\u00f3n y por lo tanto siendo bronce en la categor\u00eda M60&#8230;<\/p>\n","protected":false},"author":1,"featured_media":15328,"comment_status":"closed","ping_status":"closed","sticky":false,"template":"","format":"standard","meta":{"footnotes":""},"categories":[9],"tags":[],"class_list":["post-15325","post","type-post","status-publish","format-standard","has-post-thumbnail","hentry","category-resultados"],"aioseo_notices":[],"_links":{"self":[{"href":"http:\/\/clubourenseatletismo.es\/blog\/wp-json\/wp\/v2\/posts\/15325","targetHints":{"allow":["GET"]}}],"collection":[{"href":"http:\/\/clubourenseatletismo.es\/blog\/wp-json\/wp\/v2\/posts"}],"about":[{"href":"http:\/\/clubourenseatletismo.es\/blog\/wp-json\/wp\/v2\/types\/post"}],"author":[{"embeddable":true,"href":"http:\/\/clubourenseatletismo.es\/blog\/wp-json\/wp\/v2\/users\/1"}],"replies":[{"embeddable":true,"href":"http:\/\/clubourenseatletismo.es\/blog\/wp-json\/wp\/v2\/comments?post=15325"}],"version-history":[{"count":5,"href":"http:\/\/clubourenseatletismo.es\/blog\/wp-json\/wp\/v2\/posts\/15325\/revisions"}],"predecessor-version":[{"id":15338,"href":"http:\/\/clubourenseatletismo.es\/blog\/wp-json\/wp\/v2\/posts\/15325\/revisions\/15338"}],"wp:featuredmedia":[{"embeddable":true,"href":"http:\/\/clubourenseatletismo.es\/blog\/wp-json\/wp\/v2\/media\/15328"}],"wp:attachment":[{"href":"http:\/\/clubourenseatletismo.es\/blog\/wp-json\/wp\/v2\/media?parent=15325"}],"wp:term":[{"taxonomy":"category","embeddable":true,"href":"http:\/\/clubourenseatletismo.es\/blog\/wp-json\/wp\/v2\/categories?post=15325"},{"taxonomy":"post_tag","embeddable":true,"href":"http:\/\/clubourenseatletismo.es\/blog\/wp-json\/wp\/v2\/tags?post=15325"}],"curies":[{"name":"wp","href":"https:\/\/api.w.org\/{rel}","templated":true}]}}