{"id":15268,"date":"2021-05-18T10:14:33","date_gmt":"2021-05-18T08:14:33","guid":{"rendered":"https:\/\/clubourenseatletismo.es\/blog\/?p=15268"},"modified":"2021-05-21T11:11:36","modified_gmt":"2021-05-21T09:11:36","slug":"controles-fin-de-semana","status":"publish","type":"post","link":"http:\/\/clubourenseatletismo.es\/blog\/2021\/05\/18\/controles-fin-de-semana\/","title":{"rendered":"Controles Fin de Semana."},"content":{"rendered":"<h4 class=\"entry-title\"><img loading=\"lazy\" decoding=\"async\" class=\"alignleft wp-image-15269\" src=\"https:\/\/clubourenseatletismo.es\/blog\/wp-content\/uploads\/2021\/05\/CARTEL-Alfonso-Posada-2021-scaled-1-724x1024.jpg\" alt=\"\" width=\"194\" height=\"274\" srcset=\"http:\/\/clubourenseatletismo.es\/blog\/wp-content\/uploads\/2021\/05\/CARTEL-Alfonso-Posada-2021-scaled-1-724x1024.jpg 724w, http:\/\/clubourenseatletismo.es\/blog\/wp-content\/uploads\/2021\/05\/CARTEL-Alfonso-Posada-2021-scaled-1-212x300.jpg 212w, http:\/\/clubourenseatletismo.es\/blog\/wp-content\/uploads\/2021\/05\/CARTEL-Alfonso-Posada-2021-scaled-1-768x1086.jpg 768w, http:\/\/clubourenseatletismo.es\/blog\/wp-content\/uploads\/2021\/05\/CARTEL-Alfonso-Posada-2021-scaled-1-1086x1536.jpg 1086w, http:\/\/clubourenseatletismo.es\/blog\/wp-content\/uploads\/2021\/05\/CARTEL-Alfonso-Posada-2021-scaled-1-1448x2048.jpg 1448w, http:\/\/clubourenseatletismo.es\/blog\/wp-content\/uploads\/2021\/05\/CARTEL-Alfonso-Posada-2021-scaled-1-700x990.jpg 700w, http:\/\/clubourenseatletismo.es\/blog\/wp-content\/uploads\/2021\/05\/CARTEL-Alfonso-Posada-2021-scaled-1.jpg 1810w\" sizes=\"auto, (max-width: 194px) 100vw, 194px\" \/>Control Nacional de Marcas \u2013 Adicado a D. Alfonso Posada<\/h4>\n<p>El Real Club Celta de Atletismo y el Club Atletismo Femenino Celta, con el patrocinio del Concello de Vigo, la Xunta de Galicia, la Fundaci\u00f3n Deporte Galego, la Deputaci\u00f3n Provincial de Pontevedra, Abanca, las Empresas Colaboradoras del Grupo Celta Atletismo y la colaboraci\u00f3n de la Federaci\u00f3n Galega de Atletismo y del Comit\u00e9 Galego de Xu\u00edces, organizar\u00e1n conjuntamente el \u201cControl Nacional de Marcas\u201d. Prueba que estar\u00e1 dedicada a D. Alfonso Posada S\u00e1nchez.<\/p>\n<p>Tendr\u00e1 lugar el domingo 23 de mayo a partir de las 11:00h en la Pista Municipal de Atletismo de Bala\u00eddos (Vigo).<\/p>\n<p>Los\/as atletas con licencia FGA o RFEA, podr\u00e1n inscribirse a trav\u00e9s de la intranet de la RFEA hasta el s\u00e1bado 15 de mayo a las 20:00 horas.<\/p>\n<p>&nbsp;<\/p>\n<p style=\"text-align: center;\"><a class=\"fasc-button fasc-size-medium fasc-type-glossy fasc-rounded-medium fasc-ico-before dashicons-format-aside\" style=\"background-color: #218562; color: #ffffff;\" target=\"_blank\" rel=\"noopener\" href=\"https:\/\/atletismo.gal\/wp-content\/uploads\/2019\/10\/REGLAMENTO-CONTROL-NACIONAL-DE-MARCAS.-230521..pdf\">Reglamento&nbsp;<\/a>&nbsp; &nbsp;&nbsp;<a class=\"fasc-button fasc-size-medium fasc-type-glossy fasc-rounded-medium fasc-ico-before dashicons-groups\" style=\"background-color: #324994; color: #ffffff;\" target=\"_blank\" rel=\"noopener\" href=\"https:\/\/atletismo.gal\/wp-content\/uploads\/2019\/10\/INSVIGO230521.pdf\">Inscritos<\/a><\/p>\n<p>&nbsp;<\/p>\n<p>O pr\u00f3ximo domingo 23 de maio haber\u00e1 un control de marcas nas Pistas Municipais de San L\u00e1zaro. Noia. A Coru\u00f1a.<br \/>\nEste control esta organizan polo Club Atletismo Noia e conta coa colaboraci\u00f3n do Concello de Noia, Federaci\u00f3n Galega de Atletismo.<\/p>\n<p>As inscrici\u00f3ns faranse ata o m\u00e9rcores 19 de maio \u00e1s 23.00 horas.<\/p>\n<p>Establecer\u00e1se un n\u00famero m\u00e1ximo de 6 participantes nas probas de velocidade, 8 nas demedio fondo e fondo e 10 nos concursos.<\/p>\n<p>As probas ser\u00e1n en xornada de tarde.<\/p>\n<p style=\"text-align: center;\"><a class=\"fasc-button fasc-size-medium fasc-type-glossy fasc-rounded-medium fasc-ico-before dashicons-format-aside\" style=\"background-color: #218562; color: #ffffff;\" target=\"_blank\" rel=\"noopener\" href=\"https:\/\/atletismo.gal\/wp-content\/uploads\/2021\/05\/II-CONTROL-FEDERADO-DE-MARCAS-VILA-DE-NOIA.pdf\">Reglamento&nbsp;<\/a>&nbsp; &nbsp; &nbsp;<a class=\"fasc-button fasc-size-medium fasc-type-glossy fasc-rounded-medium fasc-ico-before dashicons-groups\" style=\"background-color: #324994; color: #ffffff;\" target=\"_blank\" href=\"https:\/\/atletismo.gal\/wp-content\/uploads\/2021\/05\/insnoia230521.pdf\" rel=\"noopener\">Inscritos<\/a><\/p>\n<p>&nbsp;<\/p>\n<p>&nbsp;<\/p>\n<p>&nbsp;<\/p>\n","protected":false},"excerpt":{"rendered":"<p>Control Nacional de Marcas \u2013 Adicado a D. Alfonso Posada El Real Club Celta de Atletismo y el Club Atletismo Femenino Celta, con el patrocinio del Concello de Vigo, la Xunta de Galicia, la Fundaci\u00f3n Deporte Galego, la Deputaci\u00f3n Provincial de Pontevedra, Abanca, las Empresas&#8230;<\/p>\n","protected":false},"author":1,"featured_media":15269,"comment_status":"closed","ping_status":"closed","sticky":false,"template":"","format":"standard","meta":{"footnotes":""},"categories":[33],"tags":[],"class_list":["post-15268","post","type-post","status-publish","format-standard","has-post-thumbnail","hentry","category-competiciones-2"],"aioseo_notices":[],"_links":{"self":[{"href":"http:\/\/clubourenseatletismo.es\/blog\/wp-json\/wp\/v2\/posts\/15268","targetHints":{"allow":["GET"]}}],"collection":[{"href":"http:\/\/clubourenseatletismo.es\/blog\/wp-json\/wp\/v2\/posts"}],"about":[{"href":"http:\/\/clubourenseatletismo.es\/blog\/wp-json\/wp\/v2\/types\/post"}],"author":[{"embeddable":true,"href":"http:\/\/clubourenseatletismo.es\/blog\/wp-json\/wp\/v2\/users\/1"}],"replies":[{"embeddable":true,"href":"http:\/\/clubourenseatletismo.es\/blog\/wp-json\/wp\/v2\/comments?post=15268"}],"version-history":[{"count":4,"href":"http:\/\/clubourenseatletismo.es\/blog\/wp-json\/wp\/v2\/posts\/15268\/revisions"}],"predecessor-version":[{"id":15291,"href":"http:\/\/clubourenseatletismo.es\/blog\/wp-json\/wp\/v2\/posts\/15268\/revisions\/15291"}],"wp:featuredmedia":[{"embeddable":true,"href":"http:\/\/clubourenseatletismo.es\/blog\/wp-json\/wp\/v2\/media\/15269"}],"wp:attachment":[{"href":"http:\/\/clubourenseatletismo.es\/blog\/wp-json\/wp\/v2\/media?parent=15268"}],"wp:term":[{"taxonomy":"category","embeddable":true,"href":"http:\/\/clubourenseatletismo.es\/blog\/wp-json\/wp\/v2\/categories?post=15268"},{"taxonomy":"post_tag","embeddable":true,"href":"http:\/\/clubourenseatletismo.es\/blog\/wp-json\/wp\/v2\/tags?post=15268"}],"curies":[{"name":"wp","href":"https:\/\/api.w.org\/{rel}","templated":true}]}}