{"id":15233,"date":"2021-05-10T16:34:34","date_gmt":"2021-05-10T14:34:34","guid":{"rendered":"https:\/\/clubourenseatletismo.es\/blog\/?p=15233"},"modified":"2021-05-13T12:55:56","modified_gmt":"2021-05-13T10:55:56","slug":"i-trofeo-c-d-la-purisima","status":"publish","type":"post","link":"http:\/\/clubourenseatletismo.es\/blog\/2021\/05\/10\/i-trofeo-c-d-la-purisima\/","title":{"rendered":"I Trofeo C.D. La Pur\u00edsima."},"content":{"rendered":"<p><img loading=\"lazy\" decoding=\"async\" class=\"alignleft wp-image-15234\" src=\"https:\/\/clubourenseatletismo.es\/blog\/wp-content\/uploads\/2021\/05\/I-TROFEO-CD-LA-PURISIMA-1-1-724x1024.jpg\" alt=\"\" width=\"185\" height=\"262\" srcset=\"http:\/\/clubourenseatletismo.es\/blog\/wp-content\/uploads\/2021\/05\/I-TROFEO-CD-LA-PURISIMA-1-1-724x1024.jpg 724w, http:\/\/clubourenseatletismo.es\/blog\/wp-content\/uploads\/2021\/05\/I-TROFEO-CD-LA-PURISIMA-1-1-212x300.jpg 212w, http:\/\/clubourenseatletismo.es\/blog\/wp-content\/uploads\/2021\/05\/I-TROFEO-CD-LA-PURISIMA-1-1-768x1086.jpg 768w, http:\/\/clubourenseatletismo.es\/blog\/wp-content\/uploads\/2021\/05\/I-TROFEO-CD-LA-PURISIMA-1-1-1086x1536.jpg 1086w, http:\/\/clubourenseatletismo.es\/blog\/wp-content\/uploads\/2021\/05\/I-TROFEO-CD-LA-PURISIMA-1-1-700x990.jpg 700w, http:\/\/clubourenseatletismo.es\/blog\/wp-content\/uploads\/2021\/05\/I-TROFEO-CD-LA-PURISIMA-1-1.jpg 1448w\" sizes=\"auto, (max-width: 185px) 100vw, 185px\" \/>O Club Deportivo La Pur\u00edsima en colaboraci\u00f3n con Concello de Pereiro organizan o 15 de<br \/>\nmaio o I Trofeo Club Deportivo La Pur\u00edsima \u2013 Concello de Pereiro de atletismo en pista ao aire libre nas Pistas de atletismo \u201cJosefina Salgado\u201d \u2013 Complexo Deportivo de Monterrei (Pereiro de Aguiar- Ourense).<\/p>\n<p>As inscrici\u00f3ns realizaranse na intranet da RFEA ata \u00e1s 22:00 horas do m\u00e9rcores 12 de maio.<\/p>\n<p>As\/os atletas non absolutos, tan s\u00f3 poderan participar nun m\u00e1ximo de d\u00faas probas. Se as d\u00faas son carreiras, tan s\u00f3 unha pode ser de m\u00e1is de 250m.<\/p>\n<p>Nos concursos haber\u00e1 4 intentospor participante.<\/p>\n<p>&nbsp;<\/p>\n<p>&nbsp;<\/p>\n<p style=\"text-align: center;\"><a class=\"fasc-button fasc-size-medium fasc-type-glossy fasc-rounded-medium fasc-ico-before dashicons-format-aside\" style=\"background-color: #218562; color: #ffffff;\" target=\"_blank\" rel=\"noopener\">Reglamento&nbsp;&nbsp;<\/a>&nbsp; &nbsp; &nbsp; &nbsp;<a class=\"fasc-button fasc-size-medium fasc-type-glossy fasc-rounded-medium fasc-ico-before dashicons-groups\" style=\"background-color: #324994; color: #ffffff;\" target=\"_blank\" href=\"https:\/\/atletismo.gal\/wp-content\/uploads\/2021\/05\/insi150521.pdf\" rel=\"noopener\">Inscritos<\/a><\/p>\n<p>&nbsp;<\/p>\n","protected":false},"excerpt":{"rendered":"<p>O Club Deportivo La Pur\u00edsima en colaboraci\u00f3n con Concello de Pereiro organizan o 15 de maio o I Trofeo Club Deportivo La Pur\u00edsima \u2013 Concello de Pereiro de atletismo en pista ao aire libre nas Pistas de atletismo \u201cJosefina Salgado\u201d \u2013 Complexo Deportivo de Monterrei&#8230;<\/p>\n","protected":false},"author":1,"featured_media":15234,"comment_status":"closed","ping_status":"closed","sticky":false,"template":"","format":"standard","meta":{"footnotes":""},"categories":[33],"tags":[],"class_list":["post-15233","post","type-post","status-publish","format-standard","has-post-thumbnail","hentry","category-competiciones-2"],"aioseo_notices":[],"_links":{"self":[{"href":"http:\/\/clubourenseatletismo.es\/blog\/wp-json\/wp\/v2\/posts\/15233","targetHints":{"allow":["GET"]}}],"collection":[{"href":"http:\/\/clubourenseatletismo.es\/blog\/wp-json\/wp\/v2\/posts"}],"about":[{"href":"http:\/\/clubourenseatletismo.es\/blog\/wp-json\/wp\/v2\/types\/post"}],"author":[{"embeddable":true,"href":"http:\/\/clubourenseatletismo.es\/blog\/wp-json\/wp\/v2\/users\/1"}],"replies":[{"embeddable":true,"href":"http:\/\/clubourenseatletismo.es\/blog\/wp-json\/wp\/v2\/comments?post=15233"}],"version-history":[{"count":3,"href":"http:\/\/clubourenseatletismo.es\/blog\/wp-json\/wp\/v2\/posts\/15233\/revisions"}],"predecessor-version":[{"id":15257,"href":"http:\/\/clubourenseatletismo.es\/blog\/wp-json\/wp\/v2\/posts\/15233\/revisions\/15257"}],"wp:featuredmedia":[{"embeddable":true,"href":"http:\/\/clubourenseatletismo.es\/blog\/wp-json\/wp\/v2\/media\/15234"}],"wp:attachment":[{"href":"http:\/\/clubourenseatletismo.es\/blog\/wp-json\/wp\/v2\/media?parent=15233"}],"wp:term":[{"taxonomy":"category","embeddable":true,"href":"http:\/\/clubourenseatletismo.es\/blog\/wp-json\/wp\/v2\/categories?post=15233"},{"taxonomy":"post_tag","embeddable":true,"href":"http:\/\/clubourenseatletismo.es\/blog\/wp-json\/wp\/v2\/tags?post=15233"}],"curies":[{"name":"wp","href":"https:\/\/api.w.org\/{rel}","templated":true}]}}