{"id":15206,"date":"2021-05-08T12:07:07","date_gmt":"2021-05-08T10:07:07","guid":{"rendered":"https:\/\/clubourenseatletismo.es\/blog\/?p=15206"},"modified":"2021-05-08T12:07:07","modified_gmt":"2021-05-08T10:07:07","slug":"vii-carreira-camino-das-letras","status":"publish","type":"post","link":"http:\/\/clubourenseatletismo.es\/blog\/2021\/05\/08\/vii-carreira-camino-das-letras\/","title":{"rendered":"VII Carreira Cami\u00f1o das Letras"},"content":{"rendered":"<p><img loading=\"lazy\" decoding=\"async\" class=\"alignleft  wp-image-15207\" src=\"https:\/\/clubourenseatletismo.es\/blog\/wp-content\/uploads\/2021\/05\/Carreira-das-Letras.jpg\" alt=\"\" width=\"193\" height=\"274\">Xurdir eventos, coa colaboraci\u00f3n da Conseller\u00eda de Cultura, Educaci\u00f3n e Universidade, a trav\u00e9s das secretar\u00edas xerais de Pol\u00edtica Ling\u00fc\u00edstica e de Cultura, organiza o luns 17 de maio&nbsp;a VII edici\u00f3n da Carreira Cami\u00f1o das Letras, coa proba absoluta que partir\u00e1 desde o Pico Sacro, seguindo a Ruta da Prata, ata a Cidade da Cultura.<\/p>\n<p>Esta proba absoluta (das categor\u00edas m\u00e1ster, s\u00e9nior, sub23 e sub20) sair\u00e1 a partir das 10.00 horas desde as proximidades do Pico Sacro, e seguir\u00e1 un circu\u00edto de 15 km.<\/p>\n<p>O formato empregado na proba ser\u00e1 o de contrarreloxo con SA\u00cdDAS ESCALONADAS cada 2 0\u201d de 2 en 2 corredores, tratando en todo momento de xuntar un corredor r\u00e1pido cun corredor lento para evitar contactos pr\u00f3ximos ou<br \/>\nposibles aglomeraci\u00f3ns.<\/p>\n<p>As inscrici\u00f3ns estar\u00e1n abertas ata o m\u00e9rcores 12 de maio \u00e1s 23.59 horas da p\u00e1xina web <a href=\"https:\/\/www.carreirasgalegas.com\/carreira\/vii-carreira-cami%C3%B1o-das-letras\/ca23d534-2e62-064f-5db5-39f2b217a564\">www.carreirasgalegas.com<\/a><\/p>\n<p>A entrega dos dorsais realizarase na oficina de XURDIR, Outeiro do Casti\u00f1eiri\u00f1o, 73, baixo A (enfronte de Mobles Megalar), nos seguintes d\u00edas e horarios:<br \/>\n\u2022 Venres 14 de maio de 16:30 a 20:00 horas<br \/>\n\u2022 S\u00e1bado 15 de maio de 10:00 a 14:00 e de 16:30 a 20:00 horas<br \/>\nDe xeito excepcional, permitirase a recollida dos dorsais na secretar\u00eda da competici\u00f3n situada na Cidade da Cultura, entre as 8.30 e as 9.00 horas.<\/p>\n<p><img loading=\"lazy\" decoding=\"async\" class=\"size-full wp-image-15208 aligncenter\" src=\"https:\/\/clubourenseatletismo.es\/blog\/wp-content\/uploads\/2021\/05\/foto-3.jpg\" alt=\"\" width=\"649\" height=\"139\" srcset=\"http:\/\/clubourenseatletismo.es\/blog\/wp-content\/uploads\/2021\/05\/foto-3.jpg 649w, http:\/\/clubourenseatletismo.es\/blog\/wp-content\/uploads\/2021\/05\/foto-3-300x64.jpg 300w\" sizes=\"auto, (max-width: 649px) 100vw, 649px\" \/><\/p>\n<p>&nbsp;<\/p>\n<p style=\"text-align: center;\"><a class=\"fasc-button fasc-size-medium fasc-type-glossy fasc-rounded-medium fasc-ico-before dashicons-format-aside\" style=\"background-color: #218562; color: #ffffff;\" target=\"_blank\" href=\"https:\/\/carreirasgalegas.blob.core.windows.net\/docs\/5e6f0d80-ec73-9f8e-ce88-39fbfbc1f6dc-Regulamento%202021%20Carreira%20das%20Letras_rev.pdf\" rel=\"noopener\">Reglamento&nbsp;<\/a><\/p>\n","protected":false},"excerpt":{"rendered":"<p>Xurdir eventos, coa colaboraci\u00f3n da Conseller\u00eda de Cultura, Educaci\u00f3n e Universidade, a trav\u00e9s das secretar\u00edas xerais de Pol\u00edtica Ling\u00fc\u00edstica e de Cultura, organiza o luns 17 de maio&nbsp;a VII edici\u00f3n da Carreira Cami\u00f1o das Letras, coa proba absoluta que partir\u00e1 desde o Pico Sacro, seguindo&#8230;<\/p>\n","protected":false},"author":1,"featured_media":15207,"comment_status":"closed","ping_status":"closed","sticky":false,"template":"","format":"standard","meta":{"footnotes":""},"categories":[33],"tags":[],"class_list":["post-15206","post","type-post","status-publish","format-standard","has-post-thumbnail","hentry","category-competiciones-2"],"aioseo_notices":[],"_links":{"self":[{"href":"http:\/\/clubourenseatletismo.es\/blog\/wp-json\/wp\/v2\/posts\/15206","targetHints":{"allow":["GET"]}}],"collection":[{"href":"http:\/\/clubourenseatletismo.es\/blog\/wp-json\/wp\/v2\/posts"}],"about":[{"href":"http:\/\/clubourenseatletismo.es\/blog\/wp-json\/wp\/v2\/types\/post"}],"author":[{"embeddable":true,"href":"http:\/\/clubourenseatletismo.es\/blog\/wp-json\/wp\/v2\/users\/1"}],"replies":[{"embeddable":true,"href":"http:\/\/clubourenseatletismo.es\/blog\/wp-json\/wp\/v2\/comments?post=15206"}],"version-history":[{"count":1,"href":"http:\/\/clubourenseatletismo.es\/blog\/wp-json\/wp\/v2\/posts\/15206\/revisions"}],"predecessor-version":[{"id":15209,"href":"http:\/\/clubourenseatletismo.es\/blog\/wp-json\/wp\/v2\/posts\/15206\/revisions\/15209"}],"wp:featuredmedia":[{"embeddable":true,"href":"http:\/\/clubourenseatletismo.es\/blog\/wp-json\/wp\/v2\/media\/15207"}],"wp:attachment":[{"href":"http:\/\/clubourenseatletismo.es\/blog\/wp-json\/wp\/v2\/media?parent=15206"}],"wp:term":[{"taxonomy":"category","embeddable":true,"href":"http:\/\/clubourenseatletismo.es\/blog\/wp-json\/wp\/v2\/categories?post=15206"},{"taxonomy":"post_tag","embeddable":true,"href":"http:\/\/clubourenseatletismo.es\/blog\/wp-json\/wp\/v2\/tags?post=15206"}],"curies":[{"name":"wp","href":"https:\/\/api.w.org\/{rel}","templated":true}]}}