{"id":15198,"date":"2021-05-08T11:47:51","date_gmt":"2021-05-08T09:47:51","guid":{"rendered":"https:\/\/clubourenseatletismo.es\/blog\/?p=15198"},"modified":"2021-05-12T21:38:33","modified_gmt":"2021-05-12T19:38:33","slug":"controis-de-marcas-a-coruna","status":"publish","type":"post","link":"http:\/\/clubourenseatletismo.es\/blog\/2021\/05\/08\/controis-de-marcas-a-coruna\/","title":{"rendered":"Controis de Marcas A Coru\u00f1a."},"content":{"rendered":"<p><img loading=\"lazy\" decoding=\"async\" class=\"alignleft wp-image-15199\" src=\"https:\/\/clubourenseatletismo.es\/blog\/wp-content\/uploads\/2021\/05\/Club-Atletismo-Sada.jpg\" alt=\"\" width=\"137\" height=\"137\" srcset=\"http:\/\/clubourenseatletismo.es\/blog\/wp-content\/uploads\/2021\/05\/Club-Atletismo-Sada.jpg 250w, http:\/\/clubourenseatletismo.es\/blog\/wp-content\/uploads\/2021\/05\/Club-Atletismo-Sada-150x150.jpg 150w\" sizes=\"auto, (max-width: 137px) 100vw, 137px\" \/>O Club Atletismo Sada organizar\u00e1 o pr\u00f3ximo 14 de Maio nas pistas do Inef de Bastiagueiro o I Control de Menores Sada.<\/p>\n<p>As inscrici\u00f3ns pecharanse as 20:00 do luns 10 de Maio e ter\u00e1 <strong>unha cuota de 5\u20ac por atleta.<\/strong><\/p>\n<p>Os atletas so poder\u00e1n participar en 2 probas.<\/p>\n<p>En caso de que haxa m\u00e1is inscritos que os limitados, a orde de admisi\u00f3n \u00e9:<br \/>\n1.- Atletas do club organizador<br \/>\n2.- Atletas de clubes asociados<br \/>\n3.- Ter\u00e1n preferencia os atletas sen marca. Farase sorteo entre os atletas inscritos sen marca coas prazas libres.<\/p>\n<p>&nbsp;<\/p>\n<p style=\"text-align: center;\">&nbsp;<a class=\"fasc-button fasc-size-medium fasc-type-glossy fasc-rounded-medium fasc-ico-before dashicons-format-aside\" style=\"background-color: #218562; color: #ffffff;\" target=\"_blank\" rel=\"noopener\" href=\"https:\/\/atletismo.gal\/wp-content\/uploads\/2021\/05\/Regulamento-control-menores-Sada-07_05.pdf\">Reglamento&nbsp;&nbsp;<\/a>&nbsp; &nbsp; &nbsp;&nbsp;<a class=\"fasc-button fasc-size-medium fasc-type-glossy fasc-rounded-medium fasc-ico-before dashicons-groups\" style=\"background-color: #324994; color: #ffffff;\" target=\"_blank\" rel=\"noopener\" href=\"https:\/\/atletismo.gal\/wp-content\/uploads\/2021\/05\/INSCBASTIAGUEIRO140521-1.pdf\">Inscritos<\/a><\/p>\n<p>&nbsp;<\/p>\n<h4>II CONTROL DE MARCAS RIAZOR CORU\u00d1A<\/h4>\n<p><img loading=\"lazy\" decoding=\"async\" class=\"alignleft wp-image-15200\" src=\"https:\/\/clubourenseatletismo.es\/blog\/wp-content\/uploads\/2021\/05\/Club-Atletismo-Riazor-Coruna.jpg\" alt=\"\" width=\"143\" height=\"148\" srcset=\"http:\/\/clubourenseatletismo.es\/blog\/wp-content\/uploads\/2021\/05\/Club-Atletismo-Riazor-Coruna.jpg 500w, http:\/\/clubourenseatletismo.es\/blog\/wp-content\/uploads\/2021\/05\/Club-Atletismo-Riazor-Coruna-290x300.jpg 290w\" sizes=\"auto, (max-width: 143px) 100vw, 143px\" \/>O Club Atletismo Riazor Coru\u00f1a en colaboraci\u00f3n con Concello de A Coru\u00f1a e Universidade de A Coru\u00f1a celebrar\u00e1 o luns, 17 de maio, nas pista universitarias de Elvi\u00f1a o II Control de Marcas.&nbsp;<\/p>\n<p>Aplicarase o criterio de selecci\u00f3n de mellores marcas, conforme \u00f3s anos 2019 e 2020 na proba espec\u00edfica e similares (indicando marca e data no campo \u201cdorsal).<\/p>\n<p>As inscrici\u00f3ns faranse ata as 22.00h do martes 11 de maio. <strong>Existir\u00e1 unha cota de inscrici\u00f3n de 3 euros por atleta.<\/strong><\/p>\n<p>Poderanse admitir inscrici\u00f3ns fora de prazo ata o xoves 13 as 20h enviando un correo ao clube (riazoratletismo@yahoo), que poder\u00e1n ser admitidas o denegadas en funci\u00f3n das prazas libres e segundo o criterio do director t\u00e9cnico do clube.<\/p>\n<p><strong>Esta Inscrici\u00f3n f\u00f3ra de prazo ten unha cota de 5\u20ac.<\/strong><\/p>\n<p>Na proba de salto de lonxitude e triplo salto haber\u00e1 tres intentos para as categor\u00edas sub10, sub12 e sub14; e catro intentos para o resto de categor\u00edas.<\/p>\n<p style=\"text-align: center;\"><a class=\"fasc-button fasc-size-medium fasc-type-glossy fasc-rounded-medium fasc-ico-before dashicons-format-aside\" style=\"background-color: #218562; color: #ffffff;\" target=\"_blank\" rel=\"noopener\" href=\"https:\/\/atletismo.gal\/wp-content\/uploads\/2021\/05\/REGLAMENTO-II-CONTROL-ELVINA1-patra-carlos-sinmedidas.pdf\">Reglamento&nbsp;&nbsp;<\/a>&nbsp; &nbsp;<a class=\"fasc-button fasc-size-medium fasc-type-glossy fasc-rounded-medium fasc-ico-before dashicons-groups\" style=\"background-color: #324994; color: #ffffff;\" target=\"_blank\" href=\"https:\/\/atletismo.gal\/wp-content\/uploads\/2021\/05\/incccarreras170521.pdf\" rel=\"noopener\">Inscritos<\/a><\/p>\n","protected":false},"excerpt":{"rendered":"<p>O Club Atletismo Sada organizar\u00e1 o pr\u00f3ximo 14 de Maio nas pistas do Inef de Bastiagueiro o I Control de Menores Sada. As inscrici\u00f3ns pecharanse as 20:00 do luns 10 de Maio e ter\u00e1 unha cuota de 5\u20ac por atleta. Os atletas so poder\u00e1n participar&#8230;<\/p>\n","protected":false},"author":1,"featured_media":14751,"comment_status":"closed","ping_status":"closed","sticky":false,"template":"","format":"standard","meta":{"footnotes":""},"categories":[33],"tags":[],"class_list":["post-15198","post","type-post","status-publish","format-standard","has-post-thumbnail","hentry","category-competiciones-2"],"aioseo_notices":[],"_links":{"self":[{"href":"http:\/\/clubourenseatletismo.es\/blog\/wp-json\/wp\/v2\/posts\/15198","targetHints":{"allow":["GET"]}}],"collection":[{"href":"http:\/\/clubourenseatletismo.es\/blog\/wp-json\/wp\/v2\/posts"}],"about":[{"href":"http:\/\/clubourenseatletismo.es\/blog\/wp-json\/wp\/v2\/types\/post"}],"author":[{"embeddable":true,"href":"http:\/\/clubourenseatletismo.es\/blog\/wp-json\/wp\/v2\/users\/1"}],"replies":[{"embeddable":true,"href":"http:\/\/clubourenseatletismo.es\/blog\/wp-json\/wp\/v2\/comments?post=15198"}],"version-history":[{"count":7,"href":"http:\/\/clubourenseatletismo.es\/blog\/wp-json\/wp\/v2\/posts\/15198\/revisions"}],"predecessor-version":[{"id":15256,"href":"http:\/\/clubourenseatletismo.es\/blog\/wp-json\/wp\/v2\/posts\/15198\/revisions\/15256"}],"wp:featuredmedia":[{"embeddable":true,"href":"http:\/\/clubourenseatletismo.es\/blog\/wp-json\/wp\/v2\/media\/14751"}],"wp:attachment":[{"href":"http:\/\/clubourenseatletismo.es\/blog\/wp-json\/wp\/v2\/media?parent=15198"}],"wp:term":[{"taxonomy":"category","embeddable":true,"href":"http:\/\/clubourenseatletismo.es\/blog\/wp-json\/wp\/v2\/categories?post=15198"},{"taxonomy":"post_tag","embeddable":true,"href":"http:\/\/clubourenseatletismo.es\/blog\/wp-json\/wp\/v2\/tags?post=15198"}],"curies":[{"name":"wp","href":"https:\/\/api.w.org\/{rel}","templated":true}]}}