{"id":15181,"date":"2021-05-02T19:55:40","date_gmt":"2021-05-02T17:55:40","guid":{"rendered":"https:\/\/clubourenseatletismo.es\/blog\/?p=15181"},"modified":"2021-05-02T19:55:40","modified_gmt":"2021-05-02T17:55:40","slug":"homenaje-al-presidente-del-club","status":"publish","type":"post","link":"http:\/\/clubourenseatletismo.es\/blog\/2021\/05\/02\/homenaje-al-presidente-del-club\/","title":{"rendered":"Homenaje al Presidente del Club."},"content":{"rendered":"<p><img loading=\"lazy\" decoding=\"async\" class=\"wp-image-15182 alignleft\" src=\"https:\/\/clubourenseatletismo.es\/blog\/wp-content\/uploads\/2021\/05\/1619975488147-1024x768.jpg\" alt=\"\" width=\"560\" height=\"420\" srcset=\"http:\/\/clubourenseatletismo.es\/blog\/wp-content\/uploads\/2021\/05\/1619975488147-1024x768.jpg 1024w, http:\/\/clubourenseatletismo.es\/blog\/wp-content\/uploads\/2021\/05\/1619975488147-300x225.jpg 300w, http:\/\/clubourenseatletismo.es\/blog\/wp-content\/uploads\/2021\/05\/1619975488147-768x576.jpg 768w, http:\/\/clubourenseatletismo.es\/blog\/wp-content\/uploads\/2021\/05\/1619975488147-1536x1152.jpg 1536w, http:\/\/clubourenseatletismo.es\/blog\/wp-content\/uploads\/2021\/05\/1619975488147-800x600.jpg 800w, http:\/\/clubourenseatletismo.es\/blog\/wp-content\/uploads\/2021\/05\/1619975488147-700x525.jpg 700w, http:\/\/clubourenseatletismo.es\/blog\/wp-content\/uploads\/2021\/05\/1619975488147.jpg 2048w\" sizes=\"auto, (max-width: 560px) 100vw, 560px\" \/><\/p>\n<p>Aprovechando la asistencia de nuestro Presidente Jos\u00e9 Antonio \u00c1lvarez, el cuerpo t\u00e9cnico quiso rendirle un homenaje por su trayectoria en la recuperaci\u00f3n del atletismo orensano y al frente de nuestro club en particular durante estos a\u00f1os. A tal efecto se le hizo entrega de una placa conmemorativa recordando este instante.&nbsp;<\/p>\n<p>&nbsp;<\/p>\n<p style=\"text-align: center;\"><a class=\"fasc-button fasc-size-medium fasc-type-glossy fasc-rounded-medium fasc-ico-before dashicons-camera\" style=\"background-color: #33809e; color: #ffffff;\" target=\"_blank\" rel=\"noopener\" href=\"https:\/\/photos.app.goo.gl\/qEU5Z9tTbwSBFVN89\">Fotos<\/a><\/p>\n","protected":false},"excerpt":{"rendered":"<p>Aprovechando la asistencia de nuestro Presidente Jos\u00e9 Antonio \u00c1lvarez, el cuerpo t\u00e9cnico quiso rendirle un homenaje por su trayectoria en la recuperaci\u00f3n del atletismo orensano y al frente de nuestro club en particular durante estos a\u00f1os. A tal efecto se le hizo entrega de una&#8230;<\/p>\n","protected":false},"author":1,"featured_media":15182,"comment_status":"closed","ping_status":"closed","sticky":false,"template":"","format":"standard","meta":{"footnotes":""},"categories":[7],"tags":[],"class_list":["post-15181","post","type-post","status-publish","format-standard","has-post-thumbnail","hentry","category-noticias"],"aioseo_notices":[],"_links":{"self":[{"href":"http:\/\/clubourenseatletismo.es\/blog\/wp-json\/wp\/v2\/posts\/15181","targetHints":{"allow":["GET"]}}],"collection":[{"href":"http:\/\/clubourenseatletismo.es\/blog\/wp-json\/wp\/v2\/posts"}],"about":[{"href":"http:\/\/clubourenseatletismo.es\/blog\/wp-json\/wp\/v2\/types\/post"}],"author":[{"embeddable":true,"href":"http:\/\/clubourenseatletismo.es\/blog\/wp-json\/wp\/v2\/users\/1"}],"replies":[{"embeddable":true,"href":"http:\/\/clubourenseatletismo.es\/blog\/wp-json\/wp\/v2\/comments?post=15181"}],"version-history":[{"count":2,"href":"http:\/\/clubourenseatletismo.es\/blog\/wp-json\/wp\/v2\/posts\/15181\/revisions"}],"predecessor-version":[{"id":15184,"href":"http:\/\/clubourenseatletismo.es\/blog\/wp-json\/wp\/v2\/posts\/15181\/revisions\/15184"}],"wp:featuredmedia":[{"embeddable":true,"href":"http:\/\/clubourenseatletismo.es\/blog\/wp-json\/wp\/v2\/media\/15182"}],"wp:attachment":[{"href":"http:\/\/clubourenseatletismo.es\/blog\/wp-json\/wp\/v2\/media?parent=15181"}],"wp:term":[{"taxonomy":"category","embeddable":true,"href":"http:\/\/clubourenseatletismo.es\/blog\/wp-json\/wp\/v2\/categories?post=15181"},{"taxonomy":"post_tag","embeddable":true,"href":"http:\/\/clubourenseatletismo.es\/blog\/wp-json\/wp\/v2\/tags?post=15181"}],"curies":[{"name":"wp","href":"https:\/\/api.w.org\/{rel}","templated":true}]}}