{"id":14983,"date":"2021-03-29T17:05:17","date_gmt":"2021-03-29T15:05:17","guid":{"rendered":"https:\/\/clubourenseatletismo.es\/blog\/?p=14983"},"modified":"2021-03-29T17:05:29","modified_gmt":"2021-03-29T15:05:29","slug":"una-medalla-mas-para-cerrar-el-campeonato-de-los-mas-jovenes","status":"publish","type":"post","link":"http:\/\/clubourenseatletismo.es\/blog\/2021\/03\/29\/una-medalla-mas-para-cerrar-el-campeonato-de-los-mas-jovenes\/","title":{"rendered":"Una medalla m\u00e1s para cerrar el Campeonato de los m\u00e1s j\u00f3venes."},"content":{"rendered":"<p><img loading=\"lazy\" decoding=\"async\" class=\" wp-image-14988 aligncenter\" src=\"https:\/\/clubourenseatletismo.es\/blog\/wp-content\/uploads\/2021\/03\/1617029539681-1024x768.jpg\" alt=\"\" width=\"774\" height=\"580\" srcset=\"http:\/\/clubourenseatletismo.es\/blog\/wp-content\/uploads\/2021\/03\/1617029539681-1024x768.jpg 1024w, http:\/\/clubourenseatletismo.es\/blog\/wp-content\/uploads\/2021\/03\/1617029539681-300x225.jpg 300w, http:\/\/clubourenseatletismo.es\/blog\/wp-content\/uploads\/2021\/03\/1617029539681-768x576.jpg 768w, http:\/\/clubourenseatletismo.es\/blog\/wp-content\/uploads\/2021\/03\/1617029539681-1536x1152.jpg 1536w, http:\/\/clubourenseatletismo.es\/blog\/wp-content\/uploads\/2021\/03\/1617029539681-800x600.jpg 800w, http:\/\/clubourenseatletismo.es\/blog\/wp-content\/uploads\/2021\/03\/1617029539681-700x525.jpg 700w, http:\/\/clubourenseatletismo.es\/blog\/wp-content\/uploads\/2021\/03\/1617029539681.jpg 2048w\" sizes=\"auto, (max-width: 774px) 100vw, 774px\" \/><\/p>\n<p>La pista del CGTD de Pontevedra volver\u00eda a ser la gran protagonista este pasado fin de semana; la competici\u00f3n atl\u00e9tica viene marcada por la disputa de la segunda parte del XIV Campeonato de Galicia Sub 10, Sub12 e Sub14 de pista Cubierta, ya que en esta ocasi\u00f3n se disputaban las pruebas de larga distancia, por la disputa del VI Campeonato de Galicia de&nbsp; Pentatl\u00f3n de Lanzamientos M\u00e1ster y por la celebraci\u00f3n del V Control en Pista al Aire Libre. Todo ello unido a las estrictas medidas anti-covid que se vienen implantando har\u00edan que el continuo deambular de atletas fuera una constante.&nbsp;<\/p>\n<p>Hablando de los resultados obtenidos por nuestros atletas, debemos destacar en el Campeonato de Lanzamientos la participaci\u00f3n de <strong>Jos\u00e9 Luis Pav\u00f3n<\/strong> s\u00e9ptimo en la categor\u00eda M50 finaliz\u00f3 con 1.871 puntos gracias a unos resultados obtenidos en su participaci\u00f3n en las pruebas que componen el pentatl\u00f3n lanzamiento de (disco, peso, martillo, martillo pesado y jabalina).<\/p>\n<table style=\"width: 78.7878%; height: 204px;\" width=\"669\">\n<tbody>\n<tr>\n<td style=\"width: 8.27068%;\" width=\"80\">Pav\u00f3n<\/td>\n<td style=\"width: 11.1014%;\" width=\"80\">Grande<\/td>\n<td style=\"width: 11.7302%;\" width=\"80\">Jos\u00e9 Luis<\/td>\n<td style=\"width: 38.9938%;\" width=\"222\">Lanzamiento Martillo 6 kg<\/td>\n<td style=\"width: 3.58809%;\" width=\"47\">7\u00ba<\/td>\n<td style=\"width: 11.8797%;\" width=\"80\">21.93 mts<\/td>\n<td style=\"width: 11.7293%;\" width=\"80\">287 ptos<\/td>\n<\/tr>\n<tr>\n<td style=\"width: 8.27068%;\">Pav\u00f3n<\/td>\n<td style=\"width: 11.1014%;\">Grande<\/td>\n<td style=\"width: 11.7302%;\">Jos\u00e9 Luis<\/td>\n<td style=\"width: 38.9938%;\">Lanzamiento Disco 1,5 kg<\/td>\n<td style=\"width: 3.58809%;\">6\u00ba<\/td>\n<td style=\"width: 11.8797%;\">24.74 mts<\/td>\n<td style=\"width: 11.7293%;\">372 ptos<\/td>\n<\/tr>\n<tr>\n<td style=\"width: 8.27068%;\">Pav\u00f3n<\/td>\n<td style=\"width: 11.1014%;\">Grande<\/td>\n<td style=\"width: 11.7302%;\">Jos\u00e9 Luis<\/td>\n<td style=\"width: 38.9938%;\">Lanzamiento Jabalina 700 grs<\/td>\n<td style=\"width: 3.58809%;\">5\u00ba<\/td>\n<td style=\"width: 11.8797%;\">23.46 mts<\/td>\n<td style=\"width: 11.7293%;\">282 ptos<\/td>\n<\/tr>\n<tr>\n<td style=\"width: 8.27068%;\">Pav\u00f3n<\/td>\n<td style=\"width: 11.1014%;\">Grande<\/td>\n<td style=\"width: 11.7302%;\">Jos\u00e9 Luis<\/td>\n<td style=\"width: 38.9938%;\">Lanzamiento Martillo Pesado 11,34 kg<\/td>\n<td style=\"width: 3.58809%;\">7\u00ba<\/td>\n<td style=\"width: 11.8797%;\">7.98 mts<\/td>\n<td style=\"width: 11.7293%;\">361 ptos<\/td>\n<\/tr>\n<tr>\n<td style=\"width: 8.27068%;\">Pav\u00f3n<\/td>\n<td style=\"width: 11.1014%;\">Grande<\/td>\n<td style=\"width: 11.7302%;\">Jos\u00e9 Luis<\/td>\n<td style=\"width: 38.9938%;\">Lanzamiento Peso 6 kg<\/td>\n<td style=\"width: 3.58809%;\">5\u00ba<\/td>\n<td style=\"width: 11.8797%;\">9.72 mts<\/td>\n<td style=\"width: 11.7293%;\">569 ptos<\/td>\n<\/tr>\n<tr>\n<td style=\"width: 8.27068%;\">Pav\u00f3n<\/td>\n<td style=\"width: 11.1014%;\">Grande<\/td>\n<td style=\"width: 11.7302%;\">Jos\u00e9 Luis<\/td>\n<td style=\"width: 38.9938%;\">Pentathl\u00f3n<\/td>\n<td style=\"width: 3.58809%;\">6\u00ba<\/td>\n<td style=\"width: 11.8797%;\">1.871 ptos<\/td>\n<td style=\"width: 11.7293%;\">&nbsp;<\/td>\n<\/tr>\n<\/tbody>\n<\/table>\n<p>&nbsp;<\/p>\n<p>&nbsp;<\/p>\n<p style=\"text-align: center;\"><a class=\"fasc-button fasc-size-medium fasc-type-glossy fasc-rounded-medium ico-fa fasc-ico-before fa-trophy\" style=\"background-color: #e66903; color: #ffffff;\" target=\"_blank\" rel=\"noopener\" href=\"https:\/\/atletismo.gal\/wp-content\/uploads\/2021\/02\/rp280321pentamaster.pdf\">Resultados&nbsp;&nbsp;<\/a><\/p>\n<div class=\"kvgmc6g5 cxmmr5t8 oygrvhab hcukyx3x c1et5uql ii04i59q\">\n<div dir=\"auto\">En lo referente al control de marcas nuestro club estar\u00eda representado por la actuaci\u00f3n de dos participantes. Una ser\u00eda en la prueba de los 5.000 mts donde <strong>Edymar Brea<\/strong> si bien no pudo mejorar sus marcas de momento, con su actuaci\u00f3n 16\u201932\u201d55&nbsp; establec\u00eda un nuevo r\u00e9cord del club para su categor\u00eda al mejorar en m\u00e1s de 30 segundos la anterior marca de Erea Rodr\u00edguez&nbsp; realizada en 2011 en Pontevedra. Se trata de una prueba el &nbsp;5.000m muy complicada y donde las circunstancias de la carrera ya que estuvo sola junto a Marta Casanova influyeron en su resultado, a\u00fan as\u00ed lograba completarla en primera posici\u00f3n con gran autoridad.&nbsp;&nbsp;<\/div>\n<\/div>\n<div dir=\"auto\">\n<p>El otro representante de nuestro club ser\u00eda <strong>Pablo Vicente<\/strong> quien particip\u00f3 en id\u00e9ntica prueba que su compa\u00f1era los 5.000 mts. Empezar\u00eda la carrera con un buen ritmo pero unos problemas musculares le har\u00edan abandonar pasado el ecuador de la prueba.&nbsp;<\/p>\n<\/div>\n<div dir=\"auto\" style=\"text-align: center;\">&nbsp;<\/div>\n<div dir=\"auto\"><img loading=\"lazy\" decoding=\"async\" class=\"wp-image-14989 alignleft\" src=\"https:\/\/clubourenseatletismo.es\/blog\/wp-content\/uploads\/2021\/03\/1617029539401-768x1024.jpg\" alt=\"\" width=\"279\" height=\"372\" srcset=\"http:\/\/clubourenseatletismo.es\/blog\/wp-content\/uploads\/2021\/03\/1617029539401-768x1024.jpg 768w, http:\/\/clubourenseatletismo.es\/blog\/wp-content\/uploads\/2021\/03\/1617029539401-225x300.jpg 225w, http:\/\/clubourenseatletismo.es\/blog\/wp-content\/uploads\/2021\/03\/1617029539401-1152x1536.jpg 1152w, http:\/\/clubourenseatletismo.es\/blog\/wp-content\/uploads\/2021\/03\/1617029539401-600x800.jpg 600w, http:\/\/clubourenseatletismo.es\/blog\/wp-content\/uploads\/2021\/03\/1617029539401-700x933.jpg 700w, http:\/\/clubourenseatletismo.es\/blog\/wp-content\/uploads\/2021\/03\/1617029539401.jpg 1536w\" sizes=\"auto, (max-width: 279px) 100vw, 279px\" \/><\/div>\n<div dir=\"auto\"><img loading=\"lazy\" decoding=\"async\" class=\"alignleft wp-image-14990\" src=\"https:\/\/clubourenseatletismo.es\/blog\/wp-content\/uploads\/2021\/03\/1617029539388.jpg\" alt=\"\" width=\"352\" height=\"370\" srcset=\"http:\/\/clubourenseatletismo.es\/blog\/wp-content\/uploads\/2021\/03\/1617029539388.jpg 375w, http:\/\/clubourenseatletismo.es\/blog\/wp-content\/uploads\/2021\/03\/1617029539388-285x300.jpg 285w\" sizes=\"auto, (max-width: 352px) 100vw, 352px\" \/><\/div>\n<div dir=\"auto\">&nbsp;<\/div>\n<div dir=\"auto\">&nbsp;<\/div>\n<div dir=\"auto\">&nbsp;<\/div>\n<div dir=\"auto\">&nbsp;<\/div>\n<div dir=\"auto\">&nbsp;<\/div>\n<div dir=\"auto\">&nbsp;<\/div>\n<div dir=\"auto\">&nbsp;<\/div>\n<div dir=\"auto\">&nbsp;<\/div>\n<div dir=\"auto\">&nbsp;<\/div>\n<div dir=\"auto\">&nbsp;<\/div>\n<div dir=\"auto\">&nbsp;<\/div>\n<div dir=\"auto\">&nbsp;<\/div>\n<div dir=\"auto\">&nbsp;<\/div>\n<div dir=\"auto\">&nbsp;<\/div>\n<div dir=\"auto\">&nbsp;<\/div>\n<div dir=\"auto\">&nbsp;<\/div>\n<div dir=\"auto\">&nbsp;<\/div>\n<div dir=\"auto\">&nbsp;<\/div>\n<div dir=\"auto\">Por \u00faltimo el plato fuerte de la jornada donde los atletas m\u00e1s j\u00f3venes del club ser\u00edan los grandes protagonistas.&nbsp; En cuanto a los resultados sobresali\u00f3 la atleta sub 14 <strong>Susana Padr\u00f3n<\/strong> que fue la \u00fanica medalla obtenida, ser\u00eda un bronce en la prueba de los 2.000 mts femenino consiguiendo mejorar su marca personal con un tiempo de &nbsp;7\u201919\u201d55, siendo adem\u00e1s nuevo r\u00e9cord del club en su categor\u00eda.<\/div>\n<div dir=\"auto\">&nbsp;<\/div>\n<div dir=\"auto\"><img loading=\"lazy\" decoding=\"async\" class=\" wp-image-14991 aligncenter\" src=\"https:\/\/clubourenseatletismo.es\/blog\/wp-content\/uploads\/2021\/03\/1617029539586-768x1024.jpg\" alt=\"\" width=\"441\" height=\"588\" srcset=\"http:\/\/clubourenseatletismo.es\/blog\/wp-content\/uploads\/2021\/03\/1617029539586-768x1024.jpg 768w, http:\/\/clubourenseatletismo.es\/blog\/wp-content\/uploads\/2021\/03\/1617029539586-225x300.jpg 225w, http:\/\/clubourenseatletismo.es\/blog\/wp-content\/uploads\/2021\/03\/1617029539586-1152x1536.jpg 1152w, http:\/\/clubourenseatletismo.es\/blog\/wp-content\/uploads\/2021\/03\/1617029539586-600x800.jpg 600w, http:\/\/clubourenseatletismo.es\/blog\/wp-content\/uploads\/2021\/03\/1617029539586-700x933.jpg 700w, http:\/\/clubourenseatletismo.es\/blog\/wp-content\/uploads\/2021\/03\/1617029539586.jpg 1536w\" sizes=\"auto, (max-width: 441px) 100vw, 441px\" \/><\/div>\n<div dir=\"auto\">&nbsp;<\/div>\n<div dir=\"auto\">Resto de actuaciones:<\/div>\n<div dir=\"auto\">&nbsp;<\/div>\n<div dir=\"auto\">\n<div class=\"kvgmc6g5 cxmmr5t8 oygrvhab hcukyx3x c1et5uql ii04i59q\">\n<div dir=\"auto\">\n<table style=\"width: 61.2088%; height: 486px;\" width=\"522\">\n<tbody>\n<tr>\n<td style=\"width: 18.151%;\" width=\"80\">El Mansouri<\/td>\n<td style=\"width: 11.4017%;\" width=\"80\">&nbsp;<\/td>\n<td style=\"width: 12.6198%;\" width=\"80\">Yahya<\/td>\n<td style=\"width: 13.2588%;\" width=\"75\">1.000 mts<\/td>\n<td style=\"width: 11.8211%;\" width=\"47\">Sub 10<\/td>\n<td style=\"width: 6.07026%;\" width=\"80\">8\u00ba<\/td>\n<td style=\"width: 11.6613%;\" width=\"80\">04:03.66<\/td>\n<\/tr>\n<tr>\n<td style=\"width: 18.151%;\">Lorenzo<\/td>\n<td style=\"width: 11.4017%;\">Rodr\u00edguez<\/td>\n<td style=\"width: 12.6198%;\">Mateo<\/td>\n<td style=\"width: 13.2588%;\">1.000 mts<\/td>\n<td style=\"width: 11.8211%;\">Sub 12<\/td>\n<td style=\"width: 6.07026%;\">6\u00ba<\/td>\n<td style=\"width: 11.6613%;\">03:27.51<\/td>\n<\/tr>\n<tr>\n<td style=\"width: 18.151%;\">Gonz\u00e1lez<\/td>\n<td style=\"width: 11.4017%;\">Gonz\u00e1lez<\/td>\n<td style=\"width: 12.6198%;\">Nicol\u00e1s<\/td>\n<td style=\"width: 13.2588%;\">1.000 mts<\/td>\n<td style=\"width: 11.8211%;\">Sub 12<\/td>\n<td style=\"width: 6.07026%;\">11\u00ba<\/td>\n<td style=\"width: 11.6613%;\">03:36.56<\/td>\n<\/tr>\n<tr>\n<td style=\"width: 18.151%;\">Varela<\/td>\n<td style=\"width: 11.4017%;\">Salgado<\/td>\n<td style=\"width: 12.6198%;\">Sheila<\/td>\n<td style=\"width: 13.2588%;\">1.000 mts<\/td>\n<td style=\"width: 11.8211%;\">Sub 12<\/td>\n<td style=\"width: 6.07026%;\">12\u00aa<\/td>\n<td style=\"width: 11.6613%;\">03:50.33<\/td>\n<\/tr>\n<tr>\n<td style=\"width: 18.151%;\">Quintas<\/td>\n<td style=\"width: 11.4017%;\">Garc\u00eda<\/td>\n<td style=\"width: 12.6198%;\">Luc\u00eda<\/td>\n<td style=\"width: 13.2588%;\">1.000 mts<\/td>\n<td style=\"width: 11.8211%;\">Sub 12<\/td>\n<td style=\"width: 6.07026%;\">14\u00aa<\/td>\n<td style=\"width: 11.6613%;\">03:58.76<\/td>\n<\/tr>\n<tr>\n<td style=\"width: 18.151%;\">Nieto<\/td>\n<td style=\"width: 11.4017%;\">Dur\u00e1n<\/td>\n<td style=\"width: 12.6198%;\">Carla<\/td>\n<td style=\"width: 13.2588%;\">1.000 mts<\/td>\n<td style=\"width: 11.8211%;\">Sub 12<\/td>\n<td style=\"width: 6.07026%;\">16\u00aa<\/td>\n<td style=\"width: 11.6613%;\">04:05.10<\/td>\n<\/tr>\n<tr>\n<td style=\"width: 18.151%;\">Trapote<\/td>\n<td style=\"width: 11.4017%;\">Rivas<\/td>\n<td style=\"width: 12.6198%;\">Fernando<\/td>\n<td style=\"width: 13.2588%;\">2.000 mts<\/td>\n<td style=\"width: 11.8211%;\">Sub 14<\/td>\n<td style=\"width: 6.07026%;\">7\u00ba<\/td>\n<td style=\"width: 11.6613%;\">07:28.76<\/td>\n<\/tr>\n<tr>\n<td style=\"width: 18.151%;\">Sabucedo<\/td>\n<td style=\"width: 11.4017%;\">Curr\u00e1s<\/td>\n<td style=\"width: 12.6198%;\">Aloia<\/td>\n<td style=\"width: 13.2588%;\">1.000 mts<\/td>\n<td style=\"width: 11.8211%;\">Sub 14<\/td>\n<td style=\"width: 6.07026%;\">8\u00aa<\/td>\n<td style=\"width: 11.6613%;\">03:34.60<\/td>\n<\/tr>\n<tr>\n<td style=\"width: 18.151%;\">Gonz\u00e1lez<\/td>\n<td style=\"width: 11.4017%;\">Gonz\u00e1lez<\/td>\n<td style=\"width: 12.6198%;\">Alejandro<\/td>\n<td style=\"width: 13.2588%;\">1.000 mts<\/td>\n<td style=\"width: 11.8211%;\">Sub 14<\/td>\n<td style=\"width: 6.07026%;\">10\u00ba<\/td>\n<td style=\"width: 11.6613%;\">03:19.54<\/td>\n<\/tr>\n<tr>\n<td style=\"width: 18.151%;\">L\u00f3pez<\/td>\n<td style=\"width: 11.4017%;\">Fern\u00e1ndez<\/td>\n<td style=\"width: 12.6198%;\">Yago<\/td>\n<td style=\"width: 13.2588%;\">500 mts<\/td>\n<td style=\"width: 11.8211%;\">Sub 14<\/td>\n<td style=\"width: 6.07026%;\">23\u00ba<\/td>\n<td style=\"width: 11.6613%;\">01:37.27<\/td>\n<\/tr>\n<\/tbody>\n<\/table>\n<\/div>\n<\/div>\n<\/div>\n<div dir=\"auto\">&nbsp;<\/div>\n<p style=\"text-align: center;\"><a class=\"fasc-button fasc-size-medium fasc-type-glossy fasc-rounded-medium ico-fa fasc-ico-before fa-trophy\" style=\"background-color: #e66903; color: #ffffff;\" target=\"_blank\" rel=\"noopener\" href=\"https:\/\/atletismo.gal\/wp-content\/uploads\/2021\/02\/rp280321sub14_12_10.pdf\">Resultados&nbsp;&nbsp;<\/a>&nbsp; &nbsp;&nbsp;<a class=\"fasc-button fasc-size-medium fasc-type-glossy fasc-rounded-medium fasc-ico-before dashicons-camera\" style=\"background-color: #33809e; color: #ffffff;\" target=\"_blank\" rel=\"noopener\" href=\"https:\/\/photos.app.goo.gl\/1yjZ1Hn6Xfh4ZYzm6\">Galer\u00eda<\/a><\/p>\n","protected":false},"excerpt":{"rendered":"<p>La pista del CGTD de Pontevedra volver\u00eda a ser la gran protagonista este pasado fin de semana; la competici\u00f3n atl\u00e9tica viene marcada por la disputa de la segunda parte del XIV Campeonato de Galicia Sub 10, Sub12 e Sub14 de pista Cubierta, ya que en&#8230;<\/p>\n","protected":false},"author":1,"featured_media":0,"comment_status":"closed","ping_status":"closed","sticky":false,"template":"","format":"standard","meta":{"footnotes":""},"categories":[9],"tags":[],"class_list":["post-14983","post","type-post","status-publish","format-standard","hentry","category-resultados"],"aioseo_notices":[],"_links":{"self":[{"href":"http:\/\/clubourenseatletismo.es\/blog\/wp-json\/wp\/v2\/posts\/14983","targetHints":{"allow":["GET"]}}],"collection":[{"href":"http:\/\/clubourenseatletismo.es\/blog\/wp-json\/wp\/v2\/posts"}],"about":[{"href":"http:\/\/clubourenseatletismo.es\/blog\/wp-json\/wp\/v2\/types\/post"}],"author":[{"embeddable":true,"href":"http:\/\/clubourenseatletismo.es\/blog\/wp-json\/wp\/v2\/users\/1"}],"replies":[{"embeddable":true,"href":"http:\/\/clubourenseatletismo.es\/blog\/wp-json\/wp\/v2\/comments?post=14983"}],"version-history":[{"count":6,"href":"http:\/\/clubourenseatletismo.es\/blog\/wp-json\/wp\/v2\/posts\/14983\/revisions"}],"predecessor-version":[{"id":14993,"href":"http:\/\/clubourenseatletismo.es\/blog\/wp-json\/wp\/v2\/posts\/14983\/revisions\/14993"}],"wp:attachment":[{"href":"http:\/\/clubourenseatletismo.es\/blog\/wp-json\/wp\/v2\/media?parent=14983"}],"wp:term":[{"taxonomy":"category","embeddable":true,"href":"http:\/\/clubourenseatletismo.es\/blog\/wp-json\/wp\/v2\/categories?post=14983"},{"taxonomy":"post_tag","embeddable":true,"href":"http:\/\/clubourenseatletismo.es\/blog\/wp-json\/wp\/v2\/tags?post=14983"}],"curies":[{"name":"wp","href":"https:\/\/api.w.org\/{rel}","templated":true}]}}