{"id":14812,"date":"2021-02-28T21:35:10","date_gmt":"2021-02-28T20:35:10","guid":{"rendered":"https:\/\/clubourenseatletismo.es\/blog\/?p=14812"},"modified":"2021-03-01T17:24:45","modified_gmt":"2021-03-01T16:24:45","slug":"la-pista-de-expourense-nos-deja-13-metales","status":"publish","type":"post","link":"http:\/\/clubourenseatletismo.es\/blog\/2021\/02\/28\/la-pista-de-expourense-nos-deja-13-metales\/","title":{"rendered":"La pista de Expourense nos deja 13 metales."},"content":{"rendered":"<p class=\"entry-title\"><img loading=\"lazy\" decoding=\"async\" class=\" wp-image-14822 aligncenter\" src=\"https:\/\/clubourenseatletismo.es\/blog\/wp-content\/uploads\/2021\/02\/1614527856627-1024x576.jpg\" alt=\"\" width=\"768\" height=\"432\" srcset=\"http:\/\/clubourenseatletismo.es\/blog\/wp-content\/uploads\/2021\/02\/1614527856627-1024x576.jpg 1024w, http:\/\/clubourenseatletismo.es\/blog\/wp-content\/uploads\/2021\/02\/1614527856627-300x169.jpg 300w, http:\/\/clubourenseatletismo.es\/blog\/wp-content\/uploads\/2021\/02\/1614527856627-768x432.jpg 768w, http:\/\/clubourenseatletismo.es\/blog\/wp-content\/uploads\/2021\/02\/1614527856627-1536x864.jpg 1536w, http:\/\/clubourenseatletismo.es\/blog\/wp-content\/uploads\/2021\/02\/1614527856627-700x394.jpg 700w, http:\/\/clubourenseatletismo.es\/blog\/wp-content\/uploads\/2021\/02\/1614527856627-539x303.jpg 539w, http:\/\/clubourenseatletismo.es\/blog\/wp-content\/uploads\/2021\/02\/1614527856627.jpg 1600w\" sizes=\"auto, (max-width: 768px) 100vw, 768px\" \/><\/p>\n<p class=\"entry-title\">En cuanto a celebraci\u00f3n de actividades y a la consecuci\u00f3n de medallas por nuestros deportistas, la pista cubierta de Expourense no se quedar\u00eda atr\u00e1s. Comenzando por las competiciones del s\u00e1bado tendr\u00eda lugar el XXXII Campeonato de Galicia M\u00e1ster en Pista Cubierta donde nuestros veteranos tendr\u00edan la oportunidad de lucirse y demostrar que la experiencia y sabidur\u00eda obtenida a lo largo del tiempo, son bazas a tener en cuenta. Y eso lo demuestran las seis medallas conseguidas en este campeonato. El m\u00e1s laureado ser\u00eda <strong>Sergio Herrer\u00eda<\/strong>&nbsp; campe\u00f3n gallegoM-40 en el Triple Salto 11.79 mts y subcampe\u00f3n en la velocidad 60 mts (07.88) y en la longitud 5.58 mts.&nbsp;<\/p>\n<p>En nuestro club el sector de los lanzamientos cuenta con formidable salud y trayectoria y prueba de ello fueron las intervenciones de <strong>Julio Fern\u00e1ndez<\/strong> campe\u00f3n gallego M75 lanzando el peso de 4 kg a 7.28 mts ,<strong> M\u00aa Nuria<\/strong> <strong>Valencia<\/strong> campeona M50 que alejaba la bola de 3 kg a una distancia de 9.96 mts y<strong> Jos\u00e9 Luis Pav\u00f3n<\/strong> bronce M50 con un lanzamiento de 9.20mts en el peso de 6 kg. Muy cerca del podiun estuvo <strong>Antonio Touza<\/strong> M40 cuarto 27.12 en la prueba de los 200 mts, <strong>Germ\u00e1n Quiroga<\/strong> M45 particip\u00f3 en id\u00e9ntica distancia siendo sexto con&nbsp; 33.67.&nbsp;<\/p>\n<p>Felicidades chic@s por esos resultados.<\/p>\n<p style=\"text-align: center;\"><a class=\"fasc-button fasc-size-medium fasc-type-glossy fasc-rounded-medium ico-fa fasc-ico-before fa-trophy\" style=\"background-color: #e66903; color: #ffffff;\" target=\"_blank\" rel=\"noopener\" href=\"https:\/\/atletismo.gal\/wp-content\/uploads\/2021\/01\/RO270221MASTER.pdf\">Resultados&nbsp;&nbsp;<\/a><\/p>\n<p>&nbsp;<\/p>\n<p class=\"entry-title\"><img loading=\"lazy\" decoding=\"async\" class=\" wp-image-14818 aligncenter\" src=\"https:\/\/clubourenseatletismo.es\/blog\/wp-content\/uploads\/2021\/02\/1614527856838-1024x768.jpg\" alt=\"\" width=\"580\" height=\"435\" srcset=\"http:\/\/clubourenseatletismo.es\/blog\/wp-content\/uploads\/2021\/02\/1614527856838-1024x768.jpg 1024w, http:\/\/clubourenseatletismo.es\/blog\/wp-content\/uploads\/2021\/02\/1614527856838-300x225.jpg 300w, http:\/\/clubourenseatletismo.es\/blog\/wp-content\/uploads\/2021\/02\/1614527856838-768x576.jpg 768w, http:\/\/clubourenseatletismo.es\/blog\/wp-content\/uploads\/2021\/02\/1614527856838-1536x1152.jpg 1536w, http:\/\/clubourenseatletismo.es\/blog\/wp-content\/uploads\/2021\/02\/1614527856838-800x600.jpg 800w, http:\/\/clubourenseatletismo.es\/blog\/wp-content\/uploads\/2021\/02\/1614527856838-700x525.jpg 700w, http:\/\/clubourenseatletismo.es\/blog\/wp-content\/uploads\/2021\/02\/1614527856838.jpg 1600w\" sizes=\"auto, (max-width: 580px) 100vw, 580px\" \/><\/p>\n<p class=\"entry-title\">Otra de las pruebas desenvueltas fue el III\u00ba Control de Inverno FGA en Pista Cubierta, donde nuestros atletas contin\u00faan esa progresi\u00f3n tratando de mejorar en cada una de sus participaciones. Siendo una oportunidad para acercarse a otras disciplinas de las que se compone el atletismo.&nbsp;<\/p>\n<table style=\"width: 74.3108%; height: 461px;\" width=\"573\">\n<tbody>\n<tr>\n<td style=\"width: 12.3324%;\" width=\"69\">Fern\u00e1ndez<\/td>\n<td style=\"width: 12.0643%;\" width=\"70\">Calvi\u00f1o<\/td>\n<td style=\"width: 11.9303%;\" width=\"64\">Adri\u00e1n<\/td>\n<td style=\"width: 21.5818%;\" width=\"130\">60 m vallas (0,84 m)&nbsp;<\/td>\n<td style=\"width: 10.4421%;\" width=\"80\">Sub 14<\/td>\n<td style=\"width: 7.92249%; text-align: center;\" width=\"80\">5\u00ba<\/td>\n<td style=\"width: 10.8579%;\" width=\"80\">00:13.14<\/td>\n<\/tr>\n<tr>\n<td style=\"width: 12.3324%;\" width=\"69\">Gonz\u00e1lez<\/td>\n<td style=\"width: 12.0643%;\">Mart\u00ednez<\/td>\n<td style=\"width: 11.9303%;\">Ad\u00e1n<\/td>\n<td style=\"width: 21.5818%;\">60 m vallas (0,84 m)&nbsp;<\/td>\n<td style=\"width: 10.4421%;\">Sub 14<\/td>\n<td style=\"width: 7.92249%; text-align: center;\">1\u00ba<\/td>\n<td style=\"width: 10.8579%;\">00:11.72<\/td>\n<\/tr>\n<tr>\n<td style=\"width: 12.3324%;\" width=\"69\">Quiroga<\/td>\n<td style=\"width: 12.0643%;\">Pousa<\/td>\n<td style=\"width: 11.9303%;\">Marta<\/td>\n<td style=\"width: 21.5818%;\">60 m vallas (0,762 m)<\/td>\n<td style=\"width: 10.4421%;\">Sub 14<\/td>\n<td style=\"width: 7.92249%; text-align: center;\">7\u00aa<\/td>\n<td style=\"width: 10.8579%;\">00:12.96<\/td>\n<\/tr>\n<tr>\n<td style=\"width: 12.3324%;\" width=\"69\">Ruiz<\/td>\n<td style=\"width: 12.0643%;\">Salorio<\/td>\n<td style=\"width: 11.9303%;\">Guillermo<\/td>\n<td style=\"width: 21.5818%;\">60 m vallas (0,84 m)&nbsp;<\/td>\n<td style=\"width: 10.4421%;\">Sub 14<\/td>\n<td style=\"width: 7.92249%; text-align: center;\">3\u00ba<\/td>\n<td style=\"width: 10.8579%;\">00:12.27<\/td>\n<\/tr>\n<tr>\n<td style=\"width: 12.3324%;\" width=\"69\">Blanco<\/td>\n<td style=\"width: 12.0643%;\">Migu\u00e9lez<\/td>\n<td style=\"width: 11.9303%;\">Manuela<\/td>\n<td style=\"width: 21.5818%;\">300 mts<\/td>\n<td style=\"width: 10.4421%;\">Sub 16<\/td>\n<td style=\"width: 7.92249%; text-align: center;\">1\u00aa<\/td>\n<td style=\"width: 10.8579%;\">00:43.60<\/td>\n<\/tr>\n<tr>\n<td style=\"width: 12.3324%;\" width=\"69\">Salgado<\/td>\n<td style=\"width: 12.0643%;\">Rodr\u00edguez<\/td>\n<td style=\"width: 11.9303%;\">Kiara<\/td>\n<td style=\"width: 21.5818%;\">60 m vallas (0,762 m)<\/td>\n<td style=\"width: 10.4421%;\">Sub 16<\/td>\n<td style=\"width: 7.92249%; text-align: center;\">2\u00aa<\/td>\n<td style=\"width: 10.8579%;\">00:10.52<\/td>\n<\/tr>\n<tr>\n<td style=\"width: 12.3324%;\" width=\"69\"><span style=\"background-color: #99ccff;\">Trillo<\/span><\/td>\n<td style=\"width: 12.0643%;\"><span style=\"background-color: #99ccff;\">Garc\u00eda&nbsp;<\/span><\/td>\n<td style=\"width: 11.9303%;\"><span style=\"background-color: #99ccff;\">Javier<\/span><\/td>\n<td style=\"width: 21.5818%;\"><span style=\"background-color: #99ccff;\">300 mts<\/span><\/td>\n<td style=\"width: 10.4421%;\"><span style=\"background-color: #99ccff;\">Sub 16<\/span><\/td>\n<td style=\"width: 7.92249%; text-align: center;\"><span style=\"background-color: #99ccff;\">1\u00ba<\/span><\/td>\n<td style=\"width: 10.8579%;\"><span style=\"background-color: #99ccff;\">00:37.14<\/span><\/td>\n<\/tr>\n<tr>\n<td style=\"width: 12.3324%;\" width=\"69\">V\u00e1zquez<\/td>\n<td style=\"width: 12.0643%;\">Gonz\u00e1lez&nbsp;<\/td>\n<td style=\"width: 11.9303%;\">Lara<\/td>\n<td style=\"width: 21.5818%;\">60 m vallas (0,762 m)<\/td>\n<td style=\"width: 10.4421%;\">Sub 16<\/td>\n<td style=\"width: 7.92249%; text-align: center;\">2\u00aa<\/td>\n<td style=\"width: 10.8579%;\">00:11.44<\/td>\n<\/tr>\n<tr>\n<td style=\"width: 12.3324%;\" width=\"69\">Prieto<\/td>\n<td style=\"width: 12.0643%;\">Barrio<\/td>\n<td style=\"width: 11.9303%;\">Sara<\/td>\n<td style=\"width: 21.5818%;\">200 mts<\/td>\n<td style=\"width: 10.4421%;\">M\u00e1ster 45<\/td>\n<td style=\"width: 7.92249%; text-align: center;\">2\u00aa<\/td>\n<td style=\"width: 10.8579%;\">00:31.55<\/td>\n<\/tr>\n<tr>\n<td style=\"width: 12.3324%;\" width=\"69\">Quiroga<\/td>\n<td style=\"width: 12.0643%;\">\u00c1lvarez<\/td>\n<td style=\"width: 11.9303%;\">Germ\u00e1n<\/td>\n<td style=\"width: 21.5818%;\">200 mts<\/td>\n<td style=\"width: 10.4421%;\">M\u00e1ster 45<\/td>\n<td style=\"width: 7.92249%; text-align: center;\">3\u00ba<\/td>\n<td style=\"width: 10.8579%;\">00:34.06<\/td>\n<\/tr>\n<\/tbody>\n<\/table>\n<p>&nbsp;<\/p>\n<p>De los resultados obtenidos en este control sobresale el nuevo r\u00e9cord del club que estableci\u00f3 Javier Trillo en la prueba de los 300 mts sub 16 volando sobre la pista y mejorando su anterior registro.<\/p>\n<p style=\"text-align: center;\"><a class=\"fasc-button fasc-size-medium fasc-type-glossy fasc-rounded-medium ico-fa fasc-ico-before fa-trophy\" style=\"background-color: #e66903; color: #ffffff;\" target=\"_blank\" rel=\"noopener\" href=\"https:\/\/atletismo.gal\/wp-content\/uploads\/2021\/02\/RO270221CONTROL.pdf\">Resultados&nbsp;&nbsp;<\/a><\/p>\n<h5 class=\"entry-title\"><img loading=\"lazy\" decoding=\"async\" class=\" wp-image-14823 aligncenter\" src=\"https:\/\/clubourenseatletismo.es\/blog\/wp-content\/uploads\/2021\/02\/1614527856526.jpg\" alt=\"\" width=\"698\" height=\"393\" srcset=\"http:\/\/clubourenseatletismo.es\/blog\/wp-content\/uploads\/2021\/02\/1614527856526.jpg 1024w, http:\/\/clubourenseatletismo.es\/blog\/wp-content\/uploads\/2021\/02\/1614527856526-300x169.jpg 300w, http:\/\/clubourenseatletismo.es\/blog\/wp-content\/uploads\/2021\/02\/1614527856526-768x432.jpg 768w, http:\/\/clubourenseatletismo.es\/blog\/wp-content\/uploads\/2021\/02\/1614527856526-700x394.jpg 700w, http:\/\/clubourenseatletismo.es\/blog\/wp-content\/uploads\/2021\/02\/1614527856526-539x303.jpg 539w\" sizes=\"auto, (max-width: 698px) 100vw, 698px\" \/><\/h5>\n<p class=\"entry-title\">Finalizando la jornada dominical se dar\u00eda por concluido el LXIV Campeonato de Galicia Sub18 \u2013 XLIV Sub20 \u2013 Sub23 en Pista Cubierta. En cuanto a los resultados por medallas&nbsp; obtuvimos cinco platas; en la categor\u00eda sub 18 destacaran las actuaciones de Pablo Cudeiro en los 60 mts vallas (08.76), \u00c1frica G\u00f3mez en los 200 mts (26.22), Mateo Lorenzo en los 60 mts (07.42), Blanca Pereira en el lanzamiento de peso 3 kg (10.39 mts) y en la categor\u00eda sub 20 la m\u00e1s destacada ser\u00eda Alicia Ramos en el salto de altura (1.47 mts). Las medallas de bronce dos en total las obtuvieron en la categor\u00eda sub 18 Silvia Ramos en el salto de altura (1.34 mts) y en los sub20 donde Uma Cibeira tambi\u00e9n en la misma prueba se hac\u00eda con ella al realizar un salto de 1.39 mts.&nbsp; Cerca del podiun se quedar\u00eda Mateo Gonz\u00e1lez cuarto con 24.45 en la prueba de los 200 mts.<\/p>\n<p class=\"entry-title\">Si hablamos de los r\u00e9cords del club batidos ser\u00edan dos Pablo Cudeiro en los 60 mts vallas 08.76 y \u00c1frica G\u00f3mez en los 200 mts (26.18) donde contin\u00faa su progresi\u00f3n.<\/p>\n<p>Resultados:<\/p>\n<table style=\"width: 86.5662%; height: 923px;\" width=\"634\">\n<tbody>\n<tr>\n<td style=\"width: 11.9537%;\" width=\"80\">Cudeiro<\/td>\n<td style=\"width: 11.1825%;\" width=\"69\">F\u00e9lix<\/td>\n<td style=\"width: 10.7969%;\" width=\"70\">Pablo<\/td>\n<td style=\"width: 21.8509%;\" width=\"121\">60 m valos (0,91 m)<\/td>\n<td style=\"width: 8.22622%;\" width=\"55\">Sub 18<\/td>\n<td style=\"width: 3.21337%;\" width=\"42\">2\u00ba<\/td>\n<td style=\"width: 10.0257%;\" width=\"80\">00:08.96<\/td>\n<td style=\"width: 7.71208%;\" width=\"37\">Semi<\/td>\n<td style=\"width: 12.2108%;\" width=\"80\">&nbsp;<\/td>\n<\/tr>\n<tr>\n<td style=\"width: 11.9537%;\"><span style=\"background-color: #ccffcc;\">Cudeiro<\/span><\/td>\n<td style=\"width: 11.1825%;\"><span style=\"background-color: #ccffcc;\">F\u00e9lix<\/span><\/td>\n<td style=\"width: 10.7969%;\"><span style=\"background-color: #ccffcc;\">Pablo<\/span><\/td>\n<td style=\"width: 21.8509%;\"><span style=\"background-color: #ccffcc;\">60 m valos (0,91 m)<\/span><\/td>\n<td style=\"width: 8.22622%;\"><span style=\"background-color: #ccffcc;\">Sub 18<\/span><\/td>\n<td style=\"width: 3.21337%;\"><span style=\"background-color: #ccffcc;\">2\u00ba<\/span><\/td>\n<td style=\"width: 10.0257%;\"><span style=\"background-color: #ccffcc;\">00:08.76<\/span><\/td>\n<td style=\"width: 7.71208%;\"><span style=\"background-color: #ccffcc;\">Final<\/span><\/td>\n<td style=\"width: 12.2108%;\"><span style=\"background-color: #ccffcc;\">Plata<\/span><\/td>\n<\/tr>\n<tr>\n<td style=\"width: 11.9537%;\">Del Campo<\/td>\n<td style=\"width: 11.1825%;\">Fern\u00e1ndez<\/td>\n<td style=\"width: 10.7969%;\">Andrea<\/td>\n<td style=\"width: 21.8509%;\">60 mts<\/td>\n<td style=\"width: 8.22622%;\">Sub 18<\/td>\n<td style=\"width: 3.21337%;\">15\u00aa<\/td>\n<td style=\"width: 10.0257%;\">00:08.98<\/td>\n<td style=\"width: 7.71208%;\">&nbsp;<\/td>\n<td style=\"width: 12.2108%;\">&nbsp;<\/td>\n<\/tr>\n<tr>\n<td style=\"width: 11.9537%;\">D\u00edaz<\/td>\n<td style=\"width: 11.1825%;\">Pav\u00f3n<\/td>\n<td style=\"width: 10.7969%;\">Candela<\/td>\n<td style=\"width: 21.8509%;\">60 m valos (0,762 m)<\/td>\n<td style=\"width: 8.22622%;\">Sub 18<\/td>\n<td style=\"width: 3.21337%;\">5\u00aa<\/td>\n<td style=\"width: 10.0257%;\">00:10.72<\/td>\n<td style=\"width: 7.71208%;\">&nbsp;<\/td>\n<td style=\"width: 12.2108%;\">&nbsp;<\/td>\n<\/tr>\n<tr>\n<td style=\"width: 11.9537%;\">Garc\u00eda<\/td>\n<td style=\"width: 11.1825%;\">Gil<\/td>\n<td style=\"width: 10.7969%;\">Iria<\/td>\n<td style=\"width: 21.8509%;\">200 mts<\/td>\n<td style=\"width: 8.22622%;\">Sub 18<\/td>\n<td style=\"width: 3.21337%;\">6\u00aa<\/td>\n<td style=\"width: 10.0257%;\">00:28.22<\/td>\n<td style=\"width: 7.71208%;\">&nbsp;<\/td>\n<td style=\"width: 12.2108%;\">&nbsp;<\/td>\n<\/tr>\n<tr>\n<td style=\"width: 11.9537%;\">G\u00f3mez<\/td>\n<td style=\"width: 11.1825%;\">Ramos<\/td>\n<td style=\"width: 10.7969%;\">\u00c1frica<\/td>\n<td style=\"width: 21.8509%;\">200 mts<\/td>\n<td style=\"width: 8.22622%;\">Sub 18<\/td>\n<td style=\"width: 3.21337%;\">2\u00aa<\/td>\n<td style=\"width: 10.0257%;\">00:26.18<\/td>\n<td style=\"width: 7.71208%;\">Semi<\/td>\n<td style=\"width: 12.2108%;\">&nbsp;<\/td>\n<\/tr>\n<tr>\n<td style=\"width: 11.9537%;\"><span style=\"background-color: #ccffcc;\">G\u00f3mez<\/span><\/td>\n<td style=\"width: 11.1825%;\"><span style=\"background-color: #ccffcc;\">Ramos<\/span><\/td>\n<td style=\"width: 10.7969%;\"><span style=\"background-color: #ccffcc;\">\u00c1frica<\/span><\/td>\n<td style=\"width: 21.8509%;\"><span style=\"background-color: #ccffcc;\">200 mts<\/span><\/td>\n<td style=\"width: 8.22622%;\"><span style=\"background-color: #ccffcc;\">Sub 18<\/span><\/td>\n<td style=\"width: 3.21337%;\"><span style=\"background-color: #ccffcc;\">2\u00aa<\/span><\/td>\n<td style=\"width: 10.0257%;\"><span style=\"background-color: #ccffcc;\">00:26.22<\/span><\/td>\n<td style=\"width: 7.71208%;\"><span style=\"background-color: #ccffcc;\">Final<\/span><\/td>\n<td style=\"width: 12.2108%;\"><span style=\"background-color: #ccffcc;\">Plata<\/span><\/td>\n<\/tr>\n<tr>\n<td style=\"width: 11.9537%;\">Gonz\u00e1lez<\/td>\n<td style=\"width: 11.1825%;\">L\u00f3pez<\/td>\n<td style=\"width: 10.7969%;\">Mateo<\/td>\n<td style=\"width: 21.8509%;\">60 mts<\/td>\n<td style=\"width: 8.22622%;\">Sub 18<\/td>\n<td style=\"width: 3.21337%;\">3\u00ba<\/td>\n<td style=\"width: 10.0257%;\">00:07.45<\/td>\n<td style=\"width: 7.71208%;\">semi<\/td>\n<td style=\"width: 12.2108%;\">&nbsp;<\/td>\n<\/tr>\n<tr>\n<td style=\"width: 11.9537%;\"><span style=\"background-color: #ccffcc;\">Gonz\u00e1lez<\/span><\/td>\n<td style=\"width: 11.1825%;\"><span style=\"background-color: #ccffcc;\">L\u00f3pez<\/span><\/td>\n<td style=\"width: 10.7969%;\"><span style=\"background-color: #ccffcc;\">Mateo<\/span><\/td>\n<td style=\"width: 21.8509%;\"><span style=\"background-color: #ccffcc;\">60 mts<\/span><\/td>\n<td style=\"width: 8.22622%;\"><span style=\"background-color: #ccffcc;\">Sub 18<\/span><\/td>\n<td style=\"width: 3.21337%;\"><span style=\"background-color: #ccffcc;\">2\u00ba<\/span><\/td>\n<td style=\"width: 10.0257%;\"><span style=\"background-color: #ccffcc;\">00:07.42<\/span><\/td>\n<td style=\"width: 7.71208%;\"><span style=\"background-color: #ccffcc;\">Final<\/span><\/td>\n<td style=\"width: 12.2108%;\"><span style=\"background-color: #ccffcc;\">Plata<\/span><\/td>\n<\/tr>\n<tr>\n<td style=\"width: 11.9537%;\">Gonz\u00e1lez<\/td>\n<td style=\"width: 11.1825%;\">L\u00f3pez<\/td>\n<td style=\"width: 10.7969%;\">Mateo<\/td>\n<td style=\"width: 21.8509%;\">200 mts<\/td>\n<td style=\"width: 8.22622%;\">Sub 18<\/td>\n<td style=\"width: 3.21337%;\">3\u00ba<\/td>\n<td style=\"width: 10.0257%;\">00:23.93<\/td>\n<td style=\"width: 7.71208%;\">Semi<\/td>\n<td style=\"width: 12.2108%;\">&nbsp;<\/td>\n<\/tr>\n<tr>\n<td style=\"width: 11.9537%;\">Gonz\u00e1lez<\/td>\n<td style=\"width: 11.1825%;\">L\u00f3pez<\/td>\n<td style=\"width: 10.7969%;\">Mateo<\/td>\n<td style=\"width: 21.8509%;\">200 mts<\/td>\n<td style=\"width: 8.22622%;\">Sub 18<\/td>\n<td style=\"width: 3.21337%;\">4\u00ba<\/td>\n<td style=\"width: 10.0257%;\">00:24.45<\/td>\n<td style=\"width: 7.71208%;\">Final<\/td>\n<td style=\"width: 12.2108%;\">&nbsp;<\/td>\n<\/tr>\n<tr>\n<td style=\"width: 11.9537%;\">\u00c1lvarez<\/td>\n<td style=\"width: 11.1825%;\">Nogueira<\/td>\n<td style=\"width: 10.7969%;\">Pablo<\/td>\n<td style=\"width: 21.8509%;\">60 mts<\/td>\n<td style=\"width: 8.22622%;\">Sub 20<\/td>\n<td style=\"width: 3.21337%;\">&nbsp;<\/td>\n<td style=\"width: 10.0257%;\">00:07.36<\/td>\n<td style=\"width: 7.71208%;\">Semi<\/td>\n<td style=\"width: 12.2108%;\">&nbsp;<\/td>\n<\/tr>\n<tr>\n<td style=\"width: 11.9537%;\"><span style=\"background-color: #ccffcc;\">Pereira<\/span><\/td>\n<td style=\"width: 11.1825%;\"><span style=\"background-color: #ccffcc;\">Rub\u00edn<\/span><\/td>\n<td style=\"width: 10.7969%;\"><span style=\"background-color: #ccffcc;\">Blanca<\/span><\/td>\n<td style=\"width: 21.8509%;\"><span style=\"background-color: #ccffcc;\">Lanzamiento Peso 3 kg<\/span><\/td>\n<td style=\"width: 8.22622%;\"><span style=\"background-color: #ccffcc;\">Sub 18<\/span><\/td>\n<td style=\"width: 3.21337%;\"><span style=\"background-color: #ccffcc;\">2\u00aa<\/span><\/td>\n<td style=\"width: 10.0257%;\"><span style=\"background-color: #ccffcc;\">10.39 mts<\/span><\/td>\n<td style=\"width: 7.71208%;\">&nbsp;<\/td>\n<td style=\"width: 12.2108%;\"><span style=\"background-color: #ccffcc;\">Plata<\/span><\/td>\n<\/tr>\n<tr>\n<td style=\"width: 11.9537%;\"><span style=\"background-color: #99ccff;\">Ramos<\/span><\/td>\n<td style=\"width: 11.1825%;\"><span style=\"background-color: #99ccff;\">Grande<\/span><\/td>\n<td style=\"width: 10.7969%;\"><span style=\"background-color: #99ccff;\">Silvia<\/span><\/td>\n<td style=\"width: 21.8509%;\"><span style=\"background-color: #99ccff;\">Salto de Altura<\/span><\/td>\n<td style=\"width: 8.22622%;\"><span style=\"background-color: #99ccff;\">Sub 18<\/span><\/td>\n<td style=\"width: 3.21337%;\"><span style=\"background-color: #99ccff;\">3\u00aa<\/span><\/td>\n<td style=\"width: 10.0257%;\"><span style=\"background-color: #99ccff;\">1.34 mts<\/span><\/td>\n<td style=\"width: 7.71208%;\">&nbsp;<\/td>\n<td style=\"width: 12.2108%;\"><span style=\"background-color: #99ccff;\">Bronce<\/span><\/td>\n<\/tr>\n<tr>\n<td style=\"width: 11.9537%;\">Ruiz<\/td>\n<td style=\"width: 11.1825%;\">Seara<\/td>\n<td style=\"width: 10.7969%;\">Mara<\/td>\n<td style=\"width: 21.8509%;\">60 m valos (0,762 m)<\/td>\n<td style=\"width: 8.22622%;\">Sub 18<\/td>\n<td style=\"width: 3.21337%;\">6\u00aa<\/td>\n<td style=\"width: 10.0257%;\">00:10.75<\/td>\n<td style=\"width: 7.71208%;\">&nbsp;<\/td>\n<td style=\"width: 12.2108%;\">&nbsp;<\/td>\n<\/tr>\n<tr>\n<td style=\"width: 11.9537%;\">Saco<\/td>\n<td style=\"width: 11.1825%;\">Vilacha<\/td>\n<td style=\"width: 10.7969%;\">Iago<\/td>\n<td style=\"width: 21.8509%;\">200 mts<\/td>\n<td style=\"width: 8.22622%;\">Sub 18<\/td>\n<td style=\"width: 3.21337%;\">12\u00ba<\/td>\n<td style=\"width: 10.0257%;\">00:26.02<\/td>\n<td style=\"width: 7.71208%;\">&nbsp;<\/td>\n<td style=\"width: 12.2108%;\">&nbsp;<\/td>\n<\/tr>\n<tr>\n<td style=\"width: 11.9537%;\"><span style=\"background-color: #99ccff;\">Cibeira<\/span><\/td>\n<td style=\"width: 11.1825%;\"><span style=\"background-color: #99ccff;\">Gallardo<\/span><\/td>\n<td style=\"width: 10.7969%;\"><span style=\"background-color: #99ccff;\">Uma<\/span><\/td>\n<td style=\"width: 21.8509%;\"><span style=\"background-color: #99ccff;\">Salto de Altura<\/span><\/td>\n<td style=\"width: 8.22622%;\"><span style=\"background-color: #99ccff;\">Sub 20<\/span><\/td>\n<td style=\"width: 3.21337%;\"><span style=\"background-color: #99ccff;\">3\u00aa<\/span><\/td>\n<td style=\"width: 10.0257%;\"><span style=\"background-color: #99ccff;\">1.39 mts<\/span><\/td>\n<td style=\"width: 7.71208%;\">&nbsp;<\/td>\n<td style=\"width: 12.2108%;\"><span style=\"background-color: #99ccff;\">Bronce<\/span><\/td>\n<\/tr>\n<tr>\n<td style=\"width: 11.9537%;\"><span style=\"background-color: #ccffcc;\">Ramos<\/span><\/td>\n<td style=\"width: 11.1825%;\"><span style=\"background-color: #ccffcc;\">Grande<\/span><\/td>\n<td style=\"width: 10.7969%;\"><span style=\"background-color: #ccffcc;\">Alicia Mar\u00eda<\/span><\/td>\n<td style=\"width: 21.8509%;\"><span style=\"background-color: #ccffcc;\">Salto de Altura<\/span><\/td>\n<td style=\"width: 8.22622%;\"><span style=\"background-color: #ccffcc;\">Sub 20<\/span><\/td>\n<td style=\"width: 3.21337%;\"><span style=\"background-color: #ccffcc;\">2\u00aa<\/span><\/td>\n<td style=\"width: 10.0257%;\"><span style=\"background-color: #ccffcc;\">1.47 mts<\/span><\/td>\n<td style=\"width: 7.71208%;\">&nbsp;<\/td>\n<td style=\"width: 12.2108%;\"><span style=\"background-color: #ccffcc;\">Plata<\/span><\/td>\n<\/tr>\n<\/tbody>\n<\/table>\n<p>&nbsp;<\/p>\n<p>&nbsp;<\/p>\n<p style=\"text-align: center;\"><a class=\"fasc-button fasc-size-medium fasc-type-glossy fasc-rounded-medium ico-fa fasc-ico-before fa-trophy\" style=\"background-color: #e66903; color: #ffffff;\" target=\"_blank\" rel=\"noopener\" href=\"https:\/\/atletismo.gal\/wp-content\/uploads\/2021\/01\/ROctoGalS18S20S23.pdf\">Resultados&nbsp;&nbsp;<\/a>&nbsp; &nbsp;&nbsp;<a class=\"fasc-button fasc-size-medium fasc-type-glossy fasc-rounded-medium ico-fa fasc-ico-before fa-video-camera\" style=\"background-color: #db094b; color: #ffffff;\" target=\"_blank\" rel=\"noopener\" href=\"https:\/\/photos.app.goo.gl\/yfthNQnfk6CNMrRb7\">Galer\u00eda Multimedia<\/a><\/p>\n","protected":false},"excerpt":{"rendered":"<p>En cuanto a celebraci\u00f3n de actividades y a la consecuci\u00f3n de medallas por nuestros deportistas, la pista cubierta de Expourense no se quedar\u00eda atr\u00e1s. Comenzando por las competiciones del s\u00e1bado tendr\u00eda lugar el XXXII Campeonato de Galicia M\u00e1ster en Pista Cubierta donde nuestros veteranos tendr\u00edan&#8230;<\/p>\n","protected":false},"author":1,"featured_media":14822,"comment_status":"closed","ping_status":"closed","sticky":false,"template":"","format":"standard","meta":{"footnotes":""},"categories":[9],"tags":[],"class_list":["post-14812","post","type-post","status-publish","format-standard","has-post-thumbnail","hentry","category-resultados"],"aioseo_notices":[],"_links":{"self":[{"href":"http:\/\/clubourenseatletismo.es\/blog\/wp-json\/wp\/v2\/posts\/14812","targetHints":{"allow":["GET"]}}],"collection":[{"href":"http:\/\/clubourenseatletismo.es\/blog\/wp-json\/wp\/v2\/posts"}],"about":[{"href":"http:\/\/clubourenseatletismo.es\/blog\/wp-json\/wp\/v2\/types\/post"}],"author":[{"embeddable":true,"href":"http:\/\/clubourenseatletismo.es\/blog\/wp-json\/wp\/v2\/users\/1"}],"replies":[{"embeddable":true,"href":"http:\/\/clubourenseatletismo.es\/blog\/wp-json\/wp\/v2\/comments?post=14812"}],"version-history":[{"count":8,"href":"http:\/\/clubourenseatletismo.es\/blog\/wp-json\/wp\/v2\/posts\/14812\/revisions"}],"predecessor-version":[{"id":14839,"href":"http:\/\/clubourenseatletismo.es\/blog\/wp-json\/wp\/v2\/posts\/14812\/revisions\/14839"}],"wp:featuredmedia":[{"embeddable":true,"href":"http:\/\/clubourenseatletismo.es\/blog\/wp-json\/wp\/v2\/media\/14822"}],"wp:attachment":[{"href":"http:\/\/clubourenseatletismo.es\/blog\/wp-json\/wp\/v2\/media?parent=14812"}],"wp:term":[{"taxonomy":"category","embeddable":true,"href":"http:\/\/clubourenseatletismo.es\/blog\/wp-json\/wp\/v2\/categories?post=14812"},{"taxonomy":"post_tag","embeddable":true,"href":"http:\/\/clubourenseatletismo.es\/blog\/wp-json\/wp\/v2\/tags?post=14812"}],"curies":[{"name":"wp","href":"https:\/\/api.w.org\/{rel}","templated":true}]}}