{"id":14776,"date":"2021-02-22T19:00:45","date_gmt":"2021-02-22T18:00:45","guid":{"rendered":"https:\/\/clubourenseatletismo.es\/blog\/?p=14776"},"modified":"2021-02-24T20:12:54","modified_gmt":"2021-02-24T19:12:54","slug":"competiciones-pontevedra","status":"publish","type":"post","link":"http:\/\/clubourenseatletismo.es\/blog\/2021\/02\/22\/competiciones-pontevedra\/","title":{"rendered":"Competiciones Pontevedra."},"content":{"rendered":"<h5 class=\"entry-title\"><img loading=\"lazy\" decoding=\"async\" class=\" wp-image-14790 aligncenter\" src=\"https:\/\/clubourenseatletismo.es\/blog\/wp-content\/uploads\/2021\/02\/lanzamentos-menores.png\" alt=\"\" width=\"552\" height=\"736\" srcset=\"http:\/\/clubourenseatletismo.es\/blog\/wp-content\/uploads\/2021\/02\/lanzamentos-menores.png 720w, http:\/\/clubourenseatletismo.es\/blog\/wp-content\/uploads\/2021\/02\/lanzamentos-menores-225x300.png 225w, http:\/\/clubourenseatletismo.es\/blog\/wp-content\/uploads\/2021\/02\/lanzamentos-menores-600x800.png 600w, http:\/\/clubourenseatletismo.es\/blog\/wp-content\/uploads\/2021\/02\/lanzamentos-menores-700x933.png 700w\" sizes=\"auto, (max-width: 552px) 100vw, 552px\" \/><\/h5>\n<h5>&nbsp;<\/h5>\n<h5 class=\"entry-title\">Campionato de Galicia de Inverno de Lanzamentos de Menores 2021 e Campionato de Galicia de 400 m. \u2013 800 m. \u2013 1.500 m. Sub23 \u2013 Sub20 2021<\/h5>\n<p>A Federaci\u00f3n Galega de Atletismo organiza o Campionato de Galicia de Inverno Sub 20, Sub 23 de 400, 800 e 1500 e Cto. De Galicia de Lanzamentos Longos de Inverno Sub 16 e Sub 18, na pista de atletismo do Centro Galego de Tecnificaci\u00f3n Deportiva de Pontevedra o d\u00eda 27 de febreiro en Pontevedra.<\/p>\n<p>Nos lanzamentos longos reservaranse 5 prazas para a categor\u00eda Sub 18 e 5 prazas para a Sub 16.<br \/>\nNo campionato de 400, 800 e 1500 reservaranse 16 prazas para Sub 20 e 8 para Sub 23 en cada proba. (No caso de non completarse as prazas nalgunha categor\u00eda, admitiranse atletas da outra).<br \/>\nFarase unha final A coas mellores marcas de cada categor\u00eda.<\/p>\n<p>Valer\u00e1n as marcas feitas dende o 1 de xaneiro de 2020<br \/>\nAs inscrici\u00f3ns realizaranse&nbsp;ata as 20:00 horas do martes 23 de febreiro do 2021.<\/p>\n<p>Nos Campionatos de Galicia Individuais e por clubs, existir\u00e1 unha<strong> cota de inscrici\u00f3n de 2 euros.<\/strong><\/p>\n<p style=\"text-align: center;\"><a class=\"fasc-button fasc-size-medium fasc-type-glossy fasc-rounded-medium fasc-ico-before dashicons-format-aside\" style=\"background-color: #218562; color: #ffffff;\" target=\"_blank\" rel=\"noopener\" href=\"https:\/\/atletismo.gal\/wp-content\/uploads\/2021\/02\/Circular-13-2021.1.pdf\">Reglamento&nbsp;&nbsp;<\/a>&nbsp; &nbsp; &nbsp;<a class=\"fasc-button fasc-size-medium fasc-type-glossy fasc-rounded-medium fasc-ico-before dashicons-groups\" style=\"background-color: #324994; color: #ffffff;\" target=\"_blank\" href=\"https:\/\/atletismo.gal\/wp-content\/uploads\/2021\/01\/ISNCLANZAMENTOSLONGOS.pdf\" rel=\"noopener\">Inscritos<\/a><\/p>\n<h5 class=\"entry-title\">II Control de Inverno FGA en Pista ao Aire Libre 2021<\/h5>\n<p>A Federaci\u00f3n Galega de Atletismo organiza o II Control en Pista ao Aire Libre o d\u00eda 27 de febreiro, nas pistas de atletismo do Centro Galego de Tecinificaci\u00f3n Deportiva en Pontevedra.<\/p>\n<p>Excepcionalmente as inscrici\u00f3ns faranse&nbsp;ata as 20:00 horas do martes 23 de febreiro. Existir\u00e1 unha <strong>cota de inscrici\u00f3n de 4 Euros<\/strong> por atleta e proba.<\/p>\n<p>Nos 400\/800\/e 1500 de control reservaranse 8 prazas para os atletas Sub 18. Na proba de altura reservaranse 10 prazas para cada categor\u00eda Sub 10, Sub 12 e Sub 14.<br \/>\nNas series correr\u00e1n as mellores marcas xuntas. Os\/as atletas de categor\u00eda Sub 18, Sub 16, Sub 14, Sub 12 e Sub 10 <strong>s\u00f3 poder\u00e1n facer unha carreira.<\/strong><br \/>\nNo caso de ser superado o tope de inscrici\u00f3ns, aplicarase o criterio de mellores marcas conforme \u00e1s tempadas 2018\u20132019, 2020 e 2021 na proba espec\u00edfica.<\/p>\n<p>Aqueles atletas que participen ou estean inscritos no III Control en Pista Cuberta en Ourense 27\/02\/2021 <strong>non poder\u00e1n participar<\/strong> neste II Control de Inverno.<\/p>\n<p style=\"text-align: center;\"><a class=\"fasc-button fasc-size-medium fasc-type-glossy fasc-rounded-medium fasc-ico-before dashicons-format-aside\" style=\"background-color: #218562; color: #ffffff;\" target=\"_blank\" rel=\"noopener\" href=\"https:\/\/atletismo.gal\/wp-content\/uploads\/2021\/02\/Circular-09-2021.pdf\">Reglamento&nbsp;<\/a>&nbsp; &nbsp;<a class=\"fasc-button fasc-size-medium fasc-type-glossy fasc-rounded-medium fasc-ico-before dashicons-groups\" style=\"background-color: #324994; color: #ffffff;\" target=\"_blank\" href=\"https:\/\/atletismo.gal\/wp-content\/uploads\/2021\/02\/INSCONTROLPONTEVEDRA.pdf\" rel=\"noopener\">Inscritos<\/a><\/p>\n","protected":false},"excerpt":{"rendered":"<p>&nbsp; Campionato de Galicia de Inverno de Lanzamentos de Menores 2021 e Campionato de Galicia de 400 m. \u2013 800 m. \u2013 1.500 m. Sub23 \u2013 Sub20 2021 A Federaci\u00f3n Galega de Atletismo organiza o Campionato de Galicia de Inverno Sub 20, Sub 23 de&#8230;<\/p>\n","protected":false},"author":1,"featured_media":14790,"comment_status":"closed","ping_status":"closed","sticky":false,"template":"","format":"standard","meta":{"footnotes":""},"categories":[33],"tags":[],"class_list":["post-14776","post","type-post","status-publish","format-standard","has-post-thumbnail","hentry","category-competiciones-2"],"aioseo_notices":[],"_links":{"self":[{"href":"http:\/\/clubourenseatletismo.es\/blog\/wp-json\/wp\/v2\/posts\/14776","targetHints":{"allow":["GET"]}}],"collection":[{"href":"http:\/\/clubourenseatletismo.es\/blog\/wp-json\/wp\/v2\/posts"}],"about":[{"href":"http:\/\/clubourenseatletismo.es\/blog\/wp-json\/wp\/v2\/types\/post"}],"author":[{"embeddable":true,"href":"http:\/\/clubourenseatletismo.es\/blog\/wp-json\/wp\/v2\/users\/1"}],"replies":[{"embeddable":true,"href":"http:\/\/clubourenseatletismo.es\/blog\/wp-json\/wp\/v2\/comments?post=14776"}],"version-history":[{"count":6,"href":"http:\/\/clubourenseatletismo.es\/blog\/wp-json\/wp\/v2\/posts\/14776\/revisions"}],"predecessor-version":[{"id":14793,"href":"http:\/\/clubourenseatletismo.es\/blog\/wp-json\/wp\/v2\/posts\/14776\/revisions\/14793"}],"wp:featuredmedia":[{"embeddable":true,"href":"http:\/\/clubourenseatletismo.es\/blog\/wp-json\/wp\/v2\/media\/14790"}],"wp:attachment":[{"href":"http:\/\/clubourenseatletismo.es\/blog\/wp-json\/wp\/v2\/media?parent=14776"}],"wp:term":[{"taxonomy":"category","embeddable":true,"href":"http:\/\/clubourenseatletismo.es\/blog\/wp-json\/wp\/v2\/categories?post=14776"},{"taxonomy":"post_tag","embeddable":true,"href":"http:\/\/clubourenseatletismo.es\/blog\/wp-json\/wp\/v2\/tags?post=14776"}],"curies":[{"name":"wp","href":"https:\/\/api.w.org\/{rel}","templated":true}]}}