{"id":14682,"date":"2021-01-10T16:15:10","date_gmt":"2021-01-10T15:15:10","guid":{"rendered":"https:\/\/clubourenseatletismo.es\/blog\/?p=14682"},"modified":"2021-01-15T13:09:51","modified_gmt":"2021-01-15T12:09:51","slug":"i-control-inverno-fga-pista-cuberta-2","status":"publish","type":"post","link":"http:\/\/clubourenseatletismo.es\/blog\/2021\/01\/10\/i-control-inverno-fga-pista-cuberta-2\/","title":{"rendered":"I CONTROL INVERNO FGA PISTA CUBERTA"},"content":{"rendered":"<p><img loading=\"lazy\" decoding=\"async\" class=\"alignleft wp-image-13469\" src=\"https:\/\/clubourenseatletismo.es\/blog\/wp-content\/uploads\/2019\/12\/fga-pista-cubieta-1.jpg\" alt=\"\" width=\"233\" height=\"233\" srcset=\"http:\/\/clubourenseatletismo.es\/blog\/wp-content\/uploads\/2019\/12\/fga-pista-cubieta-1.jpg 520w, http:\/\/clubourenseatletismo.es\/blog\/wp-content\/uploads\/2019\/12\/fga-pista-cubieta-1-300x300.jpg 300w, http:\/\/clubourenseatletismo.es\/blog\/wp-content\/uploads\/2019\/12\/fga-pista-cubieta-1-150x150.jpg 150w, http:\/\/clubourenseatletismo.es\/blog\/wp-content\/uploads\/2019\/12\/fga-pista-cubieta-1-500x500.jpg 500w\" sizes=\"auto, (max-width: 233px) 100vw, 233px\" \/>A Federaci\u00f3n Galega de Atletismo organiza o I Control en Pista Cuberta 2021 o d\u00eda 16 de xaneiro de 2021, na pista cuberta de Ourense en Expourense.<\/p>\n<p>As inscrici\u00f3ns faranse a trav\u00e9s do sistema online da web da RFEA ata as 20:00 horas do martes 12 de xaneiro. Existir\u00e1 unha cota de inscrici\u00f3n de 4 Euros por atleta e proba. Ser\u00e1n probas en horario de tarde para categor\u00edas sub16 en diante.<\/p>\n<p>Aqueles atletas que participen ou estean inscritos no II Control Federado de Marcas \u201cVila de Noia\u201d, non poder\u00e1n participar neste I Control FGA do 16\/01\/2021.<\/p>\n<p style=\"text-align: center;\"><a class=\"fasc-button fasc-size-medium fasc-type-glossy fasc-rounded-medium fasc-ico-before dashicons-format-aside\" style=\"background-color: #218562; color: #ffffff;\" target=\"_blank\" rel=\"noopener\" href=\"https:\/\/atletismo.gal\/wp-content\/uploads\/2021\/01\/Circular-02-2021.3.pdf\">Reglamento&nbsp;&nbsp;<\/a>&nbsp; &nbsp; &nbsp;<a class=\"fasc-button fasc-size-medium fasc-type-glossy fasc-rounded-medium fasc-ico-before dashicons-groups\" style=\"background-color: #324994; color: #ffffff;\" target=\"_blank\" href=\"https:\/\/atletismo.gal\/wp-content\/uploads\/2021\/01\/insourense160121-1.pdf\" rel=\"noopener\">Inscritos<\/a>&nbsp; &nbsp;&nbsp;<a class=\"fasc-button fasc-size-medium fasc-type-glossy fasc-rounded-medium ico-fa fasc-ico-before fa-video-camera\" style=\"background-color: #db094b; color: #ffffff;\" target=\"_blank\" rel=\"noopener\" href=\"https:\/\/atletismo.gal\/wp-content\/uploads\/2021\/01\/Declaracion-Responsable-ProtocoloFGAControl16012021.pdf\">Declaraci\u00f3n Covid<\/a><\/p>\n","protected":false},"excerpt":{"rendered":"<p>A Federaci\u00f3n Galega de Atletismo organiza o I Control en Pista Cuberta 2021 o d\u00eda 16 de xaneiro de 2021, na pista cuberta de Ourense en Expourense. As inscrici\u00f3ns faranse a trav\u00e9s do sistema online da web da RFEA ata as 20:00 horas do martes&#8230;<\/p>\n","protected":false},"author":1,"featured_media":13469,"comment_status":"closed","ping_status":"closed","sticky":false,"template":"","format":"standard","meta":{"footnotes":""},"categories":[33],"tags":[],"class_list":["post-14682","post","type-post","status-publish","format-standard","has-post-thumbnail","hentry","category-competiciones-2"],"aioseo_notices":[],"_links":{"self":[{"href":"http:\/\/clubourenseatletismo.es\/blog\/wp-json\/wp\/v2\/posts\/14682","targetHints":{"allow":["GET"]}}],"collection":[{"href":"http:\/\/clubourenseatletismo.es\/blog\/wp-json\/wp\/v2\/posts"}],"about":[{"href":"http:\/\/clubourenseatletismo.es\/blog\/wp-json\/wp\/v2\/types\/post"}],"author":[{"embeddable":true,"href":"http:\/\/clubourenseatletismo.es\/blog\/wp-json\/wp\/v2\/users\/1"}],"replies":[{"embeddable":true,"href":"http:\/\/clubourenseatletismo.es\/blog\/wp-json\/wp\/v2\/comments?post=14682"}],"version-history":[{"count":6,"href":"http:\/\/clubourenseatletismo.es\/blog\/wp-json\/wp\/v2\/posts\/14682\/revisions"}],"predecessor-version":[{"id":14688,"href":"http:\/\/clubourenseatletismo.es\/blog\/wp-json\/wp\/v2\/posts\/14682\/revisions\/14688"}],"wp:featuredmedia":[{"embeddable":true,"href":"http:\/\/clubourenseatletismo.es\/blog\/wp-json\/wp\/v2\/media\/13469"}],"wp:attachment":[{"href":"http:\/\/clubourenseatletismo.es\/blog\/wp-json\/wp\/v2\/media?parent=14682"}],"wp:term":[{"taxonomy":"category","embeddable":true,"href":"http:\/\/clubourenseatletismo.es\/blog\/wp-json\/wp\/v2\/categories?post=14682"},{"taxonomy":"post_tag","embeddable":true,"href":"http:\/\/clubourenseatletismo.es\/blog\/wp-json\/wp\/v2\/tags?post=14682"}],"curies":[{"name":"wp","href":"https:\/\/api.w.org\/{rel}","templated":true}]}}