{"id":14600,"date":"2020-12-21T12:28:33","date_gmt":"2020-12-21T11:28:33","guid":{"rendered":"https:\/\/clubourenseatletismo.es\/blog\/?p=14600"},"modified":"2020-12-21T12:28:33","modified_gmt":"2020-12-21T11:28:33","slug":"v-san-silvestre-ourensa","status":"publish","type":"post","link":"http:\/\/clubourenseatletismo.es\/blog\/2020\/12\/21\/v-san-silvestre-ourensa\/","title":{"rendered":"V SAN SILVESTRE OURENS\u00c1"},"content":{"rendered":"<p><img loading=\"lazy\" decoding=\"async\" class=\"wp-image-14601 aligncenter\" src=\"https:\/\/clubourenseatletismo.es\/blog\/wp-content\/uploads\/2020\/12\/San-Silvestre-Ourensa-2020-scaled-1-728x1024.jpg\" alt=\"\" width=\"309\" height=\"435\" srcset=\"http:\/\/clubourenseatletismo.es\/blog\/wp-content\/uploads\/2020\/12\/San-Silvestre-Ourensa-2020-scaled-1-728x1024.jpg 728w, http:\/\/clubourenseatletismo.es\/blog\/wp-content\/uploads\/2020\/12\/San-Silvestre-Ourensa-2020-scaled-1-213x300.jpg 213w, http:\/\/clubourenseatletismo.es\/blog\/wp-content\/uploads\/2020\/12\/San-Silvestre-Ourensa-2020-scaled-1-768x1080.jpg 768w, http:\/\/clubourenseatletismo.es\/blog\/wp-content\/uploads\/2020\/12\/San-Silvestre-Ourensa-2020-scaled-1-1093x1536.jpg 1093w, http:\/\/clubourenseatletismo.es\/blog\/wp-content\/uploads\/2020\/12\/San-Silvestre-Ourensa-2020-scaled-1-1457x2048.jpg 1457w, http:\/\/clubourenseatletismo.es\/blog\/wp-content\/uploads\/2020\/12\/San-Silvestre-Ourensa-2020-scaled-1-700x984.jpg 700w, http:\/\/clubourenseatletismo.es\/blog\/wp-content\/uploads\/2020\/12\/San-Silvestre-Ourensa-2020-scaled-1.jpg 1821w\" sizes=\"auto, (max-width: 309px) 100vw, 309px\" \/><\/p>\n<p>Sublime Deporte y Cultura S.L. e o Consello Municipal de Deportes do Concello de Ourense coa&nbsp;colaboraci\u00f3n da Delegaci\u00f3n en Ourense da Federaci\u00f3n Galega de Atletismo e o Club Deportivo Aurum organizan o xoves, 31 de decembro de 2020 a \u201cV Carreira Popular San Silvestre Ourens\u00e1\u201d.<\/p>\n<div>\n<div><b>&nbsp;<\/b>Poder\u00e1n participar todas aquelas persoas maiores de 16 a\u00f1os (o d\u00eda da proba) que o desexen, sempre que estean inscritas nos prazos e formas establecidos ao efecto pola Organizaci\u00f3n.<\/div>\n<\/div>\n<div>As inscrici\u00f3ns realizaranse entre o 18 e o 27 de decembro de 2020 \u00e1s 23:59 h realizaranse a trav\u00e9s da plataforma: https:\/\/www.carreirasgalegas.com\/.&nbsp;<\/div>\n<div>O prezo da inscrici\u00f3n \u00e9 de 7\u20ac.<\/div>\n<div>Segundo o disposto no protocolo FISICOVID DXT GALEGO haber\u00e1 un l\u00edmite de 300 prazas, que se establecer\u00e1n por rigoroso orde de inscrici\u00f3n.<\/div>\n<div>\n<div>Cada atleta deber\u00e1 presentar un documento, ANEXO II, para indicar que nos 10 d\u00edas previos non percibiu en si mesmo s\u00edntomas compatibles co COVID-19. Ter\u00e1 que cubrir con bol\u00edgrafo, asinar e entregar este documento impreso na entrada \u00e1 Zona de Presa\u00edda.<\/div>\n<div>Importante: Sen a entrega do documento non se poder\u00e1 participar no evento.<\/div>\n<div>O percorrido ter\u00e1 unha lonxitude de 5,25 km. aproximadamente, principalmente de terra compactada e tramos de asfalto e pedra. A Zona de Presa\u00edda e a Sa\u00edda estar\u00e1n situadas na explanada situada ao car\u00f3n da Ponte Vella na marxe dereita do r\u00edo Mi\u00f1o, baixo a r\u00faa Ribeira de Canedo.<\/div>\n<div>A Meta estar\u00e1 situada na Ponte Vella \u2013 Casa do Legoeiro.<\/div>\n<div>Non se realizar\u00e1 cerimonia de premiaci\u00f3ns o d\u00eda da proba. Realizarase a entrega de premios na Casa do Concello de Ourense na data que lle ser\u00e1 comunicada aos premiados.<\/div>\n<\/div>\n<div>&nbsp;<\/div>\n<div>&nbsp;<\/div>\n<div style=\"text-align: center;\"><a class=\"fasc-button fasc-size-medium fasc-type-glossy fasc-rounded-medium fasc-ico-before dashicons-groups\" style=\"background-color: #324994; color: #ffffff;\" target=\"_blank\" rel=\"noopener\" href=\"https:\/\/www.carreirasgalegas.com\/carreira\/v-san-silvestre-ourens\/436efea4-edf6-709f-37ed-39f34d3d326b\">Inscripci\u00f3n&nbsp;<\/a>&nbsp; &nbsp;<a class=\"fasc-button fasc-size-medium fasc-type-glossy fasc-rounded-medium fasc-ico-before dashicons-format-aside\" style=\"background-color: #218562; color: #ffffff;\" target=\"_blank\" rel=\"noopener\" href=\"https:\/\/carreirasgalegas.blob.core.windows.net\/docs\/52b08676-9c90-7a3a-d2e3-39f98978b975-2020%20Regulamento%20San%20Silvestre%20Ourens%C3%A1.pdf\">Reglamento&nbsp;<\/a><\/div>\n<div>&nbsp;<\/div>\n","protected":false},"excerpt":{"rendered":"<p>Sublime Deporte y Cultura S.L. e o Consello Municipal de Deportes do Concello de Ourense coa&nbsp;colaboraci\u00f3n da Delegaci\u00f3n en Ourense da Federaci\u00f3n Galega de Atletismo e o Club Deportivo Aurum organizan o xoves, 31 de decembro de 2020 a \u201cV Carreira Popular San Silvestre Ourens\u00e1\u201d&#8230;.<\/p>\n","protected":false},"author":1,"featured_media":14601,"comment_status":"closed","ping_status":"closed","sticky":false,"template":"","format":"standard","meta":{"footnotes":""},"categories":[33],"tags":[],"class_list":["post-14600","post","type-post","status-publish","format-standard","has-post-thumbnail","hentry","category-competiciones-2"],"aioseo_notices":[],"_links":{"self":[{"href":"http:\/\/clubourenseatletismo.es\/blog\/wp-json\/wp\/v2\/posts\/14600","targetHints":{"allow":["GET"]}}],"collection":[{"href":"http:\/\/clubourenseatletismo.es\/blog\/wp-json\/wp\/v2\/posts"}],"about":[{"href":"http:\/\/clubourenseatletismo.es\/blog\/wp-json\/wp\/v2\/types\/post"}],"author":[{"embeddable":true,"href":"http:\/\/clubourenseatletismo.es\/blog\/wp-json\/wp\/v2\/users\/1"}],"replies":[{"embeddable":true,"href":"http:\/\/clubourenseatletismo.es\/blog\/wp-json\/wp\/v2\/comments?post=14600"}],"version-history":[{"count":2,"href":"http:\/\/clubourenseatletismo.es\/blog\/wp-json\/wp\/v2\/posts\/14600\/revisions"}],"predecessor-version":[{"id":14603,"href":"http:\/\/clubourenseatletismo.es\/blog\/wp-json\/wp\/v2\/posts\/14600\/revisions\/14603"}],"wp:featuredmedia":[{"embeddable":true,"href":"http:\/\/clubourenseatletismo.es\/blog\/wp-json\/wp\/v2\/media\/14601"}],"wp:attachment":[{"href":"http:\/\/clubourenseatletismo.es\/blog\/wp-json\/wp\/v2\/media?parent=14600"}],"wp:term":[{"taxonomy":"category","embeddable":true,"href":"http:\/\/clubourenseatletismo.es\/blog\/wp-json\/wp\/v2\/categories?post=14600"},{"taxonomy":"post_tag","embeddable":true,"href":"http:\/\/clubourenseatletismo.es\/blog\/wp-json\/wp\/v2\/tags?post=14600"}],"curies":[{"name":"wp","href":"https:\/\/api.w.org\/{rel}","templated":true}]}}