{"id":14141,"date":"2020-03-08T11:22:48","date_gmt":"2020-03-08T10:22:48","guid":{"rendered":"https:\/\/clubourenseatletismo.es\/blog\/?p=14141"},"modified":"2020-03-08T11:22:48","modified_gmt":"2020-03-08T10:22:48","slug":"campeonato-gallego-p-c-f-g-d-a","status":"publish","type":"post","link":"http:\/\/clubourenseatletismo.es\/blog\/2020\/03\/08\/campeonato-gallego-p-c-f-g-d-a\/","title":{"rendered":"Campeonato Gallego P.C.  &#8211; F.G.D.A."},"content":{"rendered":"<p><img loading=\"lazy\" decoding=\"async\" class=\"alignleft wp-image-7992\" src=\"https:\/\/clubourenseatletismo.es\/blog\/wp-content\/uploads\/2018\/02\/fgda.jpg\" alt=\"\" width=\"283\" height=\"201\" srcset=\"http:\/\/clubourenseatletismo.es\/blog\/wp-content\/uploads\/2018\/02\/fgda.jpg 338w, http:\/\/clubourenseatletismo.es\/blog\/wp-content\/uploads\/2018\/02\/fgda-300x213.jpg 300w\" sizes=\"auto, (max-width: 283px) 100vw, 283px\" \/>I Campeonato Galego de Atletismo en pista cubierta, que se celebrar\u00e1 el pr\u00f3ximo 25 de marzo en las pistas de Expourense.<\/p>\n<p>El plazo de inscripci\u00f3n finaliza el pr\u00f3ximo mi\u00e9rcoles 11 de Marzo<\/p>\n<p>Cada equipo poder\u00e1 presentar un m\u00e1ximo de:<br \/>\n&#8211; Concursos (Lonxitude, peso), 2 atletas<br \/>\n&#8211; 60, 200 metros, 2 atletas<br \/>\n&#8211; 400, 800, 3 atletas<br \/>\n&#8211; 1500 non hai l\u00edmite.<\/p>\n<p>As clasificaci\u00f3ns ser\u00e1n de forma directa entre as mellores marcas de t\u00f3dalas series.<br \/>\n&nbsp; &nbsp; \uf0b7 Categor\u00eda Competici\u00f3n, F\u00edsicos y PC\u2019s:<\/p>\n<p>o Como m\u00e1ximo cada atleta poder\u00e1 participar en 2 carreiras, e un salto ou Lanzamento.<br \/>\n&nbsp; &nbsp; \uf0b7 Categor\u00eda Adaptada:<br \/>\no Como m\u00e1ximo cada atleta poder\u00e1 participar nunha carreira e un salto ou lanzamento.<br \/>\n&nbsp; &nbsp; \uf0b7 Categor\u00eda Xogo:<br \/>\no Cada atleta poder\u00e1 participar s\u00f3 nunha proba.<\/p>\n<p style=\"text-align: center;\"><a class=\"fasc-button fasc-size-medium fasc-type-glossy fasc-rounded-medium fasc-ico-before dashicons-format-aside\" style=\"background-color: #218562; color: #ffffff;\" target=\"_blank\" rel=\"noopener noreferrer\" href=\"https:\/\/www.fgda.gal\/wp-content\/uploads\/NORMATIVA-ATLETISMO-PISTA-CUBIERTA.pdf\">Reglamento<\/a><\/p>\n<p>Habr\u00e1 servicio de autob\u00fas y est\u00e1 por confirmar que haya picnic o fruta.<\/p>\n","protected":false},"excerpt":{"rendered":"<p>I Campeonato Galego de Atletismo en pista cubierta, que se celebrar\u00e1 el pr\u00f3ximo 25 de marzo en las pistas de Expourense. El plazo de inscripci\u00f3n finaliza el pr\u00f3ximo mi\u00e9rcoles 11 de Marzo Cada equipo poder\u00e1 presentar un m\u00e1ximo de: &#8211; Concursos (Lonxitude, peso), 2 atletas&#8230;<\/p>\n","protected":false},"author":1,"featured_media":7992,"comment_status":"closed","ping_status":"closed","sticky":false,"template":"","format":"standard","meta":{"footnotes":""},"categories":[7],"tags":[],"class_list":["post-14141","post","type-post","status-publish","format-standard","has-post-thumbnail","hentry","category-noticias"],"aioseo_notices":[],"_links":{"self":[{"href":"http:\/\/clubourenseatletismo.es\/blog\/wp-json\/wp\/v2\/posts\/14141","targetHints":{"allow":["GET"]}}],"collection":[{"href":"http:\/\/clubourenseatletismo.es\/blog\/wp-json\/wp\/v2\/posts"}],"about":[{"href":"http:\/\/clubourenseatletismo.es\/blog\/wp-json\/wp\/v2\/types\/post"}],"author":[{"embeddable":true,"href":"http:\/\/clubourenseatletismo.es\/blog\/wp-json\/wp\/v2\/users\/1"}],"replies":[{"embeddable":true,"href":"http:\/\/clubourenseatletismo.es\/blog\/wp-json\/wp\/v2\/comments?post=14141"}],"version-history":[{"count":3,"href":"http:\/\/clubourenseatletismo.es\/blog\/wp-json\/wp\/v2\/posts\/14141\/revisions"}],"predecessor-version":[{"id":14144,"href":"http:\/\/clubourenseatletismo.es\/blog\/wp-json\/wp\/v2\/posts\/14141\/revisions\/14144"}],"wp:featuredmedia":[{"embeddable":true,"href":"http:\/\/clubourenseatletismo.es\/blog\/wp-json\/wp\/v2\/media\/7992"}],"wp:attachment":[{"href":"http:\/\/clubourenseatletismo.es\/blog\/wp-json\/wp\/v2\/media?parent=14141"}],"wp:term":[{"taxonomy":"category","embeddable":true,"href":"http:\/\/clubourenseatletismo.es\/blog\/wp-json\/wp\/v2\/categories?post=14141"},{"taxonomy":"post_tag","embeddable":true,"href":"http:\/\/clubourenseatletismo.es\/blog\/wp-json\/wp\/v2\/tags?post=14141"}],"curies":[{"name":"wp","href":"https:\/\/api.w.org\/{rel}","templated":true}]}}