{"id":13896,"date":"2020-02-13T11:02:52","date_gmt":"2020-02-13T10:02:52","guid":{"rendered":"https:\/\/clubourenseatletismo.es\/blog\/?p=13896"},"modified":"2020-02-13T11:02:52","modified_gmt":"2020-02-13T10:02:52","slug":"x-carreira-do-cocido-10k-5k-2","status":"publish","type":"post","link":"http:\/\/clubourenseatletismo.es\/blog\/2020\/02\/13\/x-carreira-do-cocido-10k-5k-2\/","title":{"rendered":"X CARREIRA DO COCIDO 10K \/ 5K"},"content":{"rendered":"<p><img loading=\"lazy\" decoding=\"async\" class=\"size-full wp-image-13897 aligncenter\" src=\"https:\/\/clubourenseatletismo.es\/blog\/wp-content\/uploads\/2020\/02\/foto-4-1.jpg\" alt=\"\" width=\"439\" height=\"475\" srcset=\"http:\/\/clubourenseatletismo.es\/blog\/wp-content\/uploads\/2020\/02\/foto-4-1.jpg 439w, http:\/\/clubourenseatletismo.es\/blog\/wp-content\/uploads\/2020\/02\/foto-4-1-277x300.jpg 277w\" sizes=\"auto, (max-width: 439px) 100vw, 439px\" \/><\/p>\n<p>La X\u00aa Carreira do Cocido organizada por el Club Escola de Atletismo Deza en colaboraci\u00f3n con el Concello tendr\u00eda este a\u00f1o un aliciente m\u00e1s al estar incluida en&nbsp; el calendario de carreras de la Federaci\u00f3n Galega de Atletismo.<\/p>\n<p>Por todo ello los colores de nuestro club de la mano de varios atletas estar\u00edan presentes una vez m\u00e1s en esta carrera.<\/p>\n<p>La mayor participaci\u00f3n vendr\u00eda en las carreras de 10 y 5 km; como viene siendo habitual, la prueba de los 10 kil\u00f3metros fue la m\u00e1s concurrida y en ella tomar\u00edan parte:&nbsp;<\/p>\n<table class=\"table\" style=\"width: 69.0689%; height: 50px;\">\n<tbody>\n<tr>\n<td style=\"width: 22px;\">36<\/td>\n<td style=\"width: 82px;\"><a href=\"https:\/\/championchipnorte.com\/resultados\/x-carreira-do-cocido-lalin-2020\/carrera-10km\/dorsal-97\">ROBERTO<\/a><\/td>\n<td style=\"width: 147px;\"><a href=\"https:\/\/championchipnorte.com\/resultados\/x-carreira-do-cocido-lalin-2020\/carrera-10km\/dorsal-97\">ESPI\u00d1A FERNANDEZ<\/a><\/td>\n<td style=\"width: 38px;\">M-36<\/td>\n<td style=\"width: 69px;\">MSAM-17<\/td>\n<td style=\"width: 70px;\">00:38:45<\/td>\n<\/tr>\n<tr>\n<td style=\"width: 22px;\">42<\/td>\n<td style=\"width: 82px;\"><a href=\"https:\/\/championchipnorte.com\/resultados\/x-carreira-do-cocido-lalin-2020\/carrera-10km\/dorsal-98\">ELISEO<\/a><\/td>\n<td style=\"width: 147px;\"><a href=\"https:\/\/championchipnorte.com\/resultados\/x-carreira-do-cocido-lalin-2020\/carrera-10km\/dorsal-98\">FABELLO CID<\/a><\/td>\n<td style=\"width: 38px;\">M-42<\/td>\n<td style=\"width: 69px;\">MSAM-19<\/td>\n<td style=\"width: 70px;\">00:39:25<\/td>\n<\/tr>\n<\/tbody>\n<\/table>\n<p>&nbsp;<\/p>\n<p>Ya en la prueba de los 5 kil\u00f3metros contar\u00edamos con la participaci\u00f3n de:<\/p>\n<table class=\"table\" style=\"width: 69.0325%; height: 23px;\">\n<tbody>\n<tr>\n<td>&nbsp;<\/td>\n<td><a href=\"https:\/\/championchipnorte.com\/resultados\/x-carreira-do-cocido-lalin-2020\/carrera-5km\/dorsal-615\">615<\/a><\/td>\n<td><a href=\"https:\/\/championchipnorte.com\/resultados\/x-carreira-do-cocido-lalin-2020\/carrera-5km\/dorsal-615\">SATURNINO<\/a><\/td>\n<td><a href=\"https:\/\/championchipnorte.com\/resultados\/x-carreira-do-cocido-lalin-2020\/carrera-5km\/dorsal-615\">GONZALEZ NOVOA<\/a><\/td>\n<td>M-3<\/td>\n<td>ABM-3<\/td>\n<td>00:18:50<\/td>\n<\/tr>\n<\/tbody>\n<\/table>\n<p>Tambi\u00e9n en las categor\u00edas menores estuvimos presentes en esta ocasi\u00f3n nuestros atletas fueron:<\/p>\n<p>Categor\u00eda Sub 14\/16:<\/p>\n<table class=\"table\" style=\"width: 68.6013%; height: 46px;\">\n<tbody>\n<tr>\n<td>4<\/td>\n<td><a href=\"https:\/\/championchipnorte.com\/resultados\/x-carreira-do-cocido-lalin-2020\/sub142007-2008-sub162005-2006\/dorsal-813\">813<\/a><\/td>\n<td><a href=\"https:\/\/championchipnorte.com\/resultados\/x-carreira-do-cocido-lalin-2020\/sub142007-2008-sub162005-2006\/dorsal-813\">CAROL<\/a><\/td>\n<td><a href=\"https:\/\/championchipnorte.com\/resultados\/x-carreira-do-cocido-lalin-2020\/sub142007-2008-sub162005-2006\/dorsal-813\">SANTOS VILLALON<\/a><\/td>\n<td>F-1<\/td>\n<td>SUB16F-1<\/td>\n<td>00:07:49<\/td>\n<\/tr>\n<tr>\n<td>12<\/td>\n<td><a href=\"https:\/\/championchipnorte.com\/resultados\/x-carreira-do-cocido-lalin-2020\/sub142007-2008-sub162005-2006\/dorsal-812\">812<\/a><\/td>\n<td><a href=\"https:\/\/championchipnorte.com\/resultados\/x-carreira-do-cocido-lalin-2020\/sub142007-2008-sub162005-2006\/dorsal-812\">SAMUEL<\/a><\/td>\n<td><a href=\"https:\/\/championchipnorte.com\/resultados\/x-carreira-do-cocido-lalin-2020\/sub142007-2008-sub162005-2006\/dorsal-812\">BANGA ARANCEY<\/a><\/td>\n<td>M-9<\/td>\n<td>SUB14M-6<\/td>\n<td>00:08:38<\/td>\n<\/tr>\n<\/tbody>\n<\/table>\n<p>&nbsp;<\/p>\n<p style=\"text-align: center;\"><a class=\"fasc-button fasc-size-medium fasc-type-glossy fasc-rounded-medium ico-fa fasc-ico-before fa-trophy\" style=\"background-color: #e66903; color: #ffffff;\" target=\"_blank\" rel=\"noopener noreferrer\" href=\"https:\/\/championchipnorte.com\/resultados\/x-carreira-do-cocido-lalin-2020\/carrera-10km\/1\">Resultados<\/a><\/p>\n","protected":false},"excerpt":{"rendered":"<p>La X\u00aa Carreira do Cocido organizada por el Club Escola de Atletismo Deza en colaboraci\u00f3n con el Concello tendr\u00eda este a\u00f1o un aliciente m\u00e1s al estar incluida en&nbsp; el calendario de carreras de la Federaci\u00f3n Galega de Atletismo. Por todo ello los colores de nuestro&#8230;<\/p>\n","protected":false},"author":1,"featured_media":13897,"comment_status":"closed","ping_status":"closed","sticky":false,"template":"","format":"standard","meta":{"footnotes":""},"categories":[9],"tags":[],"class_list":["post-13896","post","type-post","status-publish","format-standard","has-post-thumbnail","hentry","category-resultados"],"aioseo_notices":[],"_links":{"self":[{"href":"http:\/\/clubourenseatletismo.es\/blog\/wp-json\/wp\/v2\/posts\/13896","targetHints":{"allow":["GET"]}}],"collection":[{"href":"http:\/\/clubourenseatletismo.es\/blog\/wp-json\/wp\/v2\/posts"}],"about":[{"href":"http:\/\/clubourenseatletismo.es\/blog\/wp-json\/wp\/v2\/types\/post"}],"author":[{"embeddable":true,"href":"http:\/\/clubourenseatletismo.es\/blog\/wp-json\/wp\/v2\/users\/1"}],"replies":[{"embeddable":true,"href":"http:\/\/clubourenseatletismo.es\/blog\/wp-json\/wp\/v2\/comments?post=13896"}],"version-history":[{"count":3,"href":"http:\/\/clubourenseatletismo.es\/blog\/wp-json\/wp\/v2\/posts\/13896\/revisions"}],"predecessor-version":[{"id":13908,"href":"http:\/\/clubourenseatletismo.es\/blog\/wp-json\/wp\/v2\/posts\/13896\/revisions\/13908"}],"wp:featuredmedia":[{"embeddable":true,"href":"http:\/\/clubourenseatletismo.es\/blog\/wp-json\/wp\/v2\/media\/13897"}],"wp:attachment":[{"href":"http:\/\/clubourenseatletismo.es\/blog\/wp-json\/wp\/v2\/media?parent=13896"}],"wp:term":[{"taxonomy":"category","embeddable":true,"href":"http:\/\/clubourenseatletismo.es\/blog\/wp-json\/wp\/v2\/categories?post=13896"},{"taxonomy":"post_tag","embeddable":true,"href":"http:\/\/clubourenseatletismo.es\/blog\/wp-json\/wp\/v2\/tags?post=13896"}],"curies":[{"name":"wp","href":"https:\/\/api.w.org\/{rel}","templated":true}]}}