{"id":13804,"date":"2020-02-08T16:09:49","date_gmt":"2020-02-08T15:09:49","guid":{"rendered":"https:\/\/clubourenseatletismo.es\/blog\/?p=13804"},"modified":"2020-02-08T16:09:49","modified_gmt":"2020-02-08T15:09:49","slug":"campionato-de-espana-marcha-por-federacions","status":"publish","type":"post","link":"http:\/\/clubourenseatletismo.es\/blog\/2020\/02\/08\/campionato-de-espana-marcha-por-federacions\/","title":{"rendered":"Campionato de Espa\u00f1a Marcha por Federacions"},"content":{"rendered":"<p><img loading=\"lazy\" decoding=\"async\" class=\"alignleft wp-image-8626\" src=\"https:\/\/clubourenseatletismo.es\/blog\/wp-content\/uploads\/2018\/05\/MARCA-GRAFICA-PRINCIPAL-AIRE-LIBRE-1024x1024.jpg\" alt=\"\" width=\"112\" height=\"112\" srcset=\"http:\/\/clubourenseatletismo.es\/blog\/wp-content\/uploads\/2018\/05\/MARCA-GRAFICA-PRINCIPAL-AIRE-LIBRE-1024x1024.jpg 1024w, http:\/\/clubourenseatletismo.es\/blog\/wp-content\/uploads\/2018\/05\/MARCA-GRAFICA-PRINCIPAL-AIRE-LIBRE-150x150.jpg 150w, http:\/\/clubourenseatletismo.es\/blog\/wp-content\/uploads\/2018\/05\/MARCA-GRAFICA-PRINCIPAL-AIRE-LIBRE-300x300.jpg 300w, http:\/\/clubourenseatletismo.es\/blog\/wp-content\/uploads\/2018\/05\/MARCA-GRAFICA-PRINCIPAL-AIRE-LIBRE-768x768.jpg 768w, http:\/\/clubourenseatletismo.es\/blog\/wp-content\/uploads\/2018\/05\/MARCA-GRAFICA-PRINCIPAL-AIRE-LIBRE.jpg 1772w\" sizes=\"auto, (max-width: 112px) 100vw, 112px\" \/>A proposta do Responsable do sector Carlos Morales e do Director T\u00e9cnico da Federaci\u00f3n Galega de Atletismo Carlos Castro, ac\u00e1base de facer p\u00fablica a relaci\u00f3n de integrantes que tomar\u00e1n parte ca Selecci\u00f3n Galega no&nbsp;<strong>Campionato de Espa\u00f1a Sub 20 e Sub 16 de marcha por Federaci\u00f3ns<\/strong>&nbsp;a celebrar o vindeiro 16 de febreiro en Torrevieja.<\/p>\n<p>A esta importante cita da especialidade, acuden un total de 20 marchadores\/as que ter\u00e1n como obxectivo estar preto dos postos importantes da competici\u00f3n.<\/p>\n<p>Na relaci\u00f3n de seleccionadas\/os contamos&nbsp; coa presenza dos atletas do noso clube:<\/p>\n<ul>\n<li>Javier Malingre S\u00e1nchez<\/li>\n<li>Rita V\u00e1zquez Gonz\u00e1lez&nbsp; (reserva)<\/li>\n<li>Brais Manso Delgado (reserva)<\/li>\n<\/ul>\n<p>Destaca tam\u00e9n a asistencia do <em>membro do equipo t\u00e9cnico Francisco Javier V\u00e1zquez , que os acompa\u00f1ar\u00e1 nesta experiencia.<\/em><\/p>\n<p>Cabe recordar que por marca obtida tam\u00e9n ten a m\u00ednima para competir individualmente a atleta Silvia Ramos.&nbsp;<\/p>\n<p>A todos eles darlle a noraboa.&nbsp;<\/p>\n<p style=\"text-align: center;\"><a class=\"fasc-button fasc-size-medium fasc-type-glossy fasc-rounded-medium ico-fa fasc-ico-before fa-trophy\" style=\"background-color: #e66903; color: #ffffff;\" target=\"_blank\" rel=\"noopener noreferrer\" href=\"https:\/\/atletismo.gal\/wp-content\/uploads\/2020\/02\/Circular-28-2020.pdf\">Circular<\/a><\/p>\n","protected":false},"excerpt":{"rendered":"<p>A proposta do Responsable do sector Carlos Morales e do Director T\u00e9cnico da Federaci\u00f3n Galega de Atletismo Carlos Castro, ac\u00e1base de facer p\u00fablica a relaci\u00f3n de integrantes que tomar\u00e1n parte ca Selecci\u00f3n Galega no&nbsp;Campionato de Espa\u00f1a Sub 20 e Sub 16 de marcha por Federaci\u00f3ns&nbsp;a&#8230;<\/p>\n","protected":false},"author":1,"featured_media":8626,"comment_status":"closed","ping_status":"closed","sticky":false,"template":"","format":"standard","meta":{"footnotes":""},"categories":[7],"tags":[],"class_list":["post-13804","post","type-post","status-publish","format-standard","has-post-thumbnail","hentry","category-noticias"],"aioseo_notices":[],"_links":{"self":[{"href":"http:\/\/clubourenseatletismo.es\/blog\/wp-json\/wp\/v2\/posts\/13804","targetHints":{"allow":["GET"]}}],"collection":[{"href":"http:\/\/clubourenseatletismo.es\/blog\/wp-json\/wp\/v2\/posts"}],"about":[{"href":"http:\/\/clubourenseatletismo.es\/blog\/wp-json\/wp\/v2\/types\/post"}],"author":[{"embeddable":true,"href":"http:\/\/clubourenseatletismo.es\/blog\/wp-json\/wp\/v2\/users\/1"}],"replies":[{"embeddable":true,"href":"http:\/\/clubourenseatletismo.es\/blog\/wp-json\/wp\/v2\/comments?post=13804"}],"version-history":[{"count":3,"href":"http:\/\/clubourenseatletismo.es\/blog\/wp-json\/wp\/v2\/posts\/13804\/revisions"}],"predecessor-version":[{"id":13807,"href":"http:\/\/clubourenseatletismo.es\/blog\/wp-json\/wp\/v2\/posts\/13804\/revisions\/13807"}],"wp:featuredmedia":[{"embeddable":true,"href":"http:\/\/clubourenseatletismo.es\/blog\/wp-json\/wp\/v2\/media\/8626"}],"wp:attachment":[{"href":"http:\/\/clubourenseatletismo.es\/blog\/wp-json\/wp\/v2\/media?parent=13804"}],"wp:term":[{"taxonomy":"category","embeddable":true,"href":"http:\/\/clubourenseatletismo.es\/blog\/wp-json\/wp\/v2\/categories?post=13804"},{"taxonomy":"post_tag","embeddable":true,"href":"http:\/\/clubourenseatletismo.es\/blog\/wp-json\/wp\/v2\/tags?post=13804"}],"curies":[{"name":"wp","href":"https:\/\/api.w.org\/{rel}","templated":true}]}}