{"id":13745,"date":"2020-02-05T21:34:19","date_gmt":"2020-02-05T20:34:19","guid":{"rendered":"https:\/\/clubourenseatletismo.es\/blog\/?p=13745"},"modified":"2020-02-05T21:34:19","modified_gmt":"2020-02-05T20:34:19","slug":"x-carreira-do-cocido-10k-5k","status":"publish","type":"post","link":"http:\/\/clubourenseatletismo.es\/blog\/2020\/02\/05\/x-carreira-do-cocido-10k-5k\/","title":{"rendered":"X Carreira do Cocido 10K \/ 5K"},"content":{"rendered":"<p><img loading=\"lazy\" decoding=\"async\" class=\"alignleft size-full wp-image-13746\" src=\"https:\/\/clubourenseatletismo.es\/blog\/wp-content\/uploads\/2020\/02\/cocido2020.jpg\" alt=\"\" width=\"212\" height=\"300\"><\/p>\n<div>O Concello de Lal\u00edn patrocina, e organiza conxuntamente co Clube Escola de Atletismo Deza o domingo 9 de Febreiro, a partires das 10 horas, a X Carreira Pedestre do COCIDO DE LAL\u00cdN.<\/div>\n<div>As probas contar\u00e1n co control t\u00e9cnico dos xu\u00edces da Federaci\u00f3n Galega de Atletismo<\/div>\n<div>&nbsp;<\/div>\n<div>09:30 Apertura mesa dorsais na carpa igl\u00fa, ubicada na praza da Igrexa (frente ao Circulo Recreo Casino de Lal\u00edn).<\/div>\n<div>&nbsp;<\/div>\n<div><b>SA\u00cdDA &#8211; META:&nbsp;<\/b>R\u00faa Lu\u00eds Gonz\u00e1lez Taboada (mesmo punto que nas derradeiras edici\u00f3ns).<\/div>\n<div>&nbsp;<\/div>\n<div style=\"text-align: center;\"><a class=\"fasc-button fasc-size-medium fasc-type-glossy fasc-rounded-medium fasc-ico-before dashicons-format-aside\" style=\"background-color: #218562; color: #ffffff;\" target=\"_blank\" rel=\"noopener noreferrer\" href=\"https:\/\/carreirasgalegas.blob.core.windows.net\/docs\/fca1a70a-d0ef-45bc-c4ad-39f287de5650-3.Regulamento%20X%20CARREIRA%20do%20COCIDO%20de%20LAL%C3%8DN%20(1).pdf\">Reglamento<\/a><\/div>\n","protected":false},"excerpt":{"rendered":"<p>O Concello de Lal\u00edn patrocina, e organiza conxuntamente co Clube Escola de Atletismo Deza o domingo 9 de Febreiro, a partires das 10 horas, a X Carreira Pedestre do COCIDO DE LAL\u00cdN. As probas contar\u00e1n co control t\u00e9cnico dos xu\u00edces da Federaci\u00f3n Galega de Atletismo&#8230;<\/p>\n","protected":false},"author":1,"featured_media":13746,"comment_status":"closed","ping_status":"closed","sticky":false,"template":"","format":"standard","meta":{"footnotes":""},"categories":[7],"tags":[],"class_list":["post-13745","post","type-post","status-publish","format-standard","has-post-thumbnail","hentry","category-noticias"],"aioseo_notices":[],"_links":{"self":[{"href":"http:\/\/clubourenseatletismo.es\/blog\/wp-json\/wp\/v2\/posts\/13745","targetHints":{"allow":["GET"]}}],"collection":[{"href":"http:\/\/clubourenseatletismo.es\/blog\/wp-json\/wp\/v2\/posts"}],"about":[{"href":"http:\/\/clubourenseatletismo.es\/blog\/wp-json\/wp\/v2\/types\/post"}],"author":[{"embeddable":true,"href":"http:\/\/clubourenseatletismo.es\/blog\/wp-json\/wp\/v2\/users\/1"}],"replies":[{"embeddable":true,"href":"http:\/\/clubourenseatletismo.es\/blog\/wp-json\/wp\/v2\/comments?post=13745"}],"version-history":[{"count":2,"href":"http:\/\/clubourenseatletismo.es\/blog\/wp-json\/wp\/v2\/posts\/13745\/revisions"}],"predecessor-version":[{"id":13748,"href":"http:\/\/clubourenseatletismo.es\/blog\/wp-json\/wp\/v2\/posts\/13745\/revisions\/13748"}],"wp:featuredmedia":[{"embeddable":true,"href":"http:\/\/clubourenseatletismo.es\/blog\/wp-json\/wp\/v2\/media\/13746"}],"wp:attachment":[{"href":"http:\/\/clubourenseatletismo.es\/blog\/wp-json\/wp\/v2\/media?parent=13745"}],"wp:term":[{"taxonomy":"category","embeddable":true,"href":"http:\/\/clubourenseatletismo.es\/blog\/wp-json\/wp\/v2\/categories?post=13745"},{"taxonomy":"post_tag","embeddable":true,"href":"http:\/\/clubourenseatletismo.es\/blog\/wp-json\/wp\/v2\/tags?post=13745"}],"curies":[{"name":"wp","href":"https:\/\/api.w.org\/{rel}","templated":true}]}}