{"id":13635,"date":"2020-01-19T18:49:22","date_gmt":"2020-01-19T17:49:22","guid":{"rendered":"https:\/\/clubourenseatletismo.es\/blog\/?p=13635"},"modified":"2020-01-19T18:49:22","modified_gmt":"2020-01-19T17:49:22","slug":"resultados-menhires","status":"publish","type":"post","link":"http:\/\/clubourenseatletismo.es\/blog\/2020\/01\/19\/resultados-menhires\/","title":{"rendered":"Resultados Menhires"},"content":{"rendered":"<p style=\"text-align: center;\"><img loading=\"lazy\" decoding=\"async\" class=\" wp-image-13649 alignnone\" src=\"https:\/\/clubourenseatletismo.es\/blog\/wp-content\/uploads\/2020\/01\/foto.jpg\" alt=\"\" width=\"398\" height=\"372\" srcset=\"http:\/\/clubourenseatletismo.es\/blog\/wp-content\/uploads\/2020\/01\/foto.jpg 594w, http:\/\/clubourenseatletismo.es\/blog\/wp-content\/uploads\/2020\/01\/foto-300x280.jpg 300w\" sizes=\"auto, (max-width: 398px) 100vw, 398px\" \/><\/p>\n<p>&nbsp;<\/p>\n<p>En esta reci\u00e9n estrenada temporada, nuestros colores estar\u00edan presentes en el popular Cros dos Menhires. En esta novena edici\u00f3n nuestro nuevo fichaje, Javier Paredes,&nbsp; lograba ser segundo clasificado en la general a tan solo tres segundos del primero (20:21).En cuanto a la clasificaci\u00f3n por categor\u00edas ser\u00eda el primer m\u00e1ster A en entrar en meta.<\/p>\n<p><span class=\"\">Nos alegramos de su vuelta, que de seguro traer\u00e1 fant\u00e1sticas noticias. <\/span><\/p>\n<p style=\"text-align: center;\"><a class=\"fasc-button fasc-size-medium fasc-type-glossy fasc-rounded-medium ico-fa fasc-ico-before fa-trophy\" style=\"background-color: #e66903; color: #ffffff;\" target=\"_blank\" rel=\"noopener noreferrer\" href=\"https:\/\/carreirasgalegas.blob.core.windows.net\/docs\/7b30780c-94cb-21a6-af10-39f2cb448eee-Resultados%20IX%20CROSS%20DOS%20MENHIRES.pdf\">Resultados<\/a><\/p>\n","protected":false},"excerpt":{"rendered":"<p>&nbsp; En esta reci\u00e9n estrenada temporada, nuestros colores estar\u00edan presentes en el popular Cros dos Menhires. En esta novena edici\u00f3n nuestro nuevo fichaje, Javier Paredes,&nbsp; lograba ser segundo clasificado en la general a tan solo tres segundos del primero (20:21).En cuanto a la clasificaci\u00f3n por&#8230;<\/p>\n","protected":false},"author":1,"featured_media":13649,"comment_status":"closed","ping_status":"closed","sticky":false,"template":"","format":"standard","meta":{"footnotes":""},"categories":[9],"tags":[],"class_list":["post-13635","post","type-post","status-publish","format-standard","has-post-thumbnail","hentry","category-resultados"],"aioseo_notices":[],"_links":{"self":[{"href":"http:\/\/clubourenseatletismo.es\/blog\/wp-json\/wp\/v2\/posts\/13635","targetHints":{"allow":["GET"]}}],"collection":[{"href":"http:\/\/clubourenseatletismo.es\/blog\/wp-json\/wp\/v2\/posts"}],"about":[{"href":"http:\/\/clubourenseatletismo.es\/blog\/wp-json\/wp\/v2\/types\/post"}],"author":[{"embeddable":true,"href":"http:\/\/clubourenseatletismo.es\/blog\/wp-json\/wp\/v2\/users\/1"}],"replies":[{"embeddable":true,"href":"http:\/\/clubourenseatletismo.es\/blog\/wp-json\/wp\/v2\/comments?post=13635"}],"version-history":[{"count":4,"href":"http:\/\/clubourenseatletismo.es\/blog\/wp-json\/wp\/v2\/posts\/13635\/revisions"}],"predecessor-version":[{"id":13652,"href":"http:\/\/clubourenseatletismo.es\/blog\/wp-json\/wp\/v2\/posts\/13635\/revisions\/13652"}],"wp:featuredmedia":[{"embeddable":true,"href":"http:\/\/clubourenseatletismo.es\/blog\/wp-json\/wp\/v2\/media\/13649"}],"wp:attachment":[{"href":"http:\/\/clubourenseatletismo.es\/blog\/wp-json\/wp\/v2\/media?parent=13635"}],"wp:term":[{"taxonomy":"category","embeddable":true,"href":"http:\/\/clubourenseatletismo.es\/blog\/wp-json\/wp\/v2\/categories?post=13635"},{"taxonomy":"post_tag","embeddable":true,"href":"http:\/\/clubourenseatletismo.es\/blog\/wp-json\/wp\/v2\/tags?post=13635"}],"curies":[{"name":"wp","href":"https:\/\/api.w.org\/{rel}","templated":true}]}}