{"id":13631,"date":"2020-01-29T11:53:02","date_gmt":"2020-01-29T10:53:02","guid":{"rendered":"https:\/\/clubourenseatletismo.es\/blog\/?p=13631"},"modified":"2020-01-29T11:53:02","modified_gmt":"2020-01-29T10:53:02","slug":"xix-campionato-de-espana-de-medio-maraton-absoluto-e-master","status":"publish","type":"post","link":"http:\/\/clubourenseatletismo.es\/blog\/2020\/01\/29\/xix-campionato-de-espana-de-medio-maraton-absoluto-e-master\/","title":{"rendered":"XIX Campionato de Espa\u00f1a de Medio Marat\u00f3n Absoluto e M\u00e1ster"},"content":{"rendered":"<p><img loading=\"lazy\" decoding=\"async\" class=\"alignleft wp-image-13716\" src=\"https:\/\/clubourenseatletismo.es\/blog\/wp-content\/uploads\/2020\/01\/ruta_mediomaraton_Sagunto.jpg\" alt=\"\" width=\"222\" height=\"315\" srcset=\"http:\/\/clubourenseatletismo.es\/blog\/wp-content\/uploads\/2020\/01\/ruta_mediomaraton_Sagunto.jpg 700w, http:\/\/clubourenseatletismo.es\/blog\/wp-content\/uploads\/2020\/01\/ruta_mediomaraton_Sagunto-212x300.jpg 212w\" sizes=\"auto, (max-width: 222px) 100vw, 222px\" \/>El pr\u00f3ximo domingo 2 de febrero, a las 10 horas, tendr\u00e1 lugar la edici\u00f3n n\u00famero 35 de la Media Marat\u00f3n Puerto de Sagunto organizada por el Club Deportivo Camp de Morvedre en colaboraci\u00f3n con el Ayuntamiento de Sagunto.<\/p>\n<p>Esta prueba est\u00e1 incluida en el Calendario Nacional de la Real Federaci\u00f3n Espa\u00f1ola de Atletismo y paralelamente se disputar\u00e1 el XXIX Campeonato de Espa\u00f1a de Medio Marat\u00f3n Absoluto y M\u00e1ster, una excelente oportunidad para disfrutar junto a atletas de \u00e9lite de todo el territorio nacional.<\/p>\n<p>La salida y la meta tendr\u00e1n lugar en el Tri\u00e1ngulo Umbral, Avenida 9 de Octubre en Puerto de Sagunto.<\/p>\n<p>las inscripciones contin\u00faan abiertas hasta el pr\u00f3ximo mi\u00e9rcoles, 29 de enero a las 23:59, en la web: <a href=\"https:\/\/www.toprun.es\/eventos\/xxxv-media-maraton-puerto-sagunto-2020.\">https:\/\/www.toprun.es\/eventos\/xxxv-media-maraton-puerto-sagunto-2020.<\/a><\/p>\n<p>&nbsp;<\/p>\n<p style=\"text-align: center;\"><a class=\"fasc-button fasc-size-medium fasc-type-glossy fasc-rounded-medium fasc-ico-before dashicons-groups\" style=\"background-color: #324994; color: #ffffff;\" target=\"_blank\" rel=\"noopener noreferrer\" href=\"https:\/\/www.rfea.es\/sirfea\/ficheros\/planning\/InscritosaVierness.pdf\">Inscritos<\/a><\/p>\n","protected":false},"excerpt":{"rendered":"<p>El pr\u00f3ximo domingo 2 de febrero, a las 10 horas, tendr\u00e1 lugar la edici\u00f3n n\u00famero 35 de la Media Marat\u00f3n Puerto de Sagunto organizada por el Club Deportivo Camp de Morvedre en colaboraci\u00f3n con el Ayuntamiento de Sagunto. Esta prueba est\u00e1 incluida en el Calendario&#8230;<\/p>\n","protected":false},"author":1,"featured_media":13716,"comment_status":"closed","ping_status":"closed","sticky":false,"template":"","format":"standard","meta":{"footnotes":""},"categories":[7],"tags":[],"class_list":["post-13631","post","type-post","status-publish","format-standard","has-post-thumbnail","hentry","category-noticias"],"aioseo_notices":[],"_links":{"self":[{"href":"http:\/\/clubourenseatletismo.es\/blog\/wp-json\/wp\/v2\/posts\/13631","targetHints":{"allow":["GET"]}}],"collection":[{"href":"http:\/\/clubourenseatletismo.es\/blog\/wp-json\/wp\/v2\/posts"}],"about":[{"href":"http:\/\/clubourenseatletismo.es\/blog\/wp-json\/wp\/v2\/types\/post"}],"author":[{"embeddable":true,"href":"http:\/\/clubourenseatletismo.es\/blog\/wp-json\/wp\/v2\/users\/1"}],"replies":[{"embeddable":true,"href":"http:\/\/clubourenseatletismo.es\/blog\/wp-json\/wp\/v2\/comments?post=13631"}],"version-history":[{"count":3,"href":"http:\/\/clubourenseatletismo.es\/blog\/wp-json\/wp\/v2\/posts\/13631\/revisions"}],"predecessor-version":[{"id":13718,"href":"http:\/\/clubourenseatletismo.es\/blog\/wp-json\/wp\/v2\/posts\/13631\/revisions\/13718"}],"wp:featuredmedia":[{"embeddable":true,"href":"http:\/\/clubourenseatletismo.es\/blog\/wp-json\/wp\/v2\/media\/13716"}],"wp:attachment":[{"href":"http:\/\/clubourenseatletismo.es\/blog\/wp-json\/wp\/v2\/media?parent=13631"}],"wp:term":[{"taxonomy":"category","embeddable":true,"href":"http:\/\/clubourenseatletismo.es\/blog\/wp-json\/wp\/v2\/categories?post=13631"},{"taxonomy":"post_tag","embeddable":true,"href":"http:\/\/clubourenseatletismo.es\/blog\/wp-json\/wp\/v2\/tags?post=13631"}],"curies":[{"name":"wp","href":"https:\/\/api.w.org\/{rel}","templated":true}]}}