{"id":13590,"date":"2020-01-13T10:36:37","date_gmt":"2020-01-13T09:36:37","guid":{"rendered":"https:\/\/clubourenseatletismo.es\/blog\/?p=13590"},"modified":"2020-01-16T11:42:24","modified_gmt":"2020-01-16T10:42:24","slug":"la-pista-de-expourense-foco-del-atletismo-gallego","status":"publish","type":"post","link":"http:\/\/clubourenseatletismo.es\/blog\/2020\/01\/13\/la-pista-de-expourense-foco-del-atletismo-gallego\/","title":{"rendered":"La Pista de Expourense foco del atletismo gallego"},"content":{"rendered":"<p><img loading=\"lazy\" decoding=\"async\" class=\"wp-image-13592 aligncenter\" src=\"https:\/\/clubourenseatletismo.es\/blog\/wp-content\/uploads\/2020\/01\/IMG-20200112-WA0000.jpg\" alt=\"\" width=\"755\" height=\"566\" srcset=\"http:\/\/clubourenseatletismo.es\/blog\/wp-content\/uploads\/2020\/01\/IMG-20200112-WA0000.jpg 1024w, http:\/\/clubourenseatletismo.es\/blog\/wp-content\/uploads\/2020\/01\/IMG-20200112-WA0000-300x225.jpg 300w, http:\/\/clubourenseatletismo.es\/blog\/wp-content\/uploads\/2020\/01\/IMG-20200112-WA0000-768x576.jpg 768w, http:\/\/clubourenseatletismo.es\/blog\/wp-content\/uploads\/2020\/01\/IMG-20200112-WA0000-800x600.jpg 800w, http:\/\/clubourenseatletismo.es\/blog\/wp-content\/uploads\/2020\/01\/IMG-20200112-WA0000-700x525.jpg 700w\" sizes=\"auto, (max-width: 755px) 100vw, 755px\" \/><\/p>\n<p>Esta pasada fin de semana a pista cuberta de Ourense acolleu d\u00faas importantes citas; a Copa de Clubs tanto na categor\u00eda absoluta como a categor\u00eda m\u00e1ster .<\/p>\n<p>O s\u00e1bado d\u00eda 11 noso clube tivo a oportunidade de participar entre os oito equipos m\u00e1is potentes do panorama galego na categor\u00eda masculina, a pesar das baixas de \u00faltima hora defendemos con bravura os resultados obtidos.<\/p>\n<p>Actuacions:<\/p>\n<table style=\"width: 63.833%;\" width=\"517\">\n<tbody>\n<tr>\n<td style=\"width: 16.3148%;\" width=\"77\">Abdoun<\/td>\n<td style=\"width: 13.4357%;\" width=\"67\">Bechiki<\/td>\n<td style=\"width: 14.2035%;\" width=\"69\">Said<\/td>\n<td style=\"width: 24.3762%;\" width=\"144\">1.500 mts<\/td>\n<td style=\"width: 13.8196%;\" width=\"80\">Sub-20<\/td>\n<td style=\"width: 24.0967%;\" width=\"80\">04:19.91<\/td>\n<\/tr>\n<tr>\n<td style=\"width: 16.3148%;\">\u00c1lvarez<\/td>\n<td style=\"width: 13.4357%;\">Nogueira<\/td>\n<td style=\"width: 14.2035%;\">Pablo<\/td>\n<td style=\"width: 24.3762%;\">60 mts<\/td>\n<td style=\"width: 13.8196%;\">Sub-20<\/td>\n<td style=\"width: 24.0967%;\">00:07.25<\/td>\n<\/tr>\n<tr>\n<td style=\"width: 16.3148%;\">Ares<\/td>\n<td style=\"width: 13.4357%;\">Tapia<\/td>\n<td style=\"width: 14.2035%;\">Diego<\/td>\n<td style=\"width: 24.3762%;\">Salto de Altura<\/td>\n<td style=\"width: 13.8196%;\">Senior<\/td>\n<td style=\"width: 24.0967%;\">1.65 mts<\/td>\n<\/tr>\n<tr>\n<td style=\"width: 16.3148%;\">D\u00edaz<\/td>\n<td style=\"width: 13.4357%;\">Barreiro<\/td>\n<td style=\"width: 14.2035%;\">\u00c1lvaro<\/td>\n<td style=\"width: 24.3762%;\">Salto de Longitud<\/td>\n<td style=\"width: 13.8196%;\">Sub-18<\/td>\n<td style=\"width: 24.0967%;\">5.55 mts<\/td>\n<\/tr>\n<tr>\n<td style=\"width: 16.3148%;\">Dominguez<\/td>\n<td style=\"width: 13.4357%;\">Fornos<\/td>\n<td style=\"width: 14.2035%;\">Alex<\/td>\n<td style=\"width: 24.3762%;\">400 mts<\/td>\n<td style=\"width: 13.8196%;\">Sub-20<\/td>\n<td style=\"width: 24.0967%;\">00:52.65<\/td>\n<\/tr>\n<tr>\n<td style=\"width: 16.3148%;\">Herreria<\/td>\n<td style=\"width: 13.4357%;\">Alonso<\/td>\n<td style=\"width: 14.2035%;\">Sergio<\/td>\n<td style=\"width: 24.3762%;\">Triple Salto<\/td>\n<td style=\"width: 13.8196%;\">M\u00e1ster 40<\/td>\n<td style=\"width: 24.0967%;\">11.47 mts<\/td>\n<\/tr>\n<tr>\n<td style=\"width: 16.3148%;\">Justo<\/td>\n<td style=\"width: 13.4357%;\">Villar<\/td>\n<td style=\"width: 14.2035%;\">Fabio<\/td>\n<td style=\"width: 24.3762%;\">200 mts<\/td>\n<td style=\"width: 13.8196%;\">Sub-18<\/td>\n<td style=\"width: 24.0967%;\">00:24.53<\/td>\n<\/tr>\n<tr>\n<td style=\"width: 16.3148%;\">Malingre<\/td>\n<td style=\"width: 13.4357%;\">S\u00e1nchez<\/td>\n<td style=\"width: 14.2035%;\">Javier<\/td>\n<td style=\"width: 24.3762%;\">Salto de P\u00e9rtiga<\/td>\n<td style=\"width: 13.8196%;\">Sub-16<\/td>\n<td style=\"width: 24.0967%;\">2.60 mts<\/td>\n<\/tr>\n<tr>\n<td style=\"width: 16.3148%;\">M\u00edguez<\/td>\n<td style=\"width: 13.4357%;\">Seara<\/td>\n<td style=\"width: 14.2035%;\">Mart\u00edn<\/td>\n<td style=\"width: 24.3762%;\">800 mats<\/td>\n<td style=\"width: 13.8196%;\">Sub-20<\/td>\n<td style=\"width: 24.0967%;\">02:02.07<\/td>\n<\/tr>\n<tr>\n<td style=\"width: 16.3148%;\">Rodr\u00edguez<\/td>\n<td style=\"width: 13.4357%;\">L\u00f3pez<\/td>\n<td style=\"width: 14.2035%;\">Alejandro<\/td>\n<td style=\"width: 24.3762%;\">L. Peso 7,260 kg<\/td>\n<td style=\"width: 13.8196%;\">Senior<\/td>\n<td style=\"width: 24.0967%;\">11.63 mts<\/td>\n<\/tr>\n<tr>\n<td style=\"width: 16.3148%;\">Romero<\/td>\n<td style=\"width: 13.4357%;\">\u00c1lvarez<\/td>\n<td style=\"width: 14.2035%;\">Juli\u00e1n<\/td>\n<td style=\"width: 24.3762%;\">3.000 mts<\/td>\n<td style=\"width: 13.8196%;\">M\u00e1ster 35<\/td>\n<td style=\"width: 24.0967%;\">09:29.87<\/td>\n<\/tr>\n<\/tbody>\n<\/table>\n<p style=\"text-align: center;\"><a class=\"fasc-button fasc-size-medium fasc-type-glossy fasc-rounded-medium ico-fa fasc-ico-before fa-trophy\" style=\"background-color: #e66903; color: #ffffff;\" target=\"_blank\" rel=\"noopener noreferrer\" href=\"https:\/\/atletismo.gal\/wp-content\/uploads\/2019\/09\/ro110120.pdf\">Resultados<\/a><\/p>\n<p>O outro campeonato ser\u00eda o domingo pola ma\u00f1\u00e1 onde entrar\u00e1n en acci\u00f3n os m\u00e1ster. O noso club part\u00eda con claras opci\u00f3ns en principio para posicionarnos&nbsp; nos postos de podio, no obstante segundo transcurr\u00eda a xornada a realidade situar\u00edanos na cuarta posici\u00f3n a tan s\u00f3 tres puntos do terceiro clasificado.<\/p>\n<p>Actuacions:<\/p>\n<table style=\"width: 64.6287%; height: 439px;\" width=\"474\">\n<tbody>\n<tr>\n<td width=\"77\">Blas<\/td>\n<td width=\"78\">Pe\u00f1a&nbsp;<\/td>\n<td width=\"78\">David<\/td>\n<td width=\"161\">Salto de Altura<\/td>\n<td width=\"80\">1.39 mts<\/td>\n<\/tr>\n<tr>\n<td>Fern\u00e1ndez<\/td>\n<td>P\u00e9rez<\/td>\n<td>Julio<\/td>\n<td>Lanzamiento Peso 4 kg<\/td>\n<td>7.74 mts<\/td>\n<\/tr>\n<tr>\n<td>Garcia<\/td>\n<td>Fern\u00e1ndez<\/td>\n<td>Eduardo<\/td>\n<td>800 mts<\/td>\n<td>02:16.02<\/td>\n<\/tr>\n<tr>\n<td>Gonz\u00e1lez<\/td>\n<td>Novoa<\/td>\n<td>Saturnino<\/td>\n<td>3.000 mts<\/td>\n<td>10:01.55<\/td>\n<\/tr>\n<tr>\n<td>Herreria<\/td>\n<td>Alonso<\/td>\n<td>Sergio<\/td>\n<td>Triple Salto<\/td>\n<td>11.80 mts<\/td>\n<\/tr>\n<tr>\n<td>Lorenzo<\/td>\n<td>Conde<\/td>\n<td>Jose Pablo<\/td>\n<td>200 mts<\/td>\n<td>00:25.18<\/td>\n<\/tr>\n<tr>\n<td>Lorenzo<\/td>\n<td>Conde<\/td>\n<td>Jose Pablo<\/td>\n<td>Salto de P\u00e9rtiga<\/td>\n<td>2.51 mts<\/td>\n<\/tr>\n<tr>\n<td>P\u00e9rez<\/td>\n<td>Guerra<\/td>\n<td>Victor<\/td>\n<td>60 mts<\/td>\n<td>00:07.65<\/td>\n<\/tr>\n<tr>\n<td>Romero<\/td>\n<td>\u00c1lvarez<\/td>\n<td>Juli\u00e1n<\/td>\n<td>1.500 mts<\/td>\n<td>04:28.33<\/td>\n<\/tr>\n<tr>\n<td>Seoane<\/td>\n<td>V\u00e1zquez<\/td>\n<td>Oscar Jos\u00e9<\/td>\n<td>400 mts<\/td>\n<td>00:58.34<\/td>\n<\/tr>\n<tr>\n<td>Viteri<\/td>\n<td>Fern\u00e1ndez<\/td>\n<td>Javier<\/td>\n<td>60mv (0,91)<\/td>\n<td>00:15.67<\/td>\n<\/tr>\n<tr>\n<td>Viteri<\/td>\n<td>Fern\u00e1ndez<\/td>\n<td>Javier<\/td>\n<td>Salto de Longitud<\/td>\n<td>4.37 mts<\/td>\n<\/tr>\n<\/tbody>\n<\/table>\n<p>&nbsp;<\/p>\n<p style=\"text-align: center;\"><a class=\"fasc-button fasc-size-medium fasc-type-glossy fasc-rounded-medium ico-fa fasc-ico-before fa-trophy\" style=\"background-color: #e66903; color: #ffffff;\" target=\"_blank\" rel=\"noopener noreferrer\" href=\"https:\/\/atletismo.gal\/wp-content\/uploads\/2019\/09\/ro120120.pdf\">Resultados<\/a> &nbsp;&nbsp; <a class=\"fasc-button fasc-size-medium fasc-type-glossy fasc-rounded-medium fasc-ico-before dashicons-camera\" style=\"background-color: #33809e; color: #ffffff;\" target=\"_blank\" rel=\"noopener noreferrer\" href=\"https:\/\/photos.google.com\/share\/AF1QipOyUVb4JZZd-uEEFxnruzIDbA4rI1dT2ecTdDwVs1z6OskC-tGFTYblV6muY0SXvg?key=cUVCLXZZYkpDTzJPbG9QaFhtTTQ2aDdicERUREZB\">Alb\u00fan Fotos Alberto D\u00edaz <\/a><\/p>\n","protected":false},"excerpt":{"rendered":"<p>Esta pasada fin de semana a pista cuberta de Ourense acolleu d\u00faas importantes citas; a Copa de Clubs tanto na categor\u00eda absoluta como a categor\u00eda m\u00e1ster . O s\u00e1bado d\u00eda 11 noso clube tivo a oportunidade de participar entre os oito equipos m\u00e1is potentes do&#8230;<\/p>\n","protected":false},"author":1,"featured_media":13592,"comment_status":"closed","ping_status":"closed","sticky":false,"template":"","format":"standard","meta":{"footnotes":""},"categories":[7],"tags":[],"class_list":["post-13590","post","type-post","status-publish","format-standard","has-post-thumbnail","hentry","category-noticias"],"aioseo_notices":[],"_links":{"self":[{"href":"http:\/\/clubourenseatletismo.es\/blog\/wp-json\/wp\/v2\/posts\/13590","targetHints":{"allow":["GET"]}}],"collection":[{"href":"http:\/\/clubourenseatletismo.es\/blog\/wp-json\/wp\/v2\/posts"}],"about":[{"href":"http:\/\/clubourenseatletismo.es\/blog\/wp-json\/wp\/v2\/types\/post"}],"author":[{"embeddable":true,"href":"http:\/\/clubourenseatletismo.es\/blog\/wp-json\/wp\/v2\/users\/1"}],"replies":[{"embeddable":true,"href":"http:\/\/clubourenseatletismo.es\/blog\/wp-json\/wp\/v2\/comments?post=13590"}],"version-history":[{"count":6,"href":"http:\/\/clubourenseatletismo.es\/blog\/wp-json\/wp\/v2\/posts\/13590\/revisions"}],"predecessor-version":[{"id":13604,"href":"http:\/\/clubourenseatletismo.es\/blog\/wp-json\/wp\/v2\/posts\/13590\/revisions\/13604"}],"wp:featuredmedia":[{"embeddable":true,"href":"http:\/\/clubourenseatletismo.es\/blog\/wp-json\/wp\/v2\/media\/13592"}],"wp:attachment":[{"href":"http:\/\/clubourenseatletismo.es\/blog\/wp-json\/wp\/v2\/media?parent=13590"}],"wp:term":[{"taxonomy":"category","embeddable":true,"href":"http:\/\/clubourenseatletismo.es\/blog\/wp-json\/wp\/v2\/categories?post=13590"},{"taxonomy":"post_tag","embeddable":true,"href":"http:\/\/clubourenseatletismo.es\/blog\/wp-json\/wp\/v2\/tags?post=13590"}],"curies":[{"name":"wp","href":"https:\/\/api.w.org\/{rel}","templated":true}]}}