{"id":13541,"date":"2020-01-06T18:20:32","date_gmt":"2020-01-06T17:20:32","guid":{"rendered":"https:\/\/clubourenseatletismo.es\/blog\/?p=13541"},"modified":"2020-01-06T18:20:32","modified_gmt":"2020-01-06T17:20:32","slug":"la-pista-de-expourense-la-gran-protagonista","status":"publish","type":"post","link":"http:\/\/clubourenseatletismo.es\/blog\/2020\/01\/06\/la-pista-de-expourense-la-gran-protagonista\/","title":{"rendered":"La Pista de Expourense la gran protagonista."},"content":{"rendered":"<p><img loading=\"lazy\" decoding=\"async\" class=\"wp-image-13543 aligncenter\" src=\"https:\/\/clubourenseatletismo.es\/blog\/wp-content\/uploads\/2020\/01\/IMG_20200104_190955-1024x768.jpg\" alt=\"\" width=\"650\" height=\"487\" srcset=\"http:\/\/clubourenseatletismo.es\/blog\/wp-content\/uploads\/2020\/01\/IMG_20200104_190955-1024x768.jpg 1024w, http:\/\/clubourenseatletismo.es\/blog\/wp-content\/uploads\/2020\/01\/IMG_20200104_190955-300x225.jpg 300w, http:\/\/clubourenseatletismo.es\/blog\/wp-content\/uploads\/2020\/01\/IMG_20200104_190955-768x576.jpg 768w, http:\/\/clubourenseatletismo.es\/blog\/wp-content\/uploads\/2020\/01\/IMG_20200104_190955-1536x1152.jpg 1536w, http:\/\/clubourenseatletismo.es\/blog\/wp-content\/uploads\/2020\/01\/IMG_20200104_190955-2048x1536.jpg 2048w, http:\/\/clubourenseatletismo.es\/blog\/wp-content\/uploads\/2020\/01\/IMG_20200104_190955-800x600.jpg 800w, http:\/\/clubourenseatletismo.es\/blog\/wp-content\/uploads\/2020\/01\/IMG_20200104_190955-700x525.jpg 700w\" sizes=\"auto, (max-width: 650px) 100vw, 650px\" \/><\/p>\n<p>La pista de Expourense contin\u00faa con su actividad,&nbsp; en esta ocasi\u00f3n acoger\u00eda a numerosos atletas de categorias sub-10 hasta sub-16, tanto en categor\u00eda masculina como femenina en una jornada de ma\u00f1ana.&nbsp; El Trofeo + Deporte La Regi\u00f3n, acoger\u00eda a nuestros atletas m\u00e1s jovenes que quisieron empezar el a\u00f1o nuevo siendo los grandes protagonistas de esta prueba.<\/p>\n<p>Estar\u00edan acompa\u00f1ados por sus majestades los Reyes Magos de Oriente, que quisieron contribuir endulzando el enorme esfuerzo realizado, repartiendo caramelos.<\/p>\n<p>Por marcas batidas destacar\u00edan las actuaciones de:<\/p>\n<table style=\"width: 58.4113%;\" width=\"404\">\n<tbody>\n<tr>\n<td style=\"width: 15.0617%;\" width=\"58\">Nieto<\/td>\n<td style=\"width: 12.0988%;\" width=\"44\">Duran<\/td>\n<td style=\"width: 11.1111%;\" width=\"43\">Carla<\/td>\n<td style=\"width: 25.4745%;\" width=\"91\">500 mts<\/td>\n<td style=\"width: 14.1516%;\" width=\"53\">Sub-10<\/td>\n<td style=\"width: 5.8836%;\" width=\"35\">2\u00aa<\/td>\n<td style=\"width: 39.2827%;\" width=\"80\">01:48.41<\/td>\n<\/tr>\n<tr>\n<td style=\"width: 15.0617%;\" width=\"58\">Cudeiro<\/td>\n<td style=\"width: 12.0988%;\">Felix<\/td>\n<td style=\"width: 11.1111%;\">Pablo<\/td>\n<td style=\"width: 25.4745%;\">60 m.v. (0.91)<\/td>\n<td style=\"width: 14.1516%;\">Sub-16<\/td>\n<td style=\"width: 5.8836%;\">1\u00ba<\/td>\n<td style=\"width: 39.2827%;\">00:09.56<\/td>\n<\/tr>\n<tr>\n<td style=\"width: 15.0617%;\" width=\"58\">Cudeiro<\/td>\n<td style=\"width: 12.0988%;\">Felix<\/td>\n<td style=\"width: 11.1111%;\">Pablo<\/td>\n<td style=\"width: 25.4745%;\">60 mts<\/td>\n<td style=\"width: 14.1516%;\">Sub-16<\/td>\n<td style=\"width: 5.8836%;\">2\u00ba<\/td>\n<td style=\"width: 39.2827%;\">00.07.76<\/td>\n<\/tr>\n<\/tbody>\n<\/table>\n<p>&nbsp;<\/p>\n<p style=\"text-align: center;\"><a class=\"fasc-button fasc-size-medium fasc-type-glossy fasc-rounded-medium ico-fa fasc-ico-before fa-trophy\" style=\"background-color: #e66903; color: #ffffff;\" target=\"_blank\" rel=\"noopener noreferrer\" href=\"https:\/\/atletismo.gal\/wp-content\/uploads\/2019\/11\/ro040120m.pdf\">Resultados<\/a><\/p>\n<p>Ya en jornada de tarde y para las categor\u00edas de sub16 en adelante se disputar\u00eda el Control Pista Cuberta S.G. Pontevedra \u2013 C.A. Sada. En esta ocasi\u00f3n los mayores ser\u00edan los grandes protagonistas, si bien las marcas conseguidas m\u00e1s destacadas vendr\u00edan de la mano de dos atletas, la pertiguista Manuela Blanco consegu\u00eda saltar una altura de 2.65 mts y Pablo Nogueira atleta sub20 en la prueba de los 200 mts protagonizaba un registro de 23.71. Ambas marcas son nuevos records del club en sus respectivas categorias.<\/p>\n<p style=\"text-align: center;\"><a class=\"fasc-button fasc-size-medium fasc-type-glossy fasc-rounded-medium ico-fa fasc-ico-before fa-trophy\" style=\"background-color: #e66903; color: #ffffff;\" target=\"_blank\" rel=\"noopener noreferrer\" href=\"https:\/\/atletismo.gal\/wp-content\/uploads\/2019\/12\/ro040120tarde.pdf\">Resultados<\/a><\/p>\n","protected":false},"excerpt":{"rendered":"<p>La pista de Expourense contin\u00faa con su actividad,&nbsp; en esta ocasi\u00f3n acoger\u00eda a numerosos atletas de categorias sub-10 hasta sub-16, tanto en categor\u00eda masculina como femenina en una jornada de ma\u00f1ana.&nbsp; El Trofeo + Deporte La Regi\u00f3n, acoger\u00eda a nuestros atletas m\u00e1s jovenes que quisieron&#8230;<\/p>\n","protected":false},"author":1,"featured_media":13543,"comment_status":"closed","ping_status":"closed","sticky":false,"template":"","format":"standard","meta":{"footnotes":""},"categories":[9],"tags":[],"class_list":["post-13541","post","type-post","status-publish","format-standard","has-post-thumbnail","hentry","category-resultados"],"aioseo_notices":[],"_links":{"self":[{"href":"http:\/\/clubourenseatletismo.es\/blog\/wp-json\/wp\/v2\/posts\/13541","targetHints":{"allow":["GET"]}}],"collection":[{"href":"http:\/\/clubourenseatletismo.es\/blog\/wp-json\/wp\/v2\/posts"}],"about":[{"href":"http:\/\/clubourenseatletismo.es\/blog\/wp-json\/wp\/v2\/types\/post"}],"author":[{"embeddable":true,"href":"http:\/\/clubourenseatletismo.es\/blog\/wp-json\/wp\/v2\/users\/1"}],"replies":[{"embeddable":true,"href":"http:\/\/clubourenseatletismo.es\/blog\/wp-json\/wp\/v2\/comments?post=13541"}],"version-history":[{"count":3,"href":"http:\/\/clubourenseatletismo.es\/blog\/wp-json\/wp\/v2\/posts\/13541\/revisions"}],"predecessor-version":[{"id":13546,"href":"http:\/\/clubourenseatletismo.es\/blog\/wp-json\/wp\/v2\/posts\/13541\/revisions\/13546"}],"wp:featuredmedia":[{"embeddable":true,"href":"http:\/\/clubourenseatletismo.es\/blog\/wp-json\/wp\/v2\/media\/13543"}],"wp:attachment":[{"href":"http:\/\/clubourenseatletismo.es\/blog\/wp-json\/wp\/v2\/media?parent=13541"}],"wp:term":[{"taxonomy":"category","embeddable":true,"href":"http:\/\/clubourenseatletismo.es\/blog\/wp-json\/wp\/v2\/categories?post=13541"},{"taxonomy":"post_tag","embeddable":true,"href":"http:\/\/clubourenseatletismo.es\/blog\/wp-json\/wp\/v2\/tags?post=13541"}],"curies":[{"name":"wp","href":"https:\/\/api.w.org\/{rel}","templated":true}]}}