{"id":13381,"date":"2019-12-17T11:45:59","date_gmt":"2019-12-17T10:45:59","guid":{"rendered":"https:\/\/clubourenseatletismo.es\/blog\/?p=13381"},"modified":"2019-12-20T10:44:10","modified_gmt":"2019-12-20T09:44:10","slug":"iv-torneo-solidario-de-nadal-celta-de-atletismo","status":"publish","type":"post","link":"http:\/\/clubourenseatletismo.es\/blog\/2019\/12\/17\/iv-torneo-solidario-de-nadal-celta-de-atletismo\/","title":{"rendered":"IV Torneo Solidario de Nadal Celta de Atletismo"},"content":{"rendered":"<p><img loading=\"lazy\" decoding=\"async\" class=\"alignleft wp-image-13382\" src=\"https:\/\/clubourenseatletismo.es\/blog\/wp-content\/uploads\/2019\/12\/TROFEO-SOLIDARIO-DE-NADAL-CELTA-ATLETISMO-2019-724x1024.jpg\" alt=\"\" width=\"133\" height=\"188\" srcset=\"http:\/\/clubourenseatletismo.es\/blog\/wp-content\/uploads\/2019\/12\/TROFEO-SOLIDARIO-DE-NADAL-CELTA-ATLETISMO-2019-724x1024.jpg 724w, http:\/\/clubourenseatletismo.es\/blog\/wp-content\/uploads\/2019\/12\/TROFEO-SOLIDARIO-DE-NADAL-CELTA-ATLETISMO-2019-212x300.jpg 212w, http:\/\/clubourenseatletismo.es\/blog\/wp-content\/uploads\/2019\/12\/TROFEO-SOLIDARIO-DE-NADAL-CELTA-ATLETISMO-2019-768x1087.jpg 768w, http:\/\/clubourenseatletismo.es\/blog\/wp-content\/uploads\/2019\/12\/TROFEO-SOLIDARIO-DE-NADAL-CELTA-ATLETISMO-2019-700x991.jpg 700w, http:\/\/clubourenseatletismo.es\/blog\/wp-content\/uploads\/2019\/12\/TROFEO-SOLIDARIO-DE-NADAL-CELTA-ATLETISMO-2019.jpg 877w\" sizes=\"auto, (max-width: 133px) 100vw, 133px\" \/>O Grupo Celta Atletismo, co patrocinio da Conceller\u00eda de Deportes do Concello de Vigo, Secretar\u00eda Xeral para o Deporte da Xunta de Galicia, Deputaci\u00f3n Provincial de Pontevedra, Abanca, Patrocinadores e a participaci\u00f3n da Federaci\u00f3n Galega de Atletismo e o Comit\u00e9 Galego de Xu\u00edces, organizar\u00e1 no mes de decembro o \u201cIV TROFEO SOLIDARIO DE NADAL CELTA ATLETISMO\u201d.<\/p>\n<p>Ter\u00e1 lugar o vindeiro s\u00e1bado 21 de decembro a partires das 10:00 horas na Pista Municipal de Atletismo de Balaidos (Vigo).<\/p>\n<p>Poder\u00e1n participar todos aqueles nenos e nenas de clubs e centros escolares de categor\u00eda SUB-8 ata a categor\u00eda SUB-16. O prazo de inscrici\u00f3n rematar\u00e1 o martes 17 de decembro \u00e1s 22:00 horas.<\/p>\n<p>As probas ser\u00e1n en horario de ma\u00f1\u00e1.<\/p>\n<p style=\"text-align: center;\"><a class=\"fasc-button fasc-size-medium fasc-type-glossy fasc-rounded-medium fasc-ico-before dashicons-format-aside\" style=\"background-color: #218562; color: #ffffff;\" target=\"_blank\" rel=\"noopener noreferrer\" href=\"https:\/\/atletismo.gal\/wp-content\/uploads\/2019\/10\/REGULAMENTO-IV-TROFEO-SOLIDARIO-DE-NADAL-CELTA-ATLETISMO.pdf\">Horario<\/a>&nbsp; <a class=\"fasc-button fasc-size-medium fasc-type-glossy fasc-rounded-medium fasc-ico-before dashicons-groups\" style=\"background-color: #324994; color: #ffffff;\" target=\"_blank\" href=\"https:\/\/atletismo.gal\/wp-content\/uploads\/2019\/10\/insv211219.pdf\" rel=\"noopener noreferrer\">Inscritos<\/a><\/p>\n","protected":false},"excerpt":{"rendered":"<p>O Grupo Celta Atletismo, co patrocinio da Conceller\u00eda de Deportes do Concello de Vigo, Secretar\u00eda Xeral para o Deporte da Xunta de Galicia, Deputaci\u00f3n Provincial de Pontevedra, Abanca, Patrocinadores e a participaci\u00f3n da Federaci\u00f3n Galega de Atletismo e o Comit\u00e9 Galego de Xu\u00edces, organizar\u00e1 no&#8230;<\/p>\n","protected":false},"author":1,"featured_media":0,"comment_status":"closed","ping_status":"closed","sticky":false,"template":"","format":"standard","meta":{"footnotes":""},"categories":[7],"tags":[],"class_list":["post-13381","post","type-post","status-publish","format-standard","hentry","category-noticias"],"aioseo_notices":[],"_links":{"self":[{"href":"http:\/\/clubourenseatletismo.es\/blog\/wp-json\/wp\/v2\/posts\/13381","targetHints":{"allow":["GET"]}}],"collection":[{"href":"http:\/\/clubourenseatletismo.es\/blog\/wp-json\/wp\/v2\/posts"}],"about":[{"href":"http:\/\/clubourenseatletismo.es\/blog\/wp-json\/wp\/v2\/types\/post"}],"author":[{"embeddable":true,"href":"http:\/\/clubourenseatletismo.es\/blog\/wp-json\/wp\/v2\/users\/1"}],"replies":[{"embeddable":true,"href":"http:\/\/clubourenseatletismo.es\/blog\/wp-json\/wp\/v2\/comments?post=13381"}],"version-history":[{"count":3,"href":"http:\/\/clubourenseatletismo.es\/blog\/wp-json\/wp\/v2\/posts\/13381\/revisions"}],"predecessor-version":[{"id":13447,"href":"http:\/\/clubourenseatletismo.es\/blog\/wp-json\/wp\/v2\/posts\/13381\/revisions\/13447"}],"wp:attachment":[{"href":"http:\/\/clubourenseatletismo.es\/blog\/wp-json\/wp\/v2\/media?parent=13381"}],"wp:term":[{"taxonomy":"category","embeddable":true,"href":"http:\/\/clubourenseatletismo.es\/blog\/wp-json\/wp\/v2\/categories?post=13381"},{"taxonomy":"post_tag","embeddable":true,"href":"http:\/\/clubourenseatletismo.es\/blog\/wp-json\/wp\/v2\/tags?post=13381"}],"curies":[{"name":"wp","href":"https:\/\/api.w.org\/{rel}","templated":true}]}}