{"id":13375,"date":"2019-12-10T19:37:13","date_gmt":"2019-12-10T18:37:13","guid":{"rendered":"https:\/\/clubourenseatletismo.es\/blog\/?p=13375"},"modified":"2019-12-11T10:26:05","modified_gmt":"2019-12-11T09:26:05","slug":"i-control-inverno-fga-pista-cuberta","status":"publish","type":"post","link":"http:\/\/clubourenseatletismo.es\/blog\/2019\/12\/10\/i-control-inverno-fga-pista-cuberta\/","title":{"rendered":"I CONTROL INVERNO FGA  PISTA CUBERTA"},"content":{"rendered":"<p><img loading=\"lazy\" decoding=\"async\" class=\"alignleft wp-image-8142\" src=\"https:\/\/clubourenseatletismo.es\/blog\/wp-content\/uploads\/2018\/03\/MARCA-GRAFICA-PRINCIPAL-PISTA-CUBERTA-1024x1024.jpg\" alt=\"\" width=\"155\" height=\"155\" srcset=\"http:\/\/clubourenseatletismo.es\/blog\/wp-content\/uploads\/2018\/03\/MARCA-GRAFICA-PRINCIPAL-PISTA-CUBERTA-1024x1024.jpg 1024w, http:\/\/clubourenseatletismo.es\/blog\/wp-content\/uploads\/2018\/03\/MARCA-GRAFICA-PRINCIPAL-PISTA-CUBERTA-150x150.jpg 150w, http:\/\/clubourenseatletismo.es\/blog\/wp-content\/uploads\/2018\/03\/MARCA-GRAFICA-PRINCIPAL-PISTA-CUBERTA-300x300.jpg 300w, http:\/\/clubourenseatletismo.es\/blog\/wp-content\/uploads\/2018\/03\/MARCA-GRAFICA-PRINCIPAL-PISTA-CUBERTA-768x768.jpg 768w, http:\/\/clubourenseatletismo.es\/blog\/wp-content\/uploads\/2018\/03\/MARCA-GRAFICA-PRINCIPAL-PISTA-CUBERTA.jpg 1772w\" sizes=\"auto, (max-width: 155px) 100vw, 155px\" \/>A Federaci\u00f3n Galega de Atletismo organiza o I Control en Pista Cuberta o d\u00eda 15 de decembro, na pista cuberta de Ourense en Expourense.<\/p>\n<p>As inscrici\u00f3ns faranse a trav\u00e9s do sistema online da web da RFEA&nbsp; ata as 20:00 horas do xoves 12 de decembro.<\/p>\n<p>Ser\u00e1n probas en horario de tarde e para as categor\u00edas sub16 en diante.<\/p>\n<p>Lembrade que aqueles\/as atletas de segundo ano das categor\u00edas Sub 14 (2006) e Sub 16(2004), co obxectivo de que poidan conseguir as marcas m\u00ednimas de participaci\u00f3n nos diferentes campionatos do 2020, perm\u00edteselles participar no mes de decembro nas probas coa categor\u00eda inmediatamente superior.<\/p>\n<p style=\"text-align: center;\"><a class=\"fasc-button fasc-size-medium fasc-type-glossy fasc-rounded-medium fasc-ico-before dashicons-format-aside\" style=\"background-color: #218562; color: #ffffff;\" target=\"_blank\" rel=\"noopener noreferrer\" href=\"https:\/\/atletismo.gal\/wp-content\/uploads\/2019\/12\/Circular-101-2019.3.pdf\">Circular<\/a>&nbsp; <a class=\"fasc-button fasc-size-medium fasc-type-glossy fasc-rounded-medium fasc-ico-before dashicons-groups\" style=\"background-color: #324994; color: #ffffff;\" target=\"_blank\" rel=\"noopener noreferrer\">Inscritos<\/a><\/p>\n","protected":false},"excerpt":{"rendered":"<p>A Federaci\u00f3n Galega de Atletismo organiza o I Control en Pista Cuberta o d\u00eda 15 de decembro, na pista cuberta de Ourense en Expourense. As inscrici\u00f3ns faranse a trav\u00e9s do sistema online da web da RFEA&nbsp; ata as 20:00 horas do xoves 12 de decembro&#8230;.<\/p>\n","protected":false},"author":1,"featured_media":8142,"comment_status":"closed","ping_status":"closed","sticky":false,"template":"","format":"standard","meta":{"footnotes":""},"categories":[7],"tags":[],"class_list":["post-13375","post","type-post","status-publish","format-standard","has-post-thumbnail","hentry","category-noticias"],"aioseo_notices":[],"_links":{"self":[{"href":"http:\/\/clubourenseatletismo.es\/blog\/wp-json\/wp\/v2\/posts\/13375","targetHints":{"allow":["GET"]}}],"collection":[{"href":"http:\/\/clubourenseatletismo.es\/blog\/wp-json\/wp\/v2\/posts"}],"about":[{"href":"http:\/\/clubourenseatletismo.es\/blog\/wp-json\/wp\/v2\/types\/post"}],"author":[{"embeddable":true,"href":"http:\/\/clubourenseatletismo.es\/blog\/wp-json\/wp\/v2\/users\/1"}],"replies":[{"embeddable":true,"href":"http:\/\/clubourenseatletismo.es\/blog\/wp-json\/wp\/v2\/comments?post=13375"}],"version-history":[{"count":3,"href":"http:\/\/clubourenseatletismo.es\/blog\/wp-json\/wp\/v2\/posts\/13375\/revisions"}],"predecessor-version":[{"id":13378,"href":"http:\/\/clubourenseatletismo.es\/blog\/wp-json\/wp\/v2\/posts\/13375\/revisions\/13378"}],"wp:featuredmedia":[{"embeddable":true,"href":"http:\/\/clubourenseatletismo.es\/blog\/wp-json\/wp\/v2\/media\/8142"}],"wp:attachment":[{"href":"http:\/\/clubourenseatletismo.es\/blog\/wp-json\/wp\/v2\/media?parent=13375"}],"wp:term":[{"taxonomy":"category","embeddable":true,"href":"http:\/\/clubourenseatletismo.es\/blog\/wp-json\/wp\/v2\/categories?post=13375"},{"taxonomy":"post_tag","embeddable":true,"href":"http:\/\/clubourenseatletismo.es\/blog\/wp-json\/wp\/v2\/tags?post=13375"}],"curies":[{"name":"wp","href":"https:\/\/api.w.org\/{rel}","templated":true}]}}