{"id":13336,"date":"2019-12-09T15:23:04","date_gmt":"2019-12-09T14:23:04","guid":{"rendered":"https:\/\/clubourenseatletismo.es\/blog\/?p=13336"},"modified":"2019-12-13T10:16:51","modified_gmt":"2019-12-13T09:16:51","slug":"v-circuito-de-pista-concello-de-vigo-5a-xornada-series-municipais","status":"publish","type":"post","link":"http:\/\/clubourenseatletismo.es\/blog\/2019\/12\/09\/v-circuito-de-pista-concello-de-vigo-5a-xornada-series-municipais\/","title":{"rendered":"V Circu\u00edto de Pista Concello de Vigo \u2013 5\u00aa Xornada Series Municipais"},"content":{"rendered":"<p><img loading=\"lazy\" decoding=\"async\" class=\"alignleft wp-image-13337\" src=\"https:\/\/clubourenseatletismo.es\/blog\/wp-content\/uploads\/2019\/12\/serie-munipales.jpg\" alt=\"\" width=\"146\" height=\"206\" srcset=\"http:\/\/clubourenseatletismo.es\/blog\/wp-content\/uploads\/2019\/12\/serie-munipales.jpg 388w, http:\/\/clubourenseatletismo.es\/blog\/wp-content\/uploads\/2019\/12\/serie-munipales-212x300.jpg 212w\" sizes=\"auto, (max-width: 146px) 100vw, 146px\" \/>A Agrupaci\u00f3n Viguesa de Atletismo, co patrocinio da Concelleria de Deportes do Concello de Vigo, organiza a \u00abV XORNADA do IV CIRCUITO CONCELLO DEVIGO DE ATLETISMO EN PISTA &#8211; SERIES MUNICIPAIS\u201d, a celebrar nas pistas de Balaidos, o 14 deDecembro, baixo o control t\u00e9cnico do Comit\u00e9 Galego de Xuices da Federaci\u00f3n Galegade Atletismo.<\/p>\n<p>As inscripcions realizaranse a trav\u00e9s do sistema on-line na web da RFEA ata as 20:00 horas do xoves 12 de Decembro.<\/p>\n<p>As probas ser\u00e1n en horario de ma\u00f1a e para categor\u00edas sub16 en diante.<\/p>\n<p style=\"text-align: center;\"><a class=\"fasc-button fasc-size-medium fasc-type-glossy fasc-rounded-medium fasc-ico-before dashicons-format-aside\" style=\"background-color: #218562; color: #ffffff;\" target=\"_blank\" rel=\"noopener noreferrer\" href=\"https:\/\/atletismo.gal\/wp-content\/uploads\/2019\/03\/hv141219.pdf\">Horario<\/a>&nbsp; <a class=\"fasc-button fasc-size-medium fasc-type-glossy fasc-rounded-medium fasc-ico-before dashicons-groups\" style=\"background-color: #324994; color: #ffffff;\" target=\"_blank\" href=\"https:\/\/atletismo.gal\/wp-content\/uploads\/2019\/03\/insv141219.pdf\" rel=\"noopener noreferrer\">Inscritos<\/a><\/p>\n","protected":false},"excerpt":{"rendered":"<p>A Agrupaci\u00f3n Viguesa de Atletismo, co patrocinio da Concelleria de Deportes do Concello de Vigo, organiza a \u00abV XORNADA do IV CIRCUITO CONCELLO DEVIGO DE ATLETISMO EN PISTA &#8211; SERIES MUNICIPAIS\u201d, a celebrar nas pistas de Balaidos, o 14 deDecembro, baixo o control t\u00e9cnico do&#8230;<\/p>\n","protected":false},"author":1,"featured_media":13337,"comment_status":"closed","ping_status":"closed","sticky":false,"template":"","format":"standard","meta":{"footnotes":""},"categories":[7],"tags":[],"class_list":["post-13336","post","type-post","status-publish","format-standard","has-post-thumbnail","hentry","category-noticias"],"aioseo_notices":[],"_links":{"self":[{"href":"http:\/\/clubourenseatletismo.es\/blog\/wp-json\/wp\/v2\/posts\/13336","targetHints":{"allow":["GET"]}}],"collection":[{"href":"http:\/\/clubourenseatletismo.es\/blog\/wp-json\/wp\/v2\/posts"}],"about":[{"href":"http:\/\/clubourenseatletismo.es\/blog\/wp-json\/wp\/v2\/types\/post"}],"author":[{"embeddable":true,"href":"http:\/\/clubourenseatletismo.es\/blog\/wp-json\/wp\/v2\/users\/1"}],"replies":[{"embeddable":true,"href":"http:\/\/clubourenseatletismo.es\/blog\/wp-json\/wp\/v2\/comments?post=13336"}],"version-history":[{"count":4,"href":"http:\/\/clubourenseatletismo.es\/blog\/wp-json\/wp\/v2\/posts\/13336\/revisions"}],"predecessor-version":[{"id":13379,"href":"http:\/\/clubourenseatletismo.es\/blog\/wp-json\/wp\/v2\/posts\/13336\/revisions\/13379"}],"wp:featuredmedia":[{"embeddable":true,"href":"http:\/\/clubourenseatletismo.es\/blog\/wp-json\/wp\/v2\/media\/13337"}],"wp:attachment":[{"href":"http:\/\/clubourenseatletismo.es\/blog\/wp-json\/wp\/v2\/media?parent=13336"}],"wp:term":[{"taxonomy":"category","embeddable":true,"href":"http:\/\/clubourenseatletismo.es\/blog\/wp-json\/wp\/v2\/categories?post=13336"},{"taxonomy":"post_tag","embeddable":true,"href":"http:\/\/clubourenseatletismo.es\/blog\/wp-json\/wp\/v2\/tags?post=13336"}],"curies":[{"name":"wp","href":"https:\/\/api.w.org\/{rel}","templated":true}]}}