{"id":13167,"date":"2019-12-05T09:52:06","date_gmt":"2019-12-05T08:52:06","guid":{"rendered":"https:\/\/clubourenseatletismo.es\/blog\/?p=13167"},"modified":"2019-12-05T09:52:06","modified_gmt":"2019-12-05T08:52:06","slug":"41o-memorial-belarmino-alonso-de-campo-a-traves","status":"publish","type":"post","link":"http:\/\/clubourenseatletismo.es\/blog\/2019\/12\/05\/41o-memorial-belarmino-alonso-de-campo-a-traves\/","title":{"rendered":"41\u00ba Memorial Belarmino Alonso de Campo a Trav\u00e9s"},"content":{"rendered":"<p style=\"text-align: left;\"><img loading=\"lazy\" decoding=\"async\" class=\"size-full wp-image-13168 aligncenter\" src=\"https:\/\/clubourenseatletismo.es\/blog\/wp-content\/uploads\/2019\/11\/foto-5.jpg\" alt=\"\" width=\"605\" height=\"476\" srcset=\"http:\/\/clubourenseatletismo.es\/blog\/wp-content\/uploads\/2019\/11\/foto-5.jpg 605w, http:\/\/clubourenseatletismo.es\/blog\/wp-content\/uploads\/2019\/11\/foto-5-300x236.jpg 300w\" sizes=\"auto, (max-width: 605px) 100vw, 605px\" \/><\/p>\n<p style=\"text-align: left;\">La cita con el barro tuvo este fin de semana dos encuentros el primero ser\u00eda la prueba que el Comesa\u00f1a Sporting Club organiz\u00f3 por tercer a\u00f1o consecutivo en el circuito de \u00abMolinos\u00bb, la 41\u00aa edici\u00f3n del <strong>Memorial Belarmino Alonso<\/strong>. Esta prueba que est\u00e1&nbsp; fuera del calendario federativo se celebr\u00f3 el domingo 24 de noviembre a partir de las 10:15 horas y contar\u00eda con un total de doce pruebas desde benjamines a s\u00e9nior. Nuestros colores estar\u00edan presentes en dicha celebraci\u00f3n con las actuaciones de los atletas sub18&nbsp; Branca Fern\u00e1ndez quien lograba el 2\u00b0 puesto y su compa\u00f1ero Fabio Justo que se situaba en la 9\u00b0posici\u00f3n.<\/p>\n<p style=\"text-align: center;\"><a class=\"fasc-button fasc-size-medium fasc-type-flat\" style=\"background-color: #33809e; color: #ffffff;\" href=\"https:\/\/comesana.org\/wp\/wp-content\/uploads\/2019\/10\/res.pdf\">Resultados<\/a><\/p>\n<p>Otra de la citas de la jornada, ser\u00eda la cuarta edici\u00f3n del <strong>Cross Ponte Romana<\/strong> celebrada en los alrededores del Palacio de Ferias y Exposiciones de Lugo. Se trata de una de las citas que est\u00e1 llamada a convertirse en la m\u00e1s relevante del noroeste espa\u00f1ol. Forma parte de ADOC, el mejor circuito de cross del mundo y est\u00e1 incluida en el calendario de la RFEA. La prueba, ya consolidada dentro del calendario del cross en el oto\u00f1o gallego, reuni\u00f3 a m\u00e1s de 1.000 participantes entre los que destacaron las actuaciones de \u00c1lvaro D\u00edaz sub16, Ant\u00eda Castro sub18 y Ant\u00eda Abad sub23, atletas que lograr\u00edan subirse al tercer caj\u00f3n del podium en sus respectivas categor\u00edas.<\/p>\n<table style=\"width: 67.8133%;\" width=\"613\">\n<tbody>\n<tr>\n<td style=\"width: 14.73%;\" width=\"87\">Quintas<\/td>\n<td style=\"width: 19.6399%;\" width=\"126\">Rivera<\/td>\n<td style=\"width: 13.4206%;\" width=\"80\">Sergio<\/td>\n<td style=\"width: 16.0452%;\" width=\"80\">2.000 mts<\/td>\n<td style=\"width: 11.1201%;\" width=\"80\">Sub 14<\/td>\n<td style=\"width: 5.39803%;\" width=\"80\">8\u00ba<\/td>\n<td style=\"width: 16.7001%;\" width=\"80\">0:07:56<\/td>\n<\/tr>\n<tr>\n<td style=\"width: 14.73%;\">Carbajales<\/td>\n<td style=\"width: 19.6399%;\">Castro<\/td>\n<td style=\"width: 13.4206%;\">Miguel<\/td>\n<td style=\"width: 16.0452%;\">2.000 mts<\/td>\n<td style=\"width: 11.1201%;\">Sub 14<\/td>\n<td style=\"width: 5.39803%;\">12\u00ba<\/td>\n<td style=\"width: 16.7001%;\">0:08:11<\/td>\n<\/tr>\n<tr>\n<td style=\"width: 14.73%;\">D\u00edaz<\/td>\n<td style=\"width: 19.6399%;\">Barreiro<\/td>\n<td style=\"width: 13.4206%;\">\u00c1lvaro<\/td>\n<td style=\"width: 16.0452%;\">3.000 mts<\/td>\n<td style=\"width: 11.1201%;\">Sub 16<\/td>\n<td style=\"width: 5.39803%;\">3\u00ba<\/td>\n<td style=\"width: 16.7001%;\">0:10:41<\/td>\n<\/tr>\n<tr>\n<td style=\"width: 14.73%;\">Rodr\u00edguez<\/td>\n<td style=\"width: 19.6399%;\">Fern\u00e1ndez<\/td>\n<td style=\"width: 13.4206%;\">Jos\u00e9 Benito<\/td>\n<td style=\"width: 16.0452%;\">3.000 mts<\/td>\n<td style=\"width: 11.1201%;\">Sub 16<\/td>\n<td style=\"width: 5.39803%;\">4\u00ba<\/td>\n<td style=\"width: 16.7001%;\">0:10:44<\/td>\n<\/tr>\n<tr>\n<td style=\"width: 14.73%;\">D\u00edaz<\/td>\n<td style=\"width: 19.6399%;\">Barreiro<\/td>\n<td style=\"width: 13.4206%;\">Mar<\/td>\n<td style=\"width: 16.0452%;\">1.500 mts<\/td>\n<td style=\"width: 11.1201%;\">Sub 16<\/td>\n<td style=\"width: 5.39803%;\">6\u00aa<\/td>\n<td style=\"width: 16.7001%;\">0:05:49<\/td>\n<\/tr>\n<tr>\n<td style=\"width: 14.73%;\">Seoane<\/td>\n<td style=\"width: 19.6399%;\">Rodr\u00edguez<\/td>\n<td style=\"width: 13.4206%;\">Anxela<\/td>\n<td style=\"width: 16.0452%;\">1.500 mts<\/td>\n<td style=\"width: 11.1201%;\">Sub 16<\/td>\n<td style=\"width: 5.39803%;\">8\u00aa<\/td>\n<td style=\"width: 16.7001%;\">0:05:52<\/td>\n<\/tr>\n<tr>\n<td style=\"width: 14.73%;\">Mijangos<\/td>\n<td style=\"width: 19.6399%;\">Garc\u00eda-Mendoza<\/td>\n<td style=\"width: 13.4206%;\">Clara<\/td>\n<td style=\"width: 16.0452%;\">1.500 mts<\/td>\n<td style=\"width: 11.1201%;\">Sub 16<\/td>\n<td style=\"width: 5.39803%;\">9\u00aa<\/td>\n<td style=\"width: 16.7001%;\">0:05:59<\/td>\n<\/tr>\n<tr>\n<td style=\"width: 14.73%;\">Outeiri\u00f1o<\/td>\n<td style=\"width: 19.6399%;\">Alonso<\/td>\n<td style=\"width: 13.4206%;\">Luc\u00eda<\/td>\n<td style=\"width: 16.0452%;\">1.500 mts<\/td>\n<td style=\"width: 11.1201%;\">Sub 16<\/td>\n<td style=\"width: 5.39803%;\">11\u00aa<\/td>\n<td style=\"width: 16.7001%;\">0:06:05<\/td>\n<\/tr>\n<tr>\n<td style=\"width: 14.73%;\">Dom\u00ednguez<\/td>\n<td style=\"width: 19.6399%;\">Fornos<\/td>\n<td style=\"width: 13.4206%;\">Yeray<\/td>\n<td style=\"width: 16.0452%;\">3.000 mts<\/td>\n<td style=\"width: 11.1201%;\">Sub 16<\/td>\n<td style=\"width: 5.39803%;\">13\u00ba<\/td>\n<td style=\"width: 16.7001%;\">0:12:04<\/td>\n<\/tr>\n<tr>\n<td style=\"width: 14.73%;\">Fern\u00e1ndez<\/td>\n<td style=\"width: 19.6399%;\">Gonz\u00e1lez<\/td>\n<td style=\"width: 13.4206%;\">H\u00e9ctor<\/td>\n<td style=\"width: 16.0452%;\">3.000 mts<\/td>\n<td style=\"width: 11.1201%;\">Sub 16<\/td>\n<td style=\"width: 5.39803%;\">14\u00ba<\/td>\n<td style=\"width: 16.7001%;\">0:12:06<\/td>\n<\/tr>\n<tr>\n<td style=\"width: 14.73%;\">Luis<\/td>\n<td style=\"width: 19.6399%;\">Gonz\u00e1lez<\/td>\n<td style=\"width: 13.4206%;\">Menc\u00eda<\/td>\n<td style=\"width: 16.0452%;\">1.500 mts<\/td>\n<td style=\"width: 11.1201%;\">Sub 16<\/td>\n<td style=\"width: 5.39803%;\">19\u00aa<\/td>\n<td style=\"width: 16.7001%;\">0:06:20<\/td>\n<\/tr>\n<tr>\n<td style=\"width: 14.73%;\">Pulido<\/td>\n<td style=\"width: 19.6399%;\">Lamas<\/td>\n<td style=\"width: 13.4206%;\">Noa<\/td>\n<td style=\"width: 16.0452%;\">1.500 mts<\/td>\n<td style=\"width: 11.1201%;\">Sub 16<\/td>\n<td style=\"width: 5.39803%;\">24\u00aa<\/td>\n<td style=\"width: 16.7001%;\">0:06:34<\/td>\n<\/tr>\n<tr>\n<td style=\"width: 14.73%;\">Castro<\/td>\n<td style=\"width: 19.6399%;\">P\u00e9rez&nbsp;<\/td>\n<td style=\"width: 13.4206%;\">Ant\u00eda<\/td>\n<td style=\"width: 16.0452%;\">3.000 mts<\/td>\n<td style=\"width: 11.1201%;\">Sub 18<\/td>\n<td style=\"width: 5.39803%;\">3\u00aa<\/td>\n<td style=\"width: 16.7001%;\">0:12:27<\/td>\n<\/tr>\n<tr>\n<td style=\"width: 14.73%;\">Rivera<\/td>\n<td style=\"width: 19.6399%;\">P\u00e9rez<\/td>\n<td style=\"width: 13.4206%;\">Mart\u00edn<\/td>\n<td style=\"width: 16.0452%;\">3.000 mts<\/td>\n<td style=\"width: 11.1201%;\">Sub 18<\/td>\n<td style=\"width: 5.39803%;\">5\u00ba<\/td>\n<td style=\"width: 16.7001%;\">0:10:31<\/td>\n<\/tr>\n<tr>\n<td style=\"width: 14.73%;\">M\u00edguez<\/td>\n<td style=\"width: 19.6399%;\">Seara<\/td>\n<td style=\"width: 13.4206%;\">Mart\u00edn<\/td>\n<td style=\"width: 16.0452%;\">3.000 mts<\/td>\n<td style=\"width: 11.1201%;\">Sub 18<\/td>\n<td style=\"width: 5.39803%;\">7\u00ba<\/td>\n<td style=\"width: 16.7001%;\">0:10:41<\/td>\n<\/tr>\n<tr>\n<td style=\"width: 14.73%;\">Dom\u00ednguez<\/td>\n<td style=\"width: 19.6399%;\">Fornos<\/td>\n<td style=\"width: 13.4206%;\">Alex<\/td>\n<td style=\"width: 16.0452%;\">4.000 mts<\/td>\n<td style=\"width: 11.1201%;\">Sub 20<\/td>\n<td style=\"width: 5.39803%;\">4\u00ba<\/td>\n<td style=\"width: 16.7001%;\">0:13:51<\/td>\n<\/tr>\n<tr>\n<td style=\"width: 14.73%;\">Cadaya<\/td>\n<td style=\"width: 19.6399%;\">Rodr\u00edguez<\/td>\n<td style=\"width: 13.4206%;\">Alejandro<\/td>\n<td style=\"width: 16.0452%;\">4.000 mts<\/td>\n<td style=\"width: 11.1201%;\">Sub 20<\/td>\n<td style=\"width: 5.39803%;\">5\u00ba<\/td>\n<td style=\"width: 16.7001%;\">0:14:05<\/td>\n<\/tr>\n<tr>\n<td style=\"width: 14.73%;\">Rodr\u00edguez<\/td>\n<td style=\"width: 19.6399%;\">Abad<\/td>\n<td style=\"width: 13.4206%;\">Ant\u00eda<\/td>\n<td style=\"width: 16.0452%;\">4.000 mts<\/td>\n<td style=\"width: 11.1201%;\">Sub 23<\/td>\n<td style=\"width: 5.39803%;\">3\u00aa<\/td>\n<td style=\"width: 16.7001%;\">0:16:02<\/td>\n<\/tr>\n<\/tbody>\n<\/table>\n<p>&nbsp;<\/p>\n<p style=\"text-align: center;\"><a class=\"fasc-button fasc-size-medium fasc-type-glossy fasc-rounded-medium ico-fa fasc-ico-before fa-trophy\" style=\"background-color: #e66903; color: #ffffff;\" target=\"_blank\" rel=\"noopener noreferrer\" href=\"https:\/\/atletismo.gal\/wp-content\/uploads\/2019\/08\/Resultados-IV-CROSS-PONTE-ROMANA.pdf\">Resultados<\/a> &nbsp;&nbsp; <a class=\"fasc-button fasc-size-medium fasc-type-glossy fasc-rounded-medium fasc-ico-before dashicons-camera\" style=\"background-color: #33809e; color: #ffffff;\" target=\"_blank\" rel=\"noopener noreferrer\" href=\"https:\/\/photos.google.com\/share\/AF1QipP7LqRraa4NQfw5DDBCc7cgAx9tGUMOrynci33v_W7ODb_dieWG98gF9MoV7BuwfA?key=NlhxR0pNazRsWlNIMU4zU0xRU0dBaWF5Z0RkRUNB\">Fotos Alberto D\u00edaz<\/a><\/p>\n<p>&nbsp;<\/p>\n","protected":false},"excerpt":{"rendered":"<p>La cita con el barro tuvo este fin de semana dos encuentros el primero ser\u00eda la prueba que el Comesa\u00f1a Sporting Club organiz\u00f3 por tercer a\u00f1o consecutivo en el circuito de \u00abMolinos\u00bb, la 41\u00aa edici\u00f3n del Memorial Belarmino Alonso. Esta prueba que est\u00e1&nbsp; fuera del&#8230;<\/p>\n","protected":false},"author":1,"featured_media":0,"comment_status":"closed","ping_status":"closed","sticky":false,"template":"","format":"standard","meta":{"footnotes":""},"categories":[9],"tags":[],"class_list":["post-13167","post","type-post","status-publish","format-standard","hentry","category-resultados"],"aioseo_notices":[],"_links":{"self":[{"href":"http:\/\/clubourenseatletismo.es\/blog\/wp-json\/wp\/v2\/posts\/13167","targetHints":{"allow":["GET"]}}],"collection":[{"href":"http:\/\/clubourenseatletismo.es\/blog\/wp-json\/wp\/v2\/posts"}],"about":[{"href":"http:\/\/clubourenseatletismo.es\/blog\/wp-json\/wp\/v2\/types\/post"}],"author":[{"embeddable":true,"href":"http:\/\/clubourenseatletismo.es\/blog\/wp-json\/wp\/v2\/users\/1"}],"replies":[{"embeddable":true,"href":"http:\/\/clubourenseatletismo.es\/blog\/wp-json\/wp\/v2\/comments?post=13167"}],"version-history":[{"count":4,"href":"http:\/\/clubourenseatletismo.es\/blog\/wp-json\/wp\/v2\/posts\/13167\/revisions"}],"predecessor-version":[{"id":13246,"href":"http:\/\/clubourenseatletismo.es\/blog\/wp-json\/wp\/v2\/posts\/13167\/revisions\/13246"}],"wp:attachment":[{"href":"http:\/\/clubourenseatletismo.es\/blog\/wp-json\/wp\/v2\/media?parent=13167"}],"wp:term":[{"taxonomy":"category","embeddable":true,"href":"http:\/\/clubourenseatletismo.es\/blog\/wp-json\/wp\/v2\/categories?post=13167"},{"taxonomy":"post_tag","embeddable":true,"href":"http:\/\/clubourenseatletismo.es\/blog\/wp-json\/wp\/v2\/tags?post=13167"}],"curies":[{"name":"wp","href":"https:\/\/api.w.org\/{rel}","templated":true}]}}