{"id":13024,"date":"2019-12-04T11:15:12","date_gmt":"2019-12-04T10:15:12","guid":{"rendered":"https:\/\/clubourenseatletismo.es\/blog\/?p=13024"},"modified":"2019-12-05T09:49:57","modified_gmt":"2019-12-05T08:49:57","slug":"xxiv-cross-guillelme-brown-resultados","status":"publish","type":"post","link":"http:\/\/clubourenseatletismo.es\/blog\/2019\/12\/04\/xxiv-cross-guillelme-brown-resultados\/","title":{"rendered":"XXIV Cross Guillelme Brown: Resultados"},"content":{"rendered":"\r\n<div class=\"summary\"><img loading=\"lazy\" decoding=\"async\" class=\"wp-image-13241 aligncenter\" src=\"https:\/\/clubourenseatletismo.es\/blog\/wp-content\/uploads\/2019\/12\/IMG-20191130-WA0004-1024x768.jpg\" alt=\"\" width=\"566\" height=\"424\" srcset=\"http:\/\/clubourenseatletismo.es\/blog\/wp-content\/uploads\/2019\/12\/IMG-20191130-WA0004-1024x768.jpg 1024w, http:\/\/clubourenseatletismo.es\/blog\/wp-content\/uploads\/2019\/12\/IMG-20191130-WA0004-300x225.jpg 300w, http:\/\/clubourenseatletismo.es\/blog\/wp-content\/uploads\/2019\/12\/IMG-20191130-WA0004-768x576.jpg 768w, http:\/\/clubourenseatletismo.es\/blog\/wp-content\/uploads\/2019\/12\/IMG-20191130-WA0004-1536x1152.jpg 1536w, http:\/\/clubourenseatletismo.es\/blog\/wp-content\/uploads\/2019\/12\/IMG-20191130-WA0004-800x600.jpg 800w, http:\/\/clubourenseatletismo.es\/blog\/wp-content\/uploads\/2019\/12\/IMG-20191130-WA0004-700x525.jpg 700w, http:\/\/clubourenseatletismo.es\/blog\/wp-content\/uploads\/2019\/12\/IMG-20191130-WA0004.jpg 2048w\" sizes=\"auto, (max-width: 566px) 100vw, 566px\" \/><\/div>\r\n<div>&nbsp;<\/div>\r\n<div class=\"summary\">Las bases del atletismo local ten\u00edan ayer una doble cita por la ma\u00f1ana el Cross del Guillelme Brown en su edici\u00f3n n\u00famero 24.<\/div>\r\n<div class=\"summary\">El campo a trav\u00e9s por la ma\u00f1ana citar\u00eda a m\u00e1s de 200 atletas.<\/div>\r\n<div>En la prueba absoluta femenina la victoria fue para Brook Hansel (14:33), reciente incorporaci\u00f3n a nuestras filas.<\/div>\r\n<div>Mientras que en las categor\u00edas menores las mejores actuaciones ser\u00edan:<\/div>\r\n<div>&nbsp;<\/div>\r\n<div style=\"text-align: center;\">\r\n<table width=\"469\">\r\n<tbody>\r\n<tr>\r\n<td width=\"80\">Varela<\/td>\r\n<td width=\"80\">Salgado<\/td>\r\n<td width=\"80\">Sheila<\/td>\r\n<td width=\"69\">Sub 10<\/td>\r\n<td width=\"80\">1\u00aa<\/td>\r\n<td width=\"80\">0:03:29<\/td>\r\n<\/tr>\r\n<tr>\r\n<td>Gonz\u00e1lez<\/td>\r\n<td>Gonz\u00e1lez<\/td>\r\n<td>Nicol\u00e1s<\/td>\r\n<td>Sub 10<\/td>\r\n<td>1\u00ba<\/td>\r\n<td>0:03:14<\/td>\r\n<\/tr>\r\n<tr>\r\n<td>Lorenzo<\/td>\r\n<td>Rodr\u00edguez<\/td>\r\n<td>Mateo<\/td>\r\n<td>Sub 10<\/td>\r\n<td>2\u00ba<\/td>\r\n<td>0:03:15<\/td>\r\n<\/tr>\r\n<tr>\r\n<td>Bernardez<\/td>\r\n<td>Jares<\/td>\r\n<td>Us\u00fae<\/td>\r\n<td>Sub 10<\/td>\r\n<td>3\u00aa<\/td>\r\n<td>0:03:32<\/td>\r\n<\/tr>\r\n<tr>\r\n<td>Garc\u00eda<\/td>\r\n<td>Fern\u00e1ndez<\/td>\r\n<td>David<\/td>\r\n<td>Sub 10<\/td>\r\n<td>4\u00ba<\/td>\r\n<td>0:03:21<\/td>\r\n<\/tr>\r\n<tr>\r\n<td>Trapote<\/td>\r\n<td>Rivas<\/td>\r\n<td>Fernando<\/td>\r\n<td>Sub 12<\/td>\r\n<td>1\u00ba<\/td>\r\n<td>0:06:13<\/td>\r\n<\/tr>\r\n<tr>\r\n<td>Solera<\/td>\r\n<td>Movilla<\/td>\r\n<td>Iria<\/td>\r\n<td>Sub 12<\/td>\r\n<td>2\u00aa<\/td>\r\n<td>0:03:16<\/td>\r\n<\/tr>\r\n<tr>\r\n<td>Gonz\u00e1lez<\/td>\r\n<td>Gonz\u00e1lez<\/td>\r\n<td>Alejandro<\/td>\r\n<td>Sub 12<\/td>\r\n<td>2\u00ba<\/td>\r\n<td>0:06:14<\/td>\r\n<\/tr>\r\n<tr>\r\n<td>Sabucedo<\/td>\r\n<td>Curr\u00e1s<\/td>\r\n<td>Aloia<\/td>\r\n<td>Sub 12<\/td>\r\n<td>5\u00aa<\/td>\r\n<td>0:03:26<\/td>\r\n<\/tr>\r\n<tr>\r\n<td>Quintas<\/td>\r\n<td>Rivera<\/td>\r\n<td>Sergio<\/td>\r\n<td>Sub 14<\/td>\r\n<td>1\u00ba<\/td>\r\n<td>0:08:05<\/td>\r\n<\/tr>\r\n<tr>\r\n<td>Carbajales<\/td>\r\n<td>Castro<\/td>\r\n<td>Miguel<\/td>\r\n<td>Sub 14<\/td>\r\n<td>2\u00ba<\/td>\r\n<td>0:08:06<\/td>\r\n<\/tr>\r\n<tr>\r\n<td>Fern\u00e1ndez<\/td>\r\n<td>\u00c1lvarez<\/td>\r\n<td>Anxo<\/td>\r\n<td>Sub 14<\/td>\r\n<td>4\u00ba<\/td>\r\n<td>0:09:01<\/td>\r\n<\/tr>\r\n<tr>\r\n<td>Aranda<\/td>\r\n<td>V\u00e1zquez<\/td>\r\n<td>Daniel<\/td>\r\n<td>Sub 14<\/td>\r\n<td>5\u00ba<\/td>\r\n<td>0:09:05<\/td>\r\n<\/tr>\r\n<tr>\r\n<td>P\u00e9rez<\/td>\r\n<td>Almeida<\/td>\r\n<td>Alba<\/td>\r\n<td>Sub 14<\/td>\r\n<td>6\u00aa<\/td>\r\n<td>0:06:59<\/td>\r\n<\/tr>\r\n<tr>\r\n<td>Gonz\u00e1lez<\/td>\r\n<td>Novoa<\/td>\r\n<td>Saturnino<\/td>\r\n<td>M\u00e1ster<\/td>\r\n<td>4\u00ba<\/td>\r\n<td>0:12:57<\/td>\r\n<\/tr>\r\n<tr>\r\n<td>Quiroga<\/td>\r\n<td>\u00c1lvarez<\/td>\r\n<td>Germ\u00e1n<\/td>\r\n<td>M\u00e1ster<\/td>\r\n<td>33\u00ba<\/td>\r\n<td>0:15:13<\/td>\r\n<\/tr>\r\n<tr>\r\n<td>Novoa<\/td>\r\n<td>Cid<\/td>\r\n<td>Jos\u00e9 Luis<\/td>\r\n<td>M\u00e1ster<\/td>\r\n<td>41\u00ba<\/td>\r\n<td>0:15:47<\/td>\r\n<\/tr>\r\n<\/tbody>\r\n<\/table>\r\n<\/div>\r\n<div>&nbsp;<\/div>\r\n<div>En esta competici\u00f3n se disputaba tambi\u00e9n la clasificaci\u00f3n por equipos, cabe decir que nuestro club copar\u00eda los primeros puestos en las categor\u00edas sub 14 masculino,sub12 femenino y masculino y sub10 femenino y masculino.<\/div>\r\n<div>&nbsp;<\/div>\r\n<div>&nbsp;<\/div>\r\n<div>&nbsp;<\/div>\r\n<div>&nbsp;<\/div>\r\n<div style=\"text-align: center;\"><a class=\"fasc-button fasc-size-medium fasc-type-glossy fasc-rounded-medium ico-fa fasc-ico-before fa-trophy\" style=\"background-color: #e66903; color: #ffffff;\" target=\"_blank\" rel=\"noopener noreferrer\" href=\"https:\/\/atletismo.gal\/wp-content\/uploads\/2019\/11\/Resultados-XXIV-CROSS-GUILLELME-BROWN.pdf\">Resultados<\/a>&nbsp; <a class=\"fasc-button fasc-size-medium fasc-type-glossy fasc-rounded-medium fasc-ico-before dashicons-camera\" style=\"background-color: #33809e; color: #ffffff;\" target=\"_blank\" rel=\"noopener noreferrer\" href=\"https:\/\/photos.app.goo.gl\/HRqifn5CGW1du8dA6\">Fotos <\/a><\/div>\r\n<div class=\"content-body inner-article-data\">\r\n<div id=\"body001-910215\" class=\"body deporte-local\">\r\n<p>&nbsp;<\/p>\r\n<\/div>\r\n<\/div>\r\n","protected":false},"excerpt":{"rendered":"<p>&nbsp; Las bases del atletismo local ten\u00edan ayer una doble cita por la ma\u00f1ana el Cross del Guillelme Brown en su edici\u00f3n n\u00famero 24. El campo a trav\u00e9s por la ma\u00f1ana citar\u00eda a m\u00e1s de 200 atletas. En la prueba absoluta femenina la victoria fue&#8230;<\/p>\n","protected":false},"author":1,"featured_media":13241,"comment_status":"closed","ping_status":"closed","sticky":false,"template":"","format":"standard","meta":{"footnotes":""},"categories":[9],"tags":[],"class_list":["post-13024","post","type-post","status-publish","format-standard","has-post-thumbnail","hentry","category-resultados"],"aioseo_notices":[],"_links":{"self":[{"href":"http:\/\/clubourenseatletismo.es\/blog\/wp-json\/wp\/v2\/posts\/13024","targetHints":{"allow":["GET"]}}],"collection":[{"href":"http:\/\/clubourenseatletismo.es\/blog\/wp-json\/wp\/v2\/posts"}],"about":[{"href":"http:\/\/clubourenseatletismo.es\/blog\/wp-json\/wp\/v2\/types\/post"}],"author":[{"embeddable":true,"href":"http:\/\/clubourenseatletismo.es\/blog\/wp-json\/wp\/v2\/users\/1"}],"replies":[{"embeddable":true,"href":"http:\/\/clubourenseatletismo.es\/blog\/wp-json\/wp\/v2\/comments?post=13024"}],"version-history":[{"count":6,"href":"http:\/\/clubourenseatletismo.es\/blog\/wp-json\/wp\/v2\/posts\/13024\/revisions"}],"predecessor-version":[{"id":13245,"href":"http:\/\/clubourenseatletismo.es\/blog\/wp-json\/wp\/v2\/posts\/13024\/revisions\/13245"}],"wp:featuredmedia":[{"embeddable":true,"href":"http:\/\/clubourenseatletismo.es\/blog\/wp-json\/wp\/v2\/media\/13241"}],"wp:attachment":[{"href":"http:\/\/clubourenseatletismo.es\/blog\/wp-json\/wp\/v2\/media?parent=13024"}],"wp:term":[{"taxonomy":"category","embeddable":true,"href":"http:\/\/clubourenseatletismo.es\/blog\/wp-json\/wp\/v2\/categories?post=13024"},{"taxonomy":"post_tag","embeddable":true,"href":"http:\/\/clubourenseatletismo.es\/blog\/wp-json\/wp\/v2\/tags?post=13024"}],"curies":[{"name":"wp","href":"https:\/\/api.w.org\/{rel}","templated":true}]}}