{"id":12950,"date":"2019-11-12T20:55:12","date_gmt":"2019-11-12T19:55:12","guid":{"rendered":"https:\/\/clubourenseatletismo.es\/blog\/?p=12950"},"modified":"2019-11-25T10:54:49","modified_gmt":"2019-11-25T09:54:49","slug":"foto-oficial-del-club-3","status":"publish","type":"post","link":"http:\/\/clubourenseatletismo.es\/blog\/2019\/11\/12\/foto-oficial-del-club-3\/","title":{"rendered":"Foto Oficial del Club"},"content":{"rendered":"\n<p><img loading=\"lazy\" decoding=\"async\" class=\"alignleft  wp-image-9615\" src=\"https:\/\/clubourenseatletismo.es\/blog\/wp-content\/uploads\/2018\/11\/foto.jpg\" alt=\"\" width=\"243\" height=\"303\" srcset=\"http:\/\/clubourenseatletismo.es\/blog\/wp-content\/uploads\/2018\/11\/foto.jpg 401w, http:\/\/clubourenseatletismo.es\/blog\/wp-content\/uploads\/2018\/11\/foto-241x300.jpg 241w\" sizes=\"auto, (max-width: 243px) 100vw, 243px\" \/>Aprovechando la entrega de trofeos del Correndo x Ourense 2019 y la recogida de dorsales para la carrera del San Marti\u00f1o en el&nbsp; Sal\u00f3n Sportur 2019 (Sal\u00f3n del Deporte y Turismo activo). Este s\u00e1bado 16 de noviembre en el recinto ferial de Expourense a las 18:00 horas, se va a proceder a realizar la foto Oficial para la presente temporada.<\/p>\n<p>Se ruega a todos los integrantes del Club que acudan con la equipaci\u00f3n deportiva para poder realizarla.<\/p>\n","protected":false},"excerpt":{"rendered":"<p>Aprovechando la entrega de trofeos del Correndo x Ourense 2019 y la recogida de dorsales para la carrera del San Marti\u00f1o en el&nbsp; Sal\u00f3n Sportur 2019 (Sal\u00f3n del Deporte y Turismo activo). Este s\u00e1bado 16 de noviembre en el recinto ferial de Expourense a las&#8230;<\/p>\n","protected":false},"author":1,"featured_media":9615,"comment_status":"closed","ping_status":"closed","sticky":false,"template":"","format":"standard","meta":{"footnotes":""},"categories":[7],"tags":[],"class_list":["post-12950","post","type-post","status-publish","format-standard","has-post-thumbnail","hentry","category-noticias"],"aioseo_notices":[],"_links":{"self":[{"href":"http:\/\/clubourenseatletismo.es\/blog\/wp-json\/wp\/v2\/posts\/12950","targetHints":{"allow":["GET"]}}],"collection":[{"href":"http:\/\/clubourenseatletismo.es\/blog\/wp-json\/wp\/v2\/posts"}],"about":[{"href":"http:\/\/clubourenseatletismo.es\/blog\/wp-json\/wp\/v2\/types\/post"}],"author":[{"embeddable":true,"href":"http:\/\/clubourenseatletismo.es\/blog\/wp-json\/wp\/v2\/users\/1"}],"replies":[{"embeddable":true,"href":"http:\/\/clubourenseatletismo.es\/blog\/wp-json\/wp\/v2\/comments?post=12950"}],"version-history":[{"count":3,"href":"http:\/\/clubourenseatletismo.es\/blog\/wp-json\/wp\/v2\/posts\/12950\/revisions"}],"predecessor-version":[{"id":13063,"href":"http:\/\/clubourenseatletismo.es\/blog\/wp-json\/wp\/v2\/posts\/12950\/revisions\/13063"}],"wp:featuredmedia":[{"embeddable":true,"href":"http:\/\/clubourenseatletismo.es\/blog\/wp-json\/wp\/v2\/media\/9615"}],"wp:attachment":[{"href":"http:\/\/clubourenseatletismo.es\/blog\/wp-json\/wp\/v2\/media?parent=12950"}],"wp:term":[{"taxonomy":"category","embeddable":true,"href":"http:\/\/clubourenseatletismo.es\/blog\/wp-json\/wp\/v2\/categories?post=12950"},{"taxonomy":"post_tag","embeddable":true,"href":"http:\/\/clubourenseatletismo.es\/blog\/wp-json\/wp\/v2\/tags?post=12950"}],"curies":[{"name":"wp","href":"https:\/\/api.w.org\/{rel}","templated":true}]}}