{"id":12887,"date":"2019-11-03T21:00:49","date_gmt":"2019-11-03T20:00:49","guid":{"rendered":"https:\/\/clubourenseatletismo.es\/blog\/?p=12887"},"modified":"2019-11-03T21:00:51","modified_gmt":"2019-11-03T20:00:51","slug":"resultados-2","status":"publish","type":"post","link":"http:\/\/clubourenseatletismo.es\/blog\/2019\/11\/03\/resultados-2\/","title":{"rendered":"Resultados"},"content":{"rendered":"\n<p><img loading=\"lazy\" decoding=\"async\" class=\" wp-image-12907 aligncenter\" src=\"https:\/\/clubourenseatletismo.es\/blog\/wp-content\/uploads\/2019\/11\/foto.jpg\" alt=\"\" width=\"428\" height=\"416\" srcset=\"http:\/\/clubourenseatletismo.es\/blog\/wp-content\/uploads\/2019\/11\/foto.jpg 967w, http:\/\/clubourenseatletismo.es\/blog\/wp-content\/uploads\/2019\/11\/foto-300x291.jpg 300w, http:\/\/clubourenseatletismo.es\/blog\/wp-content\/uploads\/2019\/11\/foto-768x746.jpg 768w\" sizes=\"auto, (max-width: 428px) 100vw, 428px\" \/>La sexta edici\u00f3n de la Carreira Popular de Monterrei se disputar\u00eda en la ma\u00f1ana de hoy acogiendo a una multitud de corredores dispuestos a testar el estado de forma para afrontar la gran prueba atl\u00e9tica de Ourense, la San Marti\u00f1o, que se celebrar\u00e1 el 17 de noviembre.<\/p>\n<p>Se trata de una prueba oficial de la Federaci\u00f3n Gallega de Atletismo que cuenta con una distancia homologada de 10 kil\u00f3metros y donde algunos atletas de nuestro club quisieron estar presentes. Destacable la actuaci\u00f3n de Mario Lorenzo primer sub12 en cruzar la meta.<\/p>\n<p>Categor\u00eda sub10:<\/p>\n<table class=\"table\" style=\"width: 87.0203%; height: 63px;\">\n<tbody>\n<tr>\n<td style=\"width: 105px;\"><a href=\"https:\/\/championchipnorte.com\/resultados\/vi-carreira-popular-concello-de-monterrei-monterrei-e-10\/bsub102010-2011sub122008-2009\/dorsal-521\"> MARIO <\/a><\/td>\n<td style=\"width: 264px;\"><a href=\"https:\/\/championchipnorte.com\/resultados\/vi-carreira-popular-concello-de-monterrei-monterrei-e-10\/bsub102010-2011sub122008-2009\/dorsal-521\"> LORENZO FERREIRO <\/a><\/td>\n<td style=\"width: 66px;\">M-1<\/td>\n<td style=\"width: 107px;\">S12M-1<\/td>\n<td style=\"width: 118px;\">00:03:34<\/td>\n<\/tr>\n<\/tbody>\n<\/table>\n<p>10 K absoluta:<\/p>\n<table class=\"table\" style=\"width: 87.8154%; height: 39px;\">\n<tbody>\n<tr>\n<td style=\"width: 126px;\"><a href=\"https:\/\/championchipnorte.com\/resultados\/vi-carreira-popular-concello-de-monterrei-monterrei-e-10\/10-k\/dorsal-27\"> ROBERTO <\/a><\/td>\n<td style=\"width: 246px;\"><a href=\"https:\/\/championchipnorte.com\/resultados\/vi-carreira-popular-concello-de-monterrei-monterrei-e-10\/10-k\/dorsal-27\"> ESPI\u00d1A FERNANDEZ <\/a><\/td>\n<td style=\"width: 61px;\">M-8<\/td>\n<td style=\"width: 116px;\">VT35M-7<\/td>\n<td style=\"width: 110px;\">00:38:00<\/td>\n<\/tr>\n<\/tbody>\n<\/table>\n<p style=\"text-align: center;\"><a class=\"fasc-button fasc-size-medium fasc-type-glossy fasc-rounded-medium ico-fa fasc-ico-before fa-trophy\" style=\"background-color: #e66903; color: #ffffff;\" target=\"_blank\" rel=\"noopener noreferrer\" href=\"https:\/\/championchipnorte.com\/evento\/competicion-recorrido\/c\/10868#info-10868\">Resultados<\/a><\/p>\n<pre><strong>Resultados-VIII-CORRESAN-RUTA-DOS-PARQUES<\/strong><\/pre>\n<p>Las carreras de las categor\u00edas inferiores circunscriben en esta ocasi\u00f3n, su recorrido al Parque Eugenio Granell. Los m\u00e1s peque\u00f1os partieron a las 12 del mediod\u00eda, para completar 1,4 kil\u00f3metros.<\/p>\n<p>Esta tercera cita del CorreSan puede ser decisiva de cara a la clasificaci\u00f3n general, donde recordemos que para optar al t\u00edtulo los participantes computan los tres mejores resultados de las cuatro pruebas del circuito. En esta ocasi\u00f3n debemos destacar la cuarta plaza de la atleta del club Sheila Varela.<\/p>\n<p>&nbsp;4:43 VARELA SALGADO Sheila 4 SUB 10 F 13<\/p>\n<p style=\"text-align: center;\"><a class=\"fasc-button fasc-size-medium fasc-type-glossy fasc-rounded-medium ico-fa fasc-ico-before fa-trophy\" style=\"background-color: #e66903; color: #ffffff;\" target=\"_blank\" rel=\"noopener noreferrer\" href=\"https:\/\/atletismo.gal\/wp-content\/uploads\/2019\/09\/Resultados-VIII-CORRESAN-RUTA-DOS-PARQUES.pdf\">Resultados<\/a><\/p>\n","protected":false},"excerpt":{"rendered":"<p>La sexta edici\u00f3n de la Carreira Popular de Monterrei se disputar\u00eda en la ma\u00f1ana de hoy acogiendo a una multitud de corredores dispuestos a testar el estado de forma para afrontar la gran prueba atl\u00e9tica de Ourense, la San Marti\u00f1o, que se celebrar\u00e1 el 17&#8230;<\/p>\n","protected":false},"author":1,"featured_media":0,"comment_status":"closed","ping_status":"closed","sticky":false,"template":"","format":"standard","meta":{"footnotes":""},"categories":[9],"tags":[],"class_list":["post-12887","post","type-post","status-publish","format-standard","hentry","category-resultados"],"aioseo_notices":[],"_links":{"self":[{"href":"http:\/\/clubourenseatletismo.es\/blog\/wp-json\/wp\/v2\/posts\/12887","targetHints":{"allow":["GET"]}}],"collection":[{"href":"http:\/\/clubourenseatletismo.es\/blog\/wp-json\/wp\/v2\/posts"}],"about":[{"href":"http:\/\/clubourenseatletismo.es\/blog\/wp-json\/wp\/v2\/types\/post"}],"author":[{"embeddable":true,"href":"http:\/\/clubourenseatletismo.es\/blog\/wp-json\/wp\/v2\/users\/1"}],"replies":[{"embeddable":true,"href":"http:\/\/clubourenseatletismo.es\/blog\/wp-json\/wp\/v2\/comments?post=12887"}],"version-history":[{"count":6,"href":"http:\/\/clubourenseatletismo.es\/blog\/wp-json\/wp\/v2\/posts\/12887\/revisions"}],"predecessor-version":[{"id":12908,"href":"http:\/\/clubourenseatletismo.es\/blog\/wp-json\/wp\/v2\/posts\/12887\/revisions\/12908"}],"wp:attachment":[{"href":"http:\/\/clubourenseatletismo.es\/blog\/wp-json\/wp\/v2\/media?parent=12887"}],"wp:term":[{"taxonomy":"category","embeddable":true,"href":"http:\/\/clubourenseatletismo.es\/blog\/wp-json\/wp\/v2\/categories?post=12887"},{"taxonomy":"post_tag","embeddable":true,"href":"http:\/\/clubourenseatletismo.es\/blog\/wp-json\/wp\/v2\/tags?post=12887"}],"curies":[{"name":"wp","href":"https:\/\/api.w.org\/{rel}","templated":true}]}}