{"id":12730,"date":"2019-09-30T15:54:46","date_gmt":"2019-09-30T13:54:46","guid":{"rendered":"https:\/\/clubourenseatletismo.es\/blog\/?p=12730"},"modified":"2019-09-30T15:54:48","modified_gmt":"2019-09-30T13:54:48","slug":"xiii-carreira-popular-coruna-10","status":"publish","type":"post","link":"http:\/\/clubourenseatletismo.es\/blog\/2019\/09\/30\/xiii-carreira-popular-coruna-10\/","title":{"rendered":"XIII CARREIRA POPULAR CORU\u00d1A 10"},"content":{"rendered":"\n<p><img loading=\"lazy\" decoding=\"async\" class=\"wp-image-12732 aligncenter\" src=\"https:\/\/clubourenseatletismo.es\/blog\/wp-content\/uploads\/2019\/09\/10K-coru\u00f1a-2019-1024x576.jpg\" alt=\"\" width=\"505\" height=\"284\" srcset=\"http:\/\/clubourenseatletismo.es\/blog\/wp-content\/uploads\/2019\/09\/10K-coru\u00f1a-2019-1024x576.jpg 1024w, http:\/\/clubourenseatletismo.es\/blog\/wp-content\/uploads\/2019\/09\/10K-coru\u00f1a-2019-300x169.jpg 300w, http:\/\/clubourenseatletismo.es\/blog\/wp-content\/uploads\/2019\/09\/10K-coru\u00f1a-2019-768x432.jpg 768w, http:\/\/clubourenseatletismo.es\/blog\/wp-content\/uploads\/2019\/09\/10K-coru\u00f1a-2019.jpg 1280w\" sizes=\"auto, (max-width: 505px) 100vw, 505px\" \/><\/p>\n<p>Unha proba clasica no panorama atletico galego \u00e9 a que organiza o Concello da Coru\u00f1a e a Federaci\u00f3n Galega de Atletismo, o 6 de outubro vaise disputar a XIII\u00aa Carreira Popular Coru\u00f1a 10.<\/p>\n<p>A proba comezar\u00e1 \u00e1s 10:00 a.m., estando situada a li\u00f1a de sa\u00edda na Avenida da Habana. &nbsp;<\/p>\n<p>O percorrido cunha distancia de 10 km, est\u00e1 medido e homologado pola Real Federaci\u00f3n Espa\u00f1ola de Atletismo e discorre sobre asfalto na s\u00faa totalidade.<\/p>\n<p style=\"text-align: center;\"><a class=\"fasc-button fasc-size-medium fasc-type-glossy fasc-rounded-medium fasc-ico-before dashicons-format-aside\" style=\"background-color: #218562; color: #ffffff;\" target=\"_blank\" rel=\"noopener noreferrer\" href=\"https:\/\/carreirasgalegas.blob.core.windows.net\/docs\/3c34da90-a109-4c84-f599-39e82284757e-C10%20Regulamento%202019%20(galego).pdf\">Reglamento<\/a>&nbsp; <a class=\"fasc-button fasc-size-medium fasc-type-glossy fasc-rounded-medium fasc-ico-before dashicons-format-aside\" style=\"background-color: #218562; color: #ffffff;\" target=\"_blank\" rel=\"noopener noreferrer\" href=\"http:\/\/www.coruna.gal\/descarga\/1439860394718\/CircuitoC10-2019.pdf\">Plano Circuito<\/a><\/p>\n<p>&nbsp;<\/p>\n","protected":false},"excerpt":{"rendered":"<p>Unha proba clasica no panorama atletico galego \u00e9 a que organiza o Concello da Coru\u00f1a e a Federaci\u00f3n Galega de Atletismo, o 6 de outubro vaise disputar a XIII\u00aa Carreira Popular Coru\u00f1a 10. A proba comezar\u00e1 \u00e1s 10:00 a.m., estando situada a li\u00f1a de sa\u00edda&#8230;<\/p>\n","protected":false},"author":1,"featured_media":0,"comment_status":"closed","ping_status":"closed","sticky":false,"template":"","format":"standard","meta":{"footnotes":""},"categories":[7],"tags":[],"class_list":["post-12730","post","type-post","status-publish","format-standard","hentry","category-noticias"],"aioseo_notices":[],"_links":{"self":[{"href":"http:\/\/clubourenseatletismo.es\/blog\/wp-json\/wp\/v2\/posts\/12730","targetHints":{"allow":["GET"]}}],"collection":[{"href":"http:\/\/clubourenseatletismo.es\/blog\/wp-json\/wp\/v2\/posts"}],"about":[{"href":"http:\/\/clubourenseatletismo.es\/blog\/wp-json\/wp\/v2\/types\/post"}],"author":[{"embeddable":true,"href":"http:\/\/clubourenseatletismo.es\/blog\/wp-json\/wp\/v2\/users\/1"}],"replies":[{"embeddable":true,"href":"http:\/\/clubourenseatletismo.es\/blog\/wp-json\/wp\/v2\/comments?post=12730"}],"version-history":[{"count":3,"href":"http:\/\/clubourenseatletismo.es\/blog\/wp-json\/wp\/v2\/posts\/12730\/revisions"}],"predecessor-version":[{"id":12746,"href":"http:\/\/clubourenseatletismo.es\/blog\/wp-json\/wp\/v2\/posts\/12730\/revisions\/12746"}],"wp:attachment":[{"href":"http:\/\/clubourenseatletismo.es\/blog\/wp-json\/wp\/v2\/media?parent=12730"}],"wp:term":[{"taxonomy":"category","embeddable":true,"href":"http:\/\/clubourenseatletismo.es\/blog\/wp-json\/wp\/v2\/categories?post=12730"},{"taxonomy":"post_tag","embeddable":true,"href":"http:\/\/clubourenseatletismo.es\/blog\/wp-json\/wp\/v2\/tags?post=12730"}],"curies":[{"name":"wp","href":"https:\/\/api.w.org\/{rel}","templated":true}]}}