{"id":12683,"date":"2019-09-24T14:11:19","date_gmt":"2019-09-24T12:11:19","guid":{"rendered":"https:\/\/clubourenseatletismo.es\/blog\/?p=12683"},"modified":"2019-09-24T14:11:22","modified_gmt":"2019-09-24T12:11:22","slug":"15k-del-atlantico-banco-mediolanum","status":"publish","type":"post","link":"http:\/\/clubourenseatletismo.es\/blog\/2019\/09\/24\/15k-del-atlantico-banco-mediolanum\/","title":{"rendered":"15K DEL ATL\u00c1NTICO BANCO MEDIOLANUM"},"content":{"rendered":"\n<p><img loading=\"lazy\" decoding=\"async\" class=\"wp-image-12684 aligncenter\" src=\"https:\/\/clubourenseatletismo.es\/blog\/wp-content\/uploads\/2019\/09\/mediolanun-724x1024.jpg\" alt=\"\" width=\"315\" height=\"445\" srcset=\"http:\/\/clubourenseatletismo.es\/blog\/wp-content\/uploads\/2019\/09\/mediolanun.jpg 724w, http:\/\/clubourenseatletismo.es\/blog\/wp-content\/uploads\/2019\/09\/mediolanun-212x300.jpg 212w\" sizes=\"auto, (max-width: 315px) 100vw, 315px\" \/>La VII edici\u00f3n de la 15K del Atlantico Banco Mediolanum se celebrar\u00e1 el 29 de septiembre entre las localidade de Oia y A Guarda.<\/p>\n<p>La salida se dar\u00e1 el domingo 29 de septiembre desde el campo de f\u00fatbol de Oia y la llegada ser\u00e1 en el paseo mar\u00edtimo de A Guarda en los siguientes horarios:<\/p>\n<p>10:00 horas Andaina<\/p>\n<p>10:30 horas Patines<\/p>\n<p>11:00 horas 15K del Atl\u00e1ntico.<\/p>\n<p>Podr\u00e1 participar cualquier persona que lo desee sin importar condici\u00f3n, sexo o nacionalidad y que hayan cumplido 16 a\u00f1os el d\u00eda de la prueba.<\/p>\n<p>Se podr\u00e1 realizar todo el proceso en la p\u00e1gina <a class=\"fasc-button fasc-size-small fasc-type-flat fasc-rounded-medium\" style=\"background-color: #33809e; color: #ffffff;\" href=\"https:\/\/championchipnorte.com\/evento\/inscribirme\/id\/1887\/15k-del-atlantico-banco-mediolanum\">championchip<\/a><\/p>\n<p style=\"text-align: center;\"><a class=\"fasc-button fasc-size-medium fasc-type-glossy fasc-rounded-medium fasc-ico-before dashicons-format-aside\" style=\"background-color: #218562; color: #ffffff;\" target=\"_blank\" href=\"https:\/\/championchipnorte.com\/uploads\/eventos\/reglamento-5d2f3a4e19ff66.97879606.pdf\" rel=\"noopener noreferrer\">Reglamento<\/a><\/p>\n<p>&nbsp;<\/p>\n","protected":false},"excerpt":{"rendered":"<p>La VII edici\u00f3n de la 15K del Atlantico Banco Mediolanum se celebrar\u00e1 el 29 de septiembre entre las localidade de Oia y A Guarda. La salida se dar\u00e1 el domingo 29 de septiembre desde el campo de f\u00fatbol de Oia y la llegada ser\u00e1 en&#8230;<\/p>\n","protected":false},"author":1,"featured_media":0,"comment_status":"closed","ping_status":"closed","sticky":false,"template":"","format":"standard","meta":{"footnotes":""},"categories":[7],"tags":[],"class_list":["post-12683","post","type-post","status-publish","format-standard","hentry","category-noticias"],"aioseo_notices":[],"_links":{"self":[{"href":"http:\/\/clubourenseatletismo.es\/blog\/wp-json\/wp\/v2\/posts\/12683","targetHints":{"allow":["GET"]}}],"collection":[{"href":"http:\/\/clubourenseatletismo.es\/blog\/wp-json\/wp\/v2\/posts"}],"about":[{"href":"http:\/\/clubourenseatletismo.es\/blog\/wp-json\/wp\/v2\/types\/post"}],"author":[{"embeddable":true,"href":"http:\/\/clubourenseatletismo.es\/blog\/wp-json\/wp\/v2\/users\/1"}],"replies":[{"embeddable":true,"href":"http:\/\/clubourenseatletismo.es\/blog\/wp-json\/wp\/v2\/comments?post=12683"}],"version-history":[{"count":1,"href":"http:\/\/clubourenseatletismo.es\/blog\/wp-json\/wp\/v2\/posts\/12683\/revisions"}],"predecessor-version":[{"id":12685,"href":"http:\/\/clubourenseatletismo.es\/blog\/wp-json\/wp\/v2\/posts\/12683\/revisions\/12685"}],"wp:attachment":[{"href":"http:\/\/clubourenseatletismo.es\/blog\/wp-json\/wp\/v2\/media?parent=12683"}],"wp:term":[{"taxonomy":"category","embeddable":true,"href":"http:\/\/clubourenseatletismo.es\/blog\/wp-json\/wp\/v2\/categories?post=12683"},{"taxonomy":"post_tag","embeddable":true,"href":"http:\/\/clubourenseatletismo.es\/blog\/wp-json\/wp\/v2\/tags?post=12683"}],"curies":[{"name":"wp","href":"https:\/\/api.w.org\/{rel}","templated":true}]}}