{"id":12404,"date":"2019-07-09T11:31:24","date_gmt":"2019-07-09T09:31:24","guid":{"rendered":"https:\/\/clubourenseatletismo.es\/blog\/?p=12404"},"modified":"2019-07-10T10:43:38","modified_gmt":"2019-07-10T08:43:38","slug":"12404","status":"publish","type":"post","link":"http:\/\/clubourenseatletismo.es\/blog\/2019\/07\/09\/12404\/","title":{"rendered":"XIII Jogos do Eixo Atl\u00e2ntico"},"content":{"rendered":"\n<div class=\"itemIntroText\">\n<p><em><img loading=\"lazy\" decoding=\"async\" class=\"alignleft  wp-image-12405\" src=\"https:\/\/clubourenseatletismo.es\/blog\/wp-content\/uploads\/2019\/07\/7ad1bc4bf40bceffc470ffe3aab1a249_L.jpg\" alt=\"\" width=\"142\" height=\"201\" srcset=\"http:\/\/clubourenseatletismo.es\/blog\/wp-content\/uploads\/2019\/07\/7ad1bc4bf40bceffc470ffe3aab1a249_L.jpg 300w, http:\/\/clubourenseatletismo.es\/blog\/wp-content\/uploads\/2019\/07\/7ad1bc4bf40bceffc470ffe3aab1a249_L-212x300.jpg 212w\" sizes=\"auto, (max-width: 142px) 100vw, 142px\" \/>Cerca de 1800 j\u00f3venes de Galicia y del Norte de Portugal compartir\u00e1n competiciones deportivas, actividades y convivencias en Braga del 7 al 12 de junio.<\/em><\/p>\n<\/div>\n<div class=\"itemFullText\">\n<p>Braga se convierte durante una semana en la capital del deporte en la eurorregi\u00f3n Galicia Norte de Portugal con los XIII Jogos do Eixo Atl\u00e2ntico.<br>La edad m\u00e1xima de los atletas participantes es de 16 a\u00f1os, excepto en las modalidades de Atletismo adaptado e Nataci\u00f3n adaptada, em las que las edades pueden ser superiores.<\/p>\n<p>Con una participaci\u00f3n de miles de atletas, los Juegos del Eixo Atl\u00e1ntico promueven, desde 1995, el deporte y la convivencia entre los j\u00f3venes de Galicia y del Norte de Portugal. En esta edici\u00f3n, los atletas participantes ascienden a cerca de 1800 en el total, aproximadamente 700 femeninos y 1100 masculinos. En las modalidades adaptadas, se registran cerca de 130 participantes.<\/p>\n<p style=\"text-align: center;\"><a class=\"fasc-button fasc-size-medium fasc-type-glossy fasc-rounded-medium ico-fa fasc-ico-before fa-trophy\" style=\"background-color: #e66903; color: #ffffff;\" target=\"_blank\" rel=\"noopener noreferrer\" href=\"https:\/\/www.eixoatlantico.com\/images\/DOC%20NOTICIAS\/calendario-xogos-para-web-modalidades-ok.pdf\">Actividades<\/a><\/p>\n<\/div>\n","protected":false},"excerpt":{"rendered":"<p>Cerca de 1800 j\u00f3venes de Galicia y del Norte de Portugal compartir\u00e1n competiciones deportivas, actividades y convivencias en Braga del 7 al 12 de junio. Braga se convierte durante una semana en la capital del deporte en la eurorregi\u00f3n Galicia Norte de Portugal con los&#8230;<\/p>\n","protected":false},"author":1,"featured_media":0,"comment_status":"closed","ping_status":"closed","sticky":false,"template":"","format":"standard","meta":{"footnotes":""},"categories":[7],"tags":[],"class_list":["post-12404","post","type-post","status-publish","format-standard","hentry","category-noticias"],"aioseo_notices":[],"_links":{"self":[{"href":"http:\/\/clubourenseatletismo.es\/blog\/wp-json\/wp\/v2\/posts\/12404","targetHints":{"allow":["GET"]}}],"collection":[{"href":"http:\/\/clubourenseatletismo.es\/blog\/wp-json\/wp\/v2\/posts"}],"about":[{"href":"http:\/\/clubourenseatletismo.es\/blog\/wp-json\/wp\/v2\/types\/post"}],"author":[{"embeddable":true,"href":"http:\/\/clubourenseatletismo.es\/blog\/wp-json\/wp\/v2\/users\/1"}],"replies":[{"embeddable":true,"href":"http:\/\/clubourenseatletismo.es\/blog\/wp-json\/wp\/v2\/comments?post=12404"}],"version-history":[{"count":2,"href":"http:\/\/clubourenseatletismo.es\/blog\/wp-json\/wp\/v2\/posts\/12404\/revisions"}],"predecessor-version":[{"id":12411,"href":"http:\/\/clubourenseatletismo.es\/blog\/wp-json\/wp\/v2\/posts\/12404\/revisions\/12411"}],"wp:attachment":[{"href":"http:\/\/clubourenseatletismo.es\/blog\/wp-json\/wp\/v2\/media?parent=12404"}],"wp:term":[{"taxonomy":"category","embeddable":true,"href":"http:\/\/clubourenseatletismo.es\/blog\/wp-json\/wp\/v2\/categories?post=12404"},{"taxonomy":"post_tag","embeddable":true,"href":"http:\/\/clubourenseatletismo.es\/blog\/wp-json\/wp\/v2\/tags?post=12404"}],"curies":[{"name":"wp","href":"https:\/\/api.w.org\/{rel}","templated":true}]}}