{"id":12401,"date":"2019-07-10T10:44:32","date_gmt":"2019-07-10T08:44:32","guid":{"rendered":"https:\/\/clubourenseatletismo.es\/blog\/?p=12401"},"modified":"2019-07-10T10:44:34","modified_gmt":"2019-07-10T08:44:34","slug":"iv-ribeira-do-tea","status":"publish","type":"post","link":"http:\/\/clubourenseatletismo.es\/blog\/2019\/07\/10\/iv-ribeira-do-tea\/","title":{"rendered":"IV Ribeira do Tea"},"content":{"rendered":"<p><img loading=\"lazy\" decoding=\"async\" class=\"alignleft  wp-image-12402\" src=\"https:\/\/clubourenseatletismo.es\/blog\/wp-content\/uploads\/2019\/07\/cartel-ribeira-do-tea-2019-publicidades-final.jpg\" alt=\"\" width=\"168\" height=\"232\" srcset=\"http:\/\/clubourenseatletismo.es\/blog\/wp-content\/uploads\/2019\/07\/cartel-ribeira-do-tea-2019-publicidades-final.jpg 248w, http:\/\/clubourenseatletismo.es\/blog\/wp-content\/uploads\/2019\/07\/cartel-ribeira-do-tea-2019-publicidades-final-217x300.jpg 217w\" sizes=\"auto, (max-width: 168px) 100vw, 168px\" \/>O Club Caminhantes do Condado organiza o domingo 28 de xullo, a partir das 10:00 horas a \u201c<span style=\"background-color: #99ccff;\">IV Ribeira do Tea<\/span>\u201d sobre un trazado de 16 Km.<\/p>\n<p>A sa\u00edda ter\u00e1 lugar na fortaleza de Salvaterra de Mi\u00f1o, as 10:10 horas para 2 km e 10:30 para 16 km.<\/p>\n<p>A proba de 2 km ir\u00e1 dende a Fortaleza ata a rotonda da depuradora e dar\u00e1 volta para rematar no lugar de sa\u00edda.<\/p>\n<p>A proba de 16 km discorrer\u00e1 pola ribeira do r\u00edo Tea, para rematar na ponte romana de Os Remedios en Ponteareas.<\/p>\n<p>As inscripcions faranse na web https:\/\/championchipnorte.com\/ ata o 25 de xullo.<\/p>\n<p style=\"text-align: center;\"><a class=\"fasc-button fasc-size-medium fasc-type-glossy fasc-rounded-medium fasc-ico-before dashicons-format-aside\" style=\"background-color: #218562; color: #ffffff;\" target=\"_blank\" rel=\"noopener noreferrer\" href=\"https:\/\/championchipnorte.com\/uploads\/eventos\/reglamento-5cd2bae356d302.90268067.pdf\">Reglamento<\/a>&nbsp;<a class=\"fasc-button fasc-size-medium fasc-type-glossy fasc-rounded-medium fasc-ico-before dashicons-groups\" style=\"background-color: #324994; color: #ffffff;\" target=\"_blank\" rel=\"noopener noreferrer\" href=\"https:\/\/championchipnorte.com\/evento\/inscribirme\/id\/1828\/iv-carreira-ribeira-do-tea\">Inscripcions<\/a><\/p>\n<p>&nbsp;<\/p>\n\n","protected":false},"excerpt":{"rendered":"<p>O Club Caminhantes do Condado organiza o domingo 28 de xullo, a partir das 10:00 horas a \u201cIV Ribeira do Tea\u201d sobre un trazado de 16 Km. A sa\u00edda ter\u00e1 lugar na fortaleza de Salvaterra de Mi\u00f1o, as 10:10 horas para 2 km e 10:30&#8230;<\/p>\n","protected":false},"author":1,"featured_media":0,"comment_status":"closed","ping_status":"closed","sticky":false,"template":"","format":"standard","meta":{"footnotes":""},"categories":[7],"tags":[],"class_list":["post-12401","post","type-post","status-publish","format-standard","hentry","category-noticias"],"aioseo_notices":[],"_links":{"self":[{"href":"http:\/\/clubourenseatletismo.es\/blog\/wp-json\/wp\/v2\/posts\/12401","targetHints":{"allow":["GET"]}}],"collection":[{"href":"http:\/\/clubourenseatletismo.es\/blog\/wp-json\/wp\/v2\/posts"}],"about":[{"href":"http:\/\/clubourenseatletismo.es\/blog\/wp-json\/wp\/v2\/types\/post"}],"author":[{"embeddable":true,"href":"http:\/\/clubourenseatletismo.es\/blog\/wp-json\/wp\/v2\/users\/1"}],"replies":[{"embeddable":true,"href":"http:\/\/clubourenseatletismo.es\/blog\/wp-json\/wp\/v2\/comments?post=12401"}],"version-history":[{"count":2,"href":"http:\/\/clubourenseatletismo.es\/blog\/wp-json\/wp\/v2\/posts\/12401\/revisions"}],"predecessor-version":[{"id":12407,"href":"http:\/\/clubourenseatletismo.es\/blog\/wp-json\/wp\/v2\/posts\/12401\/revisions\/12407"}],"wp:attachment":[{"href":"http:\/\/clubourenseatletismo.es\/blog\/wp-json\/wp\/v2\/media?parent=12401"}],"wp:term":[{"taxonomy":"category","embeddable":true,"href":"http:\/\/clubourenseatletismo.es\/blog\/wp-json\/wp\/v2\/categories?post=12401"},{"taxonomy":"post_tag","embeddable":true,"href":"http:\/\/clubourenseatletismo.es\/blog\/wp-json\/wp\/v2\/tags?post=12401"}],"curies":[{"name":"wp","href":"https:\/\/api.w.org\/{rel}","templated":true}]}}