{"id":12327,"date":"2019-06-25T09:58:28","date_gmt":"2019-06-25T07:58:28","guid":{"rendered":"https:\/\/clubourenseatletismo.es\/blog\/?p=12327"},"modified":"2019-06-25T09:58:29","modified_gmt":"2019-06-25T07:58:29","slug":"lxviii-campeonato-de-espana-sub18-2","status":"publish","type":"post","link":"http:\/\/clubourenseatletismo.es\/blog\/2019\/06\/25\/lxviii-campeonato-de-espana-sub18-2\/","title":{"rendered":"LXVIII Campeonato de Espa\u00f1a Sub18"},"content":{"rendered":"<p><img loading=\"lazy\" decoding=\"async\" class=\" wp-image-12328 aligncenter\" src=\"https:\/\/clubourenseatletismo.es\/blog\/wp-content\/uploads\/2019\/06\/Captura-de-pantalla-2019-06-24-12.05.31.png\" alt=\"\" width=\"443\" height=\"438\" srcset=\"http:\/\/clubourenseatletismo.es\/blog\/wp-content\/uploads\/2019\/06\/Captura-de-pantalla-2019-06-24-12.05.31.png 565w, http:\/\/clubourenseatletismo.es\/blog\/wp-content\/uploads\/2019\/06\/Captura-de-pantalla-2019-06-24-12.05.31-300x296.png 300w\" sizes=\"auto, (max-width: 443px) 100vw, 443px\" \/><\/p>\n<p>Castell\u00f3n acoger\u00eda el fin de semana a los mejores atletas nacionales, en esta ocasi\u00f3n era la disputa del<strong> LXVIII Campeonato de Espa\u00f1a Sub18, <\/strong>prueba que cont\u00f3 con una gran participaci\u00f3n al congregar a 936 atletas entre hombres y mujeres; con un total de 7 actuaciones por parte de nuestro club.<\/p>\n<p>Las pruebas dieron comienzo el s\u00e1bado a las 10:00h con las pruebas combinadas as\u00ed como las eliminatorias de varias disciplinas.<\/p>\n<p>Pablo \u00c1lvarez en las pruebas de velocidad estuvo muy regular buscando las sensaciones en cada ronda, lleg\u00f3 incluso a acercarse a su mejor marca personal. Despu\u00e9s de las dos rondas previas en los 100 pagar\u00eda el esfuerzo no logrando pasar a la final. En los 200 mts con una sola ronda clasificatoria lograba un registro de 22.99, impidiendole acudir a la final.<\/p>\n<p>Said Abdoun en la prueba de los 1.500 mts dio la cara de principio, lograr\u00eda clasificarse entre los cuatro primeros para la final, lograba una octava plaza en la linea de meta.<\/p>\n<p>Otra de nuestra atletas ser\u00eda Ant\u00eda Castro en la prueba de los 800 mts que lograba situarse en la 14\u00aa posici\u00f3n.<\/p>\n<p>Complet\u00f3 la actuaci\u00f3n Rita V\u00e1zquez (15\u00aa) en la prueba de los 5km Marcha quien se hab\u00eda planteado esta experiencia como un nuevo reto.<\/p>\n<p>Independientemente de no haber obtenido ninguna de las medallas en liza, los atletas llegar\u00edan de esta competici\u00f3n con muy buen sabor de boca por el trabajo realizado.<\/p>\n<p>&nbsp;<\/p>\n<p style=\"text-align: center;\"><a class=\"fasc-button fasc-size-medium fasc-type-glossy fasc-rounded-medium ico-fa fasc-ico-before fa-trophy\" style=\"background-color: #e66903; color: #ffffff;\" target=\"_blank\" rel=\"noopener\" href=\"http:\/\/resultados.rfea.es\/2019\/airelibre\/al_sub18.pdf\">Resultados<\/a><\/p>\n","protected":false},"excerpt":{"rendered":"<p>Castell\u00f3n acoger\u00eda el fin de semana a los mejores atletas nacionales, en esta ocasi\u00f3n era la disputa del LXVIII Campeonato de Espa\u00f1a Sub18, prueba que cont\u00f3 con una gran participaci\u00f3n al congregar a 936 atletas entre hombres y mujeres; con un total de 7 actuaciones&#8230;<\/p>\n","protected":false},"author":1,"featured_media":0,"comment_status":"closed","ping_status":"closed","sticky":false,"template":"","format":"standard","meta":{"footnotes":""},"categories":[9],"tags":[],"class_list":["post-12327","post","type-post","status-publish","format-standard","hentry","category-resultados"],"aioseo_notices":[],"_links":{"self":[{"href":"http:\/\/clubourenseatletismo.es\/blog\/wp-json\/wp\/v2\/posts\/12327","targetHints":{"allow":["GET"]}}],"collection":[{"href":"http:\/\/clubourenseatletismo.es\/blog\/wp-json\/wp\/v2\/posts"}],"about":[{"href":"http:\/\/clubourenseatletismo.es\/blog\/wp-json\/wp\/v2\/types\/post"}],"author":[{"embeddable":true,"href":"http:\/\/clubourenseatletismo.es\/blog\/wp-json\/wp\/v2\/users\/1"}],"replies":[{"embeddable":true,"href":"http:\/\/clubourenseatletismo.es\/blog\/wp-json\/wp\/v2\/comments?post=12327"}],"version-history":[{"count":3,"href":"http:\/\/clubourenseatletismo.es\/blog\/wp-json\/wp\/v2\/posts\/12327\/revisions"}],"predecessor-version":[{"id":12332,"href":"http:\/\/clubourenseatletismo.es\/blog\/wp-json\/wp\/v2\/posts\/12327\/revisions\/12332"}],"wp:attachment":[{"href":"http:\/\/clubourenseatletismo.es\/blog\/wp-json\/wp\/v2\/media?parent=12327"}],"wp:term":[{"taxonomy":"category","embeddable":true,"href":"http:\/\/clubourenseatletismo.es\/blog\/wp-json\/wp\/v2\/categories?post=12327"},{"taxonomy":"post_tag","embeddable":true,"href":"http:\/\/clubourenseatletismo.es\/blog\/wp-json\/wp\/v2\/tags?post=12327"}],"curies":[{"name":"wp","href":"https:\/\/api.w.org\/{rel}","templated":true}]}}