{"id":12117,"date":"2019-06-09T17:17:40","date_gmt":"2019-06-09T15:17:40","guid":{"rendered":"https:\/\/clubourenseatletismo.es\/blog\/?p=12117"},"modified":"2019-06-09T17:17:42","modified_gmt":"2019-06-09T15:17:42","slug":"nocturna-de-celanova","status":"publish","type":"post","link":"http:\/\/clubourenseatletismo.es\/blog\/2019\/06\/09\/nocturna-de-celanova\/","title":{"rendered":"Nocturna de Celanova"},"content":{"rendered":"<p><img loading=\"lazy\" decoding=\"async\" class=\" wp-image-12118 aligncenter\" src=\"https:\/\/clubourenseatletismo.es\/blog\/wp-content\/uploads\/2019\/06\/IMG-20190608-WA0003-1024x653.jpg\" alt=\"\" width=\"417\" height=\"266\" srcset=\"http:\/\/clubourenseatletismo.es\/blog\/wp-content\/uploads\/2019\/06\/IMG-20190608-WA0003-1024x653.jpg 1024w, http:\/\/clubourenseatletismo.es\/blog\/wp-content\/uploads\/2019\/06\/IMG-20190608-WA0003-300x191.jpg 300w, http:\/\/clubourenseatletismo.es\/blog\/wp-content\/uploads\/2019\/06\/IMG-20190608-WA0003-768x490.jpg 768w, http:\/\/clubourenseatletismo.es\/blog\/wp-content\/uploads\/2019\/06\/IMG-20190608-WA0003.jpg 1381w\" sizes=\"auto, (max-width: 417px) 100vw, 417px\" \/><\/p>\n<p>Una de las citas habituales por estas fechas es la Nocturna de Celanova en esta ocasi\u00f3n ser\u00eda la XVI\u00aa edici\u00f3n. A la cita acudir\u00edan cerca de 700 atletas, de los que algo m\u00e1s de 400 participaban en la prueba absoluta, el resto se distribuia en las restantes categor\u00edas.<\/p>\n<p>De los representantes en esta carrera popular que lograr\u00edan subir al podium destacaremos en la categor\u00eda alev\u00edn a Mario Lorenzo que ser\u00eda segundo; en la categor\u00eda infantil el ganador de la carera ser\u00eda Miguel Carbajales, le acompa\u00f1ar\u00eda en el podium Sabela M\u00edguez quinta.<\/p>\n<p>En cuanto a los mayores destacar el segundo puesto de Rub\u00e9n Diz que ser\u00eda adem\u00e1s el ourensano mejor clasificado.<\/p>\n<p>Alev\u00edn:<\/p>\n<table class=\"table\" style=\"width: 553px;\">\n<tbody>\n<tr>\n<td style=\"width: 17.65px;\">3<\/td>\n<td style=\"width: 79.4833px;\"><a href=\"https:\/\/championchipnorte.com\/resultados\/xvi-carreira-nocturna-de-celanova\/alevin-2008-2009\/dorsal-764\"> MARIO <\/a><\/td>\n<td style=\"width: 216.367px;\"><a href=\"https:\/\/championchipnorte.com\/resultados\/xvi-carreira-nocturna-de-celanova\/alevin-2008-2009\/dorsal-764\"> LORENZO FERREIRO <\/a><\/td>\n<td style=\"width: 45.1167px;\">M-2<\/td>\n<td style=\"width: 87.3167px;\">ALVM-2<\/td>\n<td style=\"width: 91.2333px;\">00:03:24<\/td>\n<\/tr>\n<\/tbody>\n<\/table>\n<p>Infantil y Cadete:<\/p>\n<table class=\"table\" style=\"width: 555px;\">\n<tbody>\n<tr>\n<td style=\"width: 33.35px;\">1<\/td>\n<td style=\"width: 103.033px;\"><a href=\"https:\/\/championchipnorte.com\/resultados\/xvi-carreira-nocturna-de-celanova\/infantil-2006-2007-e-cadete-2004-2005\/dorsal-710\"> MIGUEL <\/a><\/td>\n<td style=\"width: 252.7px;\"><a href=\"https:\/\/championchipnorte.com\/resultados\/xvi-carreira-nocturna-de-celanova\/infantil-2006-2007-e-cadete-2004-2005\/dorsal-710\"> CARBAJALES CASTRO <\/a><\/td>\n<td style=\"width: 50.05px;\">M-1<\/td>\n<td style=\"width: 102.033px;\">00:06:13<\/td>\n<\/tr>\n<tr>\n<td style=\"width: 33.35px;\">22<\/td>\n<td style=\"width: 103.033px;\"><a href=\"https:\/\/championchipnorte.com\/resultados\/xvi-carreira-nocturna-de-celanova\/infantil-2006-2007-e-cadete-2004-2005\/dorsal-709\"> SABELA <\/a><\/td>\n<td style=\"width: 252.7px;\"><a href=\"https:\/\/championchipnorte.com\/resultados\/xvi-carreira-nocturna-de-celanova\/infantil-2006-2007-e-cadete-2004-2005\/dorsal-709\"> MIGUEZ SEARA <\/a><\/td>\n<td style=\"width: 50.05px;\">F-5<\/td>\n<td style=\"width: 102.033px;\">00:07:23<\/td>\n<\/tr>\n<\/tbody>\n<\/table>\n<p>Absoluta:<\/p>\n<table class=\"table\" style=\"width: 552px;\">\n<tbody>\n<tr>\n<td style=\"width: 31.85px;\">4<\/td>\n<td style=\"width: 148.783px;\"><a href=\"https:\/\/championchipnorte.com\/resultados\/xvi-carreira-nocturna-de-celanova\/absoluta-2003-e-anos-a\/dorsal-1\"> RUBEN <\/a><\/td>\n<td style=\"width: 160.217px;\"><a href=\"https:\/\/championchipnorte.com\/resultados\/xvi-carreira-nocturna-de-celanova\/absoluta-2003-e-anos-a\/dorsal-1\"> DIZ DIAZ <\/a><\/td>\n<td style=\"width: 51.85px;\">M-4<\/td>\n<td style=\"width: 74.7333px;\">VTBM-2<\/td>\n<td style=\"width: 68.7333px;\">00:27:15<\/td>\n<\/tr>\n<tr>\n<td style=\"width: 31.85px;\">28<\/td>\n<td style=\"width: 148.783px;\"><a href=\"https:\/\/championchipnorte.com\/resultados\/xvi-carreira-nocturna-de-celanova\/absoluta-2003-e-anos-a\/dorsal-81\"> FRANCISCO JAVIER <\/a><\/td>\n<td style=\"width: 160.217px;\"><a href=\"https:\/\/championchipnorte.com\/resultados\/xvi-carreira-nocturna-de-celanova\/absoluta-2003-e-anos-a\/dorsal-81\"> ESPI\u00d1A FERNANDEZ <\/a><\/td>\n<td style=\"width: 51.85px;\">M-27<\/td>\n<td style=\"width: 74.7333px;\">VTCM-5<\/td>\n<td style=\"width: 68.7333px;\">00:31:33<\/td>\n<\/tr>\n<tr>\n<td style=\"width: 31.85px;\">60<\/td>\n<td style=\"width: 148.783px;\"><a href=\"https:\/\/championchipnorte.com\/resultados\/xvi-carreira-nocturna-de-celanova\/absoluta-2003-e-anos-a\/dorsal-82\"> ELISEO <\/a><\/td>\n<td style=\"width: 160.217px;\"><a href=\"https:\/\/championchipnorte.com\/resultados\/xvi-carreira-nocturna-de-celanova\/absoluta-2003-e-anos-a\/dorsal-82\"> FABELLO CID <\/a><\/td>\n<td style=\"width: 51.85px;\">M-57<\/td>\n<td style=\"width: 74.7333px;\">VTBM-13<\/td>\n<td style=\"width: 68.7333px;\">00:34:17<\/td>\n<\/tr>\n<tr>\n<td style=\"width: 31.85px;\">205<\/td>\n<td style=\"width: 148.783px;\"><a href=\"https:\/\/championchipnorte.com\/resultados\/xvi-carreira-nocturna-de-celanova\/absoluta-2003-e-anos-a\/dorsal-265\"> DAVID <\/a><\/td>\n<td style=\"width: 160.217px;\"><a href=\"https:\/\/championchipnorte.com\/resultados\/xvi-carreira-nocturna-de-celanova\/absoluta-2003-e-anos-a\/dorsal-265\"> P\u00c9REZ FILGUEIRA <\/a><\/td>\n<td style=\"width: 51.85px;\">M-187<\/td>\n<td style=\"width: 74.7333px;\">VTAM-32<\/td>\n<td style=\"width: 68.7333px;\">00:41:00<\/td>\n<\/tr>\n<tr>\n<td style=\"width: 31.85px;\">206<\/td>\n<td style=\"width: 148.783px;\"><a href=\"https:\/\/championchipnorte.com\/resultados\/xvi-carreira-nocturna-de-celanova\/absoluta-2003-e-anos-a\/dorsal-83\"> JOS\u00c9 LU\u00cdS <\/a><\/td>\n<td style=\"width: 160.217px;\"><a href=\"https:\/\/championchipnorte.com\/resultados\/xvi-carreira-nocturna-de-celanova\/absoluta-2003-e-anos-a\/dorsal-83\"> REY FERN\u00c1NDEZ <\/a><\/td>\n<td style=\"width: 51.85px;\">M-188<\/td>\n<td style=\"width: 74.7333px;\">VTEM-4<\/td>\n<td style=\"width: 68.7333px;\">00:41:01<\/td>\n<\/tr>\n<tr>\n<td style=\"width: 31.85px;\">230<\/td>\n<td style=\"width: 148.783px;\"><a href=\"https:\/\/championchipnorte.com\/resultados\/xvi-carreira-nocturna-de-celanova\/absoluta-2003-e-anos-a\/dorsal-264\"> JOSE LUIS <\/a><\/td>\n<td style=\"width: 160.217px;\"><a href=\"https:\/\/championchipnorte.com\/resultados\/xvi-carreira-nocturna-de-celanova\/absoluta-2003-e-anos-a\/dorsal-264\"> NOVOA CID <\/a><\/td>\n<td style=\"width: 51.85px;\">M-206<\/td>\n<td style=\"width: 74.7333px;\">VTCM-35<\/td>\n<td style=\"width: 68.7333px;\">00:42:01<\/td>\n<\/tr>\n<\/tbody>\n<\/table>\n<p style=\"text-align: center;\"><a class=\"fasc-button fasc-size-medium fasc-type-glossy fasc-rounded-medium ico-fa fasc-ico-before fa-trophy\" style=\"background-color: #e66903; color: #ffffff;\" href=\"https:\/\/championchipnorte.com\/resultados\/xvi-carreira-nocturna-de-celanova\/absoluta-2003-e-anos-a\/0\" target=\"_blank\" rel=\"noopener\">Resultados<\/a><\/p>\n<p style=\"text-align: center;\">&nbsp;<\/p>\n\n\n<p><\/p>\n","protected":false},"excerpt":{"rendered":"<p>Una de las citas habituales por estas fechas es la Nocturna de Celanova en esta ocasi\u00f3n ser\u00eda la XVI\u00aa edici\u00f3n. A la cita acudir\u00edan cerca de 700 atletas, de los que algo m\u00e1s de 400 participaban en la prueba absoluta, el resto se distribuia en&#8230;<\/p>\n","protected":false},"author":1,"featured_media":0,"comment_status":"closed","ping_status":"closed","sticky":false,"template":"","format":"standard","meta":{"footnotes":""},"categories":[9],"tags":[],"class_list":["post-12117","post","type-post","status-publish","format-standard","hentry","category-resultados"],"aioseo_notices":[],"_links":{"self":[{"href":"http:\/\/clubourenseatletismo.es\/blog\/wp-json\/wp\/v2\/posts\/12117","targetHints":{"allow":["GET"]}}],"collection":[{"href":"http:\/\/clubourenseatletismo.es\/blog\/wp-json\/wp\/v2\/posts"}],"about":[{"href":"http:\/\/clubourenseatletismo.es\/blog\/wp-json\/wp\/v2\/types\/post"}],"author":[{"embeddable":true,"href":"http:\/\/clubourenseatletismo.es\/blog\/wp-json\/wp\/v2\/users\/1"}],"replies":[{"embeddable":true,"href":"http:\/\/clubourenseatletismo.es\/blog\/wp-json\/wp\/v2\/comments?post=12117"}],"version-history":[{"count":2,"href":"http:\/\/clubourenseatletismo.es\/blog\/wp-json\/wp\/v2\/posts\/12117\/revisions"}],"predecessor-version":[{"id":12128,"href":"http:\/\/clubourenseatletismo.es\/blog\/wp-json\/wp\/v2\/posts\/12117\/revisions\/12128"}],"wp:attachment":[{"href":"http:\/\/clubourenseatletismo.es\/blog\/wp-json\/wp\/v2\/media?parent=12117"}],"wp:term":[{"taxonomy":"category","embeddable":true,"href":"http:\/\/clubourenseatletismo.es\/blog\/wp-json\/wp\/v2\/categories?post=12117"},{"taxonomy":"post_tag","embeddable":true,"href":"http:\/\/clubourenseatletismo.es\/blog\/wp-json\/wp\/v2\/tags?post=12117"}],"curies":[{"name":"wp","href":"https:\/\/api.w.org\/{rel}","templated":true}]}}