{"id":12114,"date":"2019-06-09T13:27:53","date_gmt":"2019-06-09T11:27:53","guid":{"rendered":"https:\/\/clubourenseatletismo.es\/blog\/?p=12114"},"modified":"2019-06-09T13:27:55","modified_gmt":"2019-06-09T11:27:55","slug":"trofeo-josefina-romero-de-marcha-atletica","status":"publish","type":"post","link":"http:\/\/clubourenseatletismo.es\/blog\/2019\/06\/09\/trofeo-josefina-romero-de-marcha-atletica\/","title":{"rendered":"TROFEO JOSEFINA ROMERO DE MARCHA ATLETICA"},"content":{"rendered":"<p><img loading=\"lazy\" decoding=\"async\" class=\" wp-image-12122 aligncenter\" src=\"https:\/\/clubourenseatletismo.es\/blog\/wp-content\/uploads\/2019\/06\/IMG_8544.jpg\" alt=\"\" width=\"417\" height=\"278\" srcset=\"http:\/\/clubourenseatletismo.es\/blog\/wp-content\/uploads\/2019\/06\/IMG_8544.jpg 519w, http:\/\/clubourenseatletismo.es\/blog\/wp-content\/uploads\/2019\/06\/IMG_8544-300x200.jpg 300w\" sizes=\"auto, (max-width: 417px) 100vw, 417px\" \/><\/p>\n<p>Ayer tuvo lugar la 33\u00aa edici\u00f3n del Gran Premio de Los Cantones de A Coru\u00f1a, organizada por la Federaci\u00f3n Galega de Atletismo, un evento que cont\u00f3 con la presencia de la \u00e9lite en esta disciplina. Prueba de la importancia de esta prueba fue el r\u00e9cord de participantes 187 hombres y 87 mujeres, por lo que la organizaci\u00f3n decidi\u00f3 separar las diversas pruebas.<\/p>\n<p>Cabe decir que esta prueba estren\u00f3 el nuevo estatus de \u00abpatrimonio mundial del atletismo\u00bb, distinci\u00f3n otorgada por la IAAF el pasado mes de marzo. Este reconocimiento solo lo ostentan cinco pruebas en el mundo: el Marat\u00f3n de Boston, el de Atenas y&nbsp; tres hist\u00f3ricas competiciones del campo a trav\u00e9s, el campeonato de cross ingl\u00e9s, el de Estados Unidos y la Cinque Mulini, de Italia.<\/p>\n<p><img loading=\"lazy\" decoding=\"async\" class=\"size-full wp-image-12121 aligncenter\" src=\"https:\/\/clubourenseatletismo.es\/blog\/wp-content\/uploads\/2019\/06\/IMG_69741.jpg\" alt=\"\" width=\"346\" height=\"231\" srcset=\"http:\/\/clubourenseatletismo.es\/blog\/wp-content\/uploads\/2019\/06\/IMG_69741.jpg 346w, http:\/\/clubourenseatletismo.es\/blog\/wp-content\/uploads\/2019\/06\/IMG_69741-300x200.jpg 300w\" sizes=\"auto, (max-width: 346px) 100vw, 346px\" \/><\/p>\n<p>Hablando ya de lo realizado por nuestros atletas desplazados a la prueba, cabe decir que con muy buenas sensaciones y con el d\u00eda propicio para la pr\u00e1ctica de la marcha varios de ellos lograr\u00edan subirse al podium en las diversas categor\u00edas en las que participaron:<\/p>\n<table style=\"width: 514px;\" width=\"456\">\n<tbody>\n<tr>\n<td style=\"width: 79.65px;\">Valent\u00edn<\/td>\n<td style=\"width: 85.65px;\">Cima<\/td>\n<td style=\"width: 62.6167px;\">In\u00e9s<\/td>\n<td style=\"text-align: center; width: 87.35px;\">10 km<\/td>\n<td style=\"width: 68px;\">Sub 23<\/td>\n<td style=\"width: 33.4px;\">1\u00aa<\/td>\n<td style=\"width: 79.5px;\">00:57.38<\/td>\n<\/tr>\n<tr>\n<td style=\"width: 79.65px;\">Varela<\/td>\n<td style=\"width: 85.65px;\">Salgado<\/td>\n<td style=\"width: 62.6167px;\">Sheila<\/td>\n<td style=\"text-align: center; width: 87.35px;\">1 km<\/td>\n<td style=\"width: 68px;\">Sub 10<\/td>\n<td style=\"width: 33.4px;\">2\u00aa<\/td>\n<td style=\"width: 79.5px;\">00:05.34<\/td>\n<\/tr>\n<tr>\n<td style=\"width: 79.65px;\">Manso<\/td>\n<td style=\"width: 85.65px;\">Delgado<\/td>\n<td style=\"width: 62.6167px;\">Brais<\/td>\n<td style=\"text-align: center; width: 87.35px;\">5&nbsp; km<\/td>\n<td style=\"width: 68px;\">Sub 16<\/td>\n<td style=\"width: 33.4px;\">2\u00ba<\/td>\n<td style=\"width: 79.5px;\">00:25.21<\/td>\n<\/tr>\n<tr>\n<td style=\"width: 79.65px;\">Quiroga<\/td>\n<td style=\"width: 85.65px;\">Pousa<\/td>\n<td style=\"width: 62.6167px;\">Marta<\/td>\n<td style=\"text-align: center; width: 87.35px;\">2&nbsp; km<\/td>\n<td style=\"width: 68px;\">Sub 12<\/td>\n<td style=\"width: 33.4px;\">3\u00aa<\/td>\n<td style=\"width: 79.5px;\">00:11.29<\/td>\n<\/tr>\n<tr>\n<td style=\"width: 79.65px;\">V\u00e1zquez<\/td>\n<td style=\"width: 85.65px;\">Gonz\u00e1lez<\/td>\n<td style=\"width: 62.6167px;\">Rita<\/td>\n<td style=\"text-align: center; width: 87.35px;\">5&nbsp; km<\/td>\n<td style=\"width: 68px;\">Sub 18<\/td>\n<td style=\"width: 33.4px;\">3\u00aa<\/td>\n<td style=\"width: 79.5px;\">00:27.05<\/td>\n<\/tr>\n<\/tbody>\n<\/table>\n<p>Cabe destacar el primer puesto obtenido por In\u00e9s Valent\u00edn en su categor\u00eda sin lugar a dudas un buen ejemplo de su recuperaci\u00f3n tras la lesi\u00f3n sufrida.<\/p>\n<p>Los otros atletas participantes que acudieron a la cita ser\u00edan:<\/p>\n<table style=\"width: 507px;\" width=\"440\">\n<tbody>\n<tr>\n<td style=\"width: 85.4833px;\">Malingre<\/td>\n<td style=\"width: 87.35px;\">S\u00e1nchez<\/td>\n<td style=\"width: 62.3833px;\">Javier<\/td>\n<td style=\"width: 78.8833px; text-align: center;\">3 km<\/td>\n<td style=\"width: 70.4167px;\">Sub 14<\/td>\n<td style=\"width: 26.15px;\">5\u00ba<\/td>\n<td style=\"width: 78.5px;\">00:16.56<\/td>\n<\/tr>\n<tr>\n<td style=\"width: 85.4833px;\">Ramos<\/td>\n<td style=\"width: 87.35px;\">Grande&nbsp;<\/td>\n<td style=\"width: 62.3833px;\">Silvia<\/td>\n<td style=\"width: 78.8833px; text-align: center;\">3 km<\/td>\n<td style=\"width: 70.4167px;\">Sub 16<\/td>\n<td style=\"width: 26.15px;\">7\u00aa<\/td>\n<td style=\"width: 78.5px;\">00:17.15<\/td>\n<\/tr>\n<tr>\n<td style=\"width: 85.4833px;\">V\u00e1zquez<\/td>\n<td style=\"width: 87.35px;\">Gonz\u00e1lez<\/td>\n<td style=\"width: 62.3833px;\">Lara<\/td>\n<td style=\"width: 78.8833px; text-align: center;\">2 km<\/td>\n<td style=\"width: 70.4167px;\">Sub 12<\/td>\n<td style=\"width: 26.15px;\">8\u00aa<\/td>\n<td style=\"width: 78.5px;\">00:12.54<\/td>\n<\/tr>\n<\/tbody>\n<\/table>\n<p>La prueba como viene siendo habitual en las pasadas ediciones cont\u00f3 con el apartado solidario. Las mam\u00e1s de los chavales que practican marcha atl\u00e9tica ten\u00edan el objetivo de colaborar con este fin demostrando con creces lo aprendido en estos meses. Estar\u00edan acompa\u00f1adas por el entrenador Javier V\u00e1zquez as\u00ed como alguno de sus pupilos.<\/p>\n<p>&nbsp;<\/p>\n<p><img loading=\"lazy\" decoding=\"async\" class=\"size-full wp-image-12120 aligncenter\" src=\"https:\/\/clubourenseatletismo.es\/blog\/wp-content\/uploads\/2019\/06\/IMG_8690.jpg\" alt=\"\" width=\"519\" height=\"346\" srcset=\"http:\/\/clubourenseatletismo.es\/blog\/wp-content\/uploads\/2019\/06\/IMG_8690.jpg 519w, http:\/\/clubourenseatletismo.es\/blog\/wp-content\/uploads\/2019\/06\/IMG_8690-300x200.jpg 300w\" sizes=\"auto, (max-width: 519px) 100vw, 519px\" \/><\/p>\n<p>&nbsp;<\/p>\n<p style=\"text-align: center;\"><a class=\"fasc-button fasc-size-medium fasc-type-glossy fasc-rounded-medium fasc-ico-before dashicons-camera\" style=\"background-color: #33809e; color: #ffffff;\" href=\"https:\/\/photos.google.com\/share\/AF1QipOMBOGw-9uofhPOiC8NBSx-rS8E5MnUOaTlXw8O3W3JYnDa3es8huzL8Dv7kbWlSw?key=QlBmaUdEUVdDVHRVdzlzSllJY0QwUzd3Y2lYNHNn\" target=\"_blank\" rel=\"noopener\">Fotos Germ\u00e1n Quiroga<\/a> <a class=\"fasc-button fasc-size-medium fasc-type-glossy fasc-rounded-medium fasc-ico-before dashicons-camera\" style=\"background-color: #33809e; color: #ffffff;\" href=\"https:\/\/drive.google.com\/drive\/folders\/14gxq0gfQe4F-rfc466JcDRggJzUzxOs4\" target=\"_blank\" rel=\"noopener\">Fotos Manuel Varela<\/a> <a class=\"fasc-button fasc-size-medium fasc-type-glossy fasc-rounded-medium ico-fa fasc-ico-before fa-trophy\" style=\"background-color: #e66903; color: #ffffff;\" href=\"https:\/\/atletismo.gal\/wp-content\/uploads\/2018\/08\/10km.pdf\" target=\"_blank\" rel=\"noopener\">Resultados 10 k<\/a> <a class=\"fasc-button fasc-size-medium fasc-type-glossy fasc-rounded-medium ico-fa fasc-ico-before fa-trophy\" style=\"background-color: #e66903; color: #ffffff;\" href=\"https:\/\/atletismo.gal\/wp-content\/uploads\/2019\/05\/marcha1.pdf\" target=\"_blank\" rel=\"noopener\">Resultados Cat. Menores<\/a><\/p>\n<p>&nbsp;<\/p>\n<p>&nbsp;<\/p>\n","protected":false},"excerpt":{"rendered":"<p>Ayer tuvo lugar la 33\u00aa edici\u00f3n del Gran Premio de Los Cantones de A Coru\u00f1a, organizada por la Federaci\u00f3n Galega de Atletismo, un evento que cont\u00f3 con la presencia de la \u00e9lite en esta disciplina. Prueba de la importancia de esta prueba fue el r\u00e9cord&#8230;<\/p>\n","protected":false},"author":1,"featured_media":0,"comment_status":"closed","ping_status":"closed","sticky":false,"template":"","format":"standard","meta":{"footnotes":""},"categories":[9],"tags":[],"class_list":["post-12114","post","type-post","status-publish","format-standard","hentry","category-resultados"],"aioseo_notices":[],"_links":{"self":[{"href":"http:\/\/clubourenseatletismo.es\/blog\/wp-json\/wp\/v2\/posts\/12114","targetHints":{"allow":["GET"]}}],"collection":[{"href":"http:\/\/clubourenseatletismo.es\/blog\/wp-json\/wp\/v2\/posts"}],"about":[{"href":"http:\/\/clubourenseatletismo.es\/blog\/wp-json\/wp\/v2\/types\/post"}],"author":[{"embeddable":true,"href":"http:\/\/clubourenseatletismo.es\/blog\/wp-json\/wp\/v2\/users\/1"}],"replies":[{"embeddable":true,"href":"http:\/\/clubourenseatletismo.es\/blog\/wp-json\/wp\/v2\/comments?post=12114"}],"version-history":[{"count":7,"href":"http:\/\/clubourenseatletismo.es\/blog\/wp-json\/wp\/v2\/posts\/12114\/revisions"}],"predecessor-version":[{"id":12127,"href":"http:\/\/clubourenseatletismo.es\/blog\/wp-json\/wp\/v2\/posts\/12114\/revisions\/12127"}],"wp:attachment":[{"href":"http:\/\/clubourenseatletismo.es\/blog\/wp-json\/wp\/v2\/media?parent=12114"}],"wp:term":[{"taxonomy":"category","embeddable":true,"href":"http:\/\/clubourenseatletismo.es\/blog\/wp-json\/wp\/v2\/categories?post=12114"},{"taxonomy":"post_tag","embeddable":true,"href":"http:\/\/clubourenseatletismo.es\/blog\/wp-json\/wp\/v2\/tags?post=12114"}],"curies":[{"name":"wp","href":"https:\/\/api.w.org\/{rel}","templated":true}]}}