{"id":12066,"date":"2019-06-03T22:07:17","date_gmt":"2019-06-03T20:07:17","guid":{"rendered":"https:\/\/clubourenseatletismo.es\/blog\/?p=12066"},"modified":"2019-06-06T10:38:09","modified_gmt":"2019-06-06T08:38:09","slug":"xxxii-campionato-de-galicia-master-en-pista-ao-aire-libre","status":"publish","type":"post","link":"http:\/\/clubourenseatletismo.es\/blog\/2019\/06\/03\/xxxii-campionato-de-galicia-master-en-pista-ao-aire-libre\/","title":{"rendered":"XXXII Campionato de Galicia M\u00e1ster en Pista ao Aire Libre"},"content":{"rendered":"<p><img loading=\"lazy\" decoding=\"async\" class=\"wp-image-12067 aligncenter\" src=\"https:\/\/clubourenseatletismo.es\/blog\/wp-content\/uploads\/2019\/06\/master-aire-libre-2-768x1024.jpg\" alt=\"\" width=\"232\" height=\"309\" srcset=\"http:\/\/clubourenseatletismo.es\/blog\/wp-content\/uploads\/2019\/06\/master-aire-libre-2-768x1024.jpg 768w, http:\/\/clubourenseatletismo.es\/blog\/wp-content\/uploads\/2019\/06\/master-aire-libre-2-225x300.jpg 225w, http:\/\/clubourenseatletismo.es\/blog\/wp-content\/uploads\/2019\/06\/master-aire-libre-2.jpg 1500w\" sizes=\"auto, (max-width: 232px) 100vw, 232px\" \/><\/p>\n<p>A F.G.A. organiza o d\u00eda 9 de xu\u00f1o o Campionato de Galicia M\u00e1ster de pista ao aire libre, nas pistas de atletismo do INEF -Bastiagueiro en A Coru\u00f1a. Poder\u00e1n intervir todos\/as aqueles\/as atletas da citada categor\u00eda que te\u00f1an cumpridos o d\u00eda da competici\u00f3n 35 ou m\u00e1is anos.<\/p>\n<p>As inscrici\u00f3ns realizaranse a trav\u00e9s do sistema online na web da RFEA&nbsp; ata as 20:00 horas do martes 4 de xu\u00f1o. L\u00e9mbrase a obrigatoriedade de especificar a data e lugar da marca nas inscrici\u00f3ns. Cada atleta s\u00f3 poder\u00e1 inscribirse nun m\u00e1ximo de 3 probas e un relevo ou 2 probas e 2 relevos.<\/p>\n<p style=\"text-align: center;\"><a class=\"fasc-button fasc-size-medium fasc-type-glossy fasc-rounded-medium fasc-ico-before dashicons-format-aside\" style=\"background-color: #218562; color: #ffffff;\" target=\"_blank\" rel=\"noopener\" href=\"https:\/\/atletismo.gal\/wp-content\/uploads\/2019\/05\/Circular-69-2019.4.pdf\">Horario<\/a> <a class=\"fasc-button fasc-size-medium fasc-type-glossy fasc-rounded-medium fasc-ico-before dashicons-groups\" style=\"background-color: #324994; color: #ffffff;\" target=\"_blank\" href=\"https:\/\/atletismo.gal\/wp-content\/uploads\/2019\/01\/insc090619.pdf\">Inscritos<\/a><\/p>\n\n\n<p><\/p>\n","protected":false},"excerpt":{"rendered":"<p>A F.G.A. organiza o d\u00eda 9 de xu\u00f1o o Campionato de Galicia M\u00e1ster de pista ao aire libre, nas pistas de atletismo do INEF -Bastiagueiro en A Coru\u00f1a. Poder\u00e1n intervir todos\/as aqueles\/as atletas da citada categor\u00eda que te\u00f1an cumpridos o d\u00eda da competici\u00f3n 35 ou&#8230;<\/p>\n","protected":false},"author":1,"featured_media":0,"comment_status":"closed","ping_status":"closed","sticky":false,"template":"","format":"standard","meta":{"footnotes":""},"categories":[7],"tags":[],"class_list":["post-12066","post","type-post","status-publish","format-standard","hentry","category-noticias"],"aioseo_notices":[],"_links":{"self":[{"href":"http:\/\/clubourenseatletismo.es\/blog\/wp-json\/wp\/v2\/posts\/12066","targetHints":{"allow":["GET"]}}],"collection":[{"href":"http:\/\/clubourenseatletismo.es\/blog\/wp-json\/wp\/v2\/posts"}],"about":[{"href":"http:\/\/clubourenseatletismo.es\/blog\/wp-json\/wp\/v2\/types\/post"}],"author":[{"embeddable":true,"href":"http:\/\/clubourenseatletismo.es\/blog\/wp-json\/wp\/v2\/users\/1"}],"replies":[{"embeddable":true,"href":"http:\/\/clubourenseatletismo.es\/blog\/wp-json\/wp\/v2\/comments?post=12066"}],"version-history":[{"count":2,"href":"http:\/\/clubourenseatletismo.es\/blog\/wp-json\/wp\/v2\/posts\/12066\/revisions"}],"predecessor-version":[{"id":12104,"href":"http:\/\/clubourenseatletismo.es\/blog\/wp-json\/wp\/v2\/posts\/12066\/revisions\/12104"}],"wp:attachment":[{"href":"http:\/\/clubourenseatletismo.es\/blog\/wp-json\/wp\/v2\/media?parent=12066"}],"wp:term":[{"taxonomy":"category","embeddable":true,"href":"http:\/\/clubourenseatletismo.es\/blog\/wp-json\/wp\/v2\/categories?post=12066"},{"taxonomy":"post_tag","embeddable":true,"href":"http:\/\/clubourenseatletismo.es\/blog\/wp-json\/wp\/v2\/tags?post=12066"}],"curies":[{"name":"wp","href":"https:\/\/api.w.org\/{rel}","templated":true}]}}