{"id":12026,"date":"2019-05-29T12:41:34","date_gmt":"2019-05-29T10:41:34","guid":{"rendered":"https:\/\/clubourenseatletismo.es\/blog\/?p=12026"},"modified":"2019-05-29T12:41:36","modified_gmt":"2019-05-29T10:41:36","slug":"vi-carreira-popular-via-nova-concello-de-bande","status":"publish","type":"post","link":"http:\/\/clubourenseatletismo.es\/blog\/2019\/05\/29\/vi-carreira-popular-via-nova-concello-de-bande\/","title":{"rendered":"VI CARREIRA POPULAR V\u00cdA NOVA \u00abCONCELLO DE BANDE\u00b4\u00b4"},"content":{"rendered":"<p><img loading=\"lazy\" decoding=\"async\" class=\"alignleft size-full wp-image-12027\" src=\"https:\/\/clubourenseatletismo.es\/blog\/wp-content\/uploads\/2019\/05\/cartel-5cda85ea5fc605.29087754.jpg\" alt=\"\" width=\"184\" height=\"260\">A Deputaci\u00f3n de Ourense xunto co Concello de Bande e a colaboraci\u00f3n da asociaci\u00f3n VII Legio Gemina, organizan a VI Carreira Popular V\u00eda Nova \u201cConcello de Bande\u201d, que ter\u00e1 lugar o pr\u00f3ximo d\u00eda 1 de xu\u00f1o do 2019, con sa\u00edda e meta na Praza da Constituci\u00f3n.<\/p>\n<p>A hora prevista da carreira ser\u00e1 para os m\u00e1is pequenos a partir das 19:00 e as diversas categor\u00edas iran saindo en intervalos de 15 minutos ata chegar a proba absoluta \u00e1s 20:30 h. As distancias van dende as categor\u00edas prebenxam\u00edn 100m. ata 8 km da categor\u00eda absoluta.<\/p>\n<p style=\"text-align: center;\"><a class=\"fasc-button fasc-size-medium fasc-type-glossy fasc-rounded-medium fasc-ico-before dashicons-groups\" style=\"background-color: #324994; color: #ffffff;\" href=\"https:\/\/championchipnorte.com\/evento\/inscribirme\/id\/1814\/vi-carreira-popular-via-nova-concello-de-bande\" target=\"_blank\" rel=\"noopener\">Inscripcions<\/a>&nbsp;<a class=\"fasc-button fasc-size-medium fasc-type-glossy fasc-rounded-medium fasc-ico-before dashicons-groups\" style=\"background-color: #324994; color: #ffffff;\" href=\"https:\/\/championchipnorte.com\/uploads\/eventos\/reglamento-5cc18b1d830743.93473829.pdf\" target=\"_blank\" rel=\"noopener\">Regulamento<\/a><\/p>\n<p>&nbsp;<\/p>\n","protected":false},"excerpt":{"rendered":"<p>A Deputaci\u00f3n de Ourense xunto co Concello de Bande e a colaboraci\u00f3n da asociaci\u00f3n VII Legio Gemina, organizan a VI Carreira Popular V\u00eda Nova \u201cConcello de Bande\u201d, que ter\u00e1 lugar o pr\u00f3ximo d\u00eda 1 de xu\u00f1o do 2019, con sa\u00edda e meta na Praza da&#8230;<\/p>\n","protected":false},"author":1,"featured_media":0,"comment_status":"closed","ping_status":"closed","sticky":false,"template":"","format":"standard","meta":{"footnotes":""},"categories":[7],"tags":[],"class_list":["post-12026","post","type-post","status-publish","format-standard","hentry","category-noticias"],"aioseo_notices":[],"_links":{"self":[{"href":"http:\/\/clubourenseatletismo.es\/blog\/wp-json\/wp\/v2\/posts\/12026","targetHints":{"allow":["GET"]}}],"collection":[{"href":"http:\/\/clubourenseatletismo.es\/blog\/wp-json\/wp\/v2\/posts"}],"about":[{"href":"http:\/\/clubourenseatletismo.es\/blog\/wp-json\/wp\/v2\/types\/post"}],"author":[{"embeddable":true,"href":"http:\/\/clubourenseatletismo.es\/blog\/wp-json\/wp\/v2\/users\/1"}],"replies":[{"embeddable":true,"href":"http:\/\/clubourenseatletismo.es\/blog\/wp-json\/wp\/v2\/comments?post=12026"}],"version-history":[{"count":3,"href":"http:\/\/clubourenseatletismo.es\/blog\/wp-json\/wp\/v2\/posts\/12026\/revisions"}],"predecessor-version":[{"id":12030,"href":"http:\/\/clubourenseatletismo.es\/blog\/wp-json\/wp\/v2\/posts\/12026\/revisions\/12030"}],"wp:attachment":[{"href":"http:\/\/clubourenseatletismo.es\/blog\/wp-json\/wp\/v2\/media?parent=12026"}],"wp:term":[{"taxonomy":"category","embeddable":true,"href":"http:\/\/clubourenseatletismo.es\/blog\/wp-json\/wp\/v2\/categories?post=12026"},{"taxonomy":"post_tag","embeddable":true,"href":"http:\/\/clubourenseatletismo.es\/blog\/wp-json\/wp\/v2\/tags?post=12026"}],"curies":[{"name":"wp","href":"https:\/\/api.w.org\/{rel}","templated":true}]}}