{"id":12005,"date":"2019-05-27T16:20:43","date_gmt":"2019-05-27T14:20:43","guid":{"rendered":"https:\/\/clubourenseatletismo.es\/blog\/?p=12005"},"modified":"2019-05-27T16:20:45","modified_gmt":"2019-05-27T14:20:45","slug":"ruben-diz-subcampeon-de-espana","status":"publish","type":"post","link":"http:\/\/clubourenseatletismo.es\/blog\/2019\/05\/27\/ruben-diz-subcampeon-de-espana\/","title":{"rendered":"Rub\u00e9n Diz subcampe\u00f3n de Espa\u00f1a"},"content":{"rendered":"<p><img loading=\"lazy\" decoding=\"async\" class=\" wp-image-12006 aligncenter\" src=\"https:\/\/clubourenseatletismo.es\/blog\/wp-content\/uploads\/2019\/05\/didz.jpg\" alt=\"\" width=\"415\" height=\"311\" srcset=\"http:\/\/clubourenseatletismo.es\/blog\/wp-content\/uploads\/2019\/05\/didz.jpg 960w, http:\/\/clubourenseatletismo.es\/blog\/wp-content\/uploads\/2019\/05\/didz-300x225.jpg 300w, http:\/\/clubourenseatletismo.es\/blog\/wp-content\/uploads\/2019\/05\/didz-768x575.jpg 768w\" sizes=\"auto, (max-width: 415px) 100vw, 415px\" \/><\/p>\n<p>Los Concellos de Cari\u00f1o y Ortigueira albergaron el pasado d\u00eda 25 , el Campeonato de Espa\u00f1a m\u00e1ster de media marat\u00f3n y el Campeonato de Galicia Absoluto de media marat\u00f3n Ortegal 21K.<\/p>\n<p>La carrera tuvo un recorrido de 21 kil\u00f3metros, con salida en Ortigueira, mientras que la meta estar\u00eda situada en Cari\u00f1o. Nuestros colores estar\u00edan representados por dos atletas Rub\u00e9n Diz y Jos\u00e9 Benito G\u00f3mez.<\/p>\n<p>&nbsp;<\/p>\n<table width=\"672\">\n<tbody>\n<tr>\n<td width=\"52\">Diz<\/td>\n<td width=\"37\">D\u00edaz<\/td>\n<td width=\"80\">Rub\u00e9n<\/td>\n<td width=\"315\">37\u00ba Campeonato de Espa\u00f1a M\u00e1ster de Medio Marat\u00f3n<\/td>\n<td width=\"66\">M\u00e1ster 40<\/td>\n<td width=\"42\">2\u00ba<\/td>\n<td width=\"80\">1:13:36<\/td>\n<\/tr>\n<tr>\n<td>&nbsp;<\/td>\n<td>&nbsp;<\/td>\n<td>&nbsp;<\/td>\n<td>29\u00ba Campionato de Galicia de Medio Marat\u00f3n<\/td>\n<td>&nbsp;<\/td>\n<td>1\u00ba<\/td>\n<td>1:13:36<\/td>\n<\/tr>\n<tr>\n<td>G\u00f3mez<\/td>\n<td>L\u00f3pez<\/td>\n<td>Jos\u00e9 Benito<\/td>\n<td>37\u00ba Campeonato de Espa\u00f1a M\u00e1ster de Medio Marat\u00f3n<\/td>\n<td>M\u00e1ster 55<\/td>\n<td>5\u00ba<\/td>\n<td>1:26:52<\/td>\n<\/tr>\n<tr>\n<td>&nbsp;<\/td>\n<td>&nbsp;<\/td>\n<td>&nbsp;<\/td>\n<td>29\u00ba Campionato de Galicia de Medio Marat\u00f3n<\/td>\n<td>&nbsp;<\/td>\n<td>2\u00ba<\/td>\n<td>1:26:52<\/td>\n<\/tr>\n<\/tbody>\n<\/table>\n<p style=\"text-align: center;\"><a class=\"fasc-button fasc-size-medium fasc-type-glossy fasc-rounded-medium ico-fa fasc-ico-before fa-trophy\" style=\"background-color: #e66903; color: #ffffff;\" target=\"_blank\" href=\"https:\/\/atletismo.gal\/wp-content\/uploads\/2019\/04\/2.Resultados-ORTEGAL-21K-XXII-CAMPIONATO-DE-GALICIA-DE-MEDIO-MARAT%C3%93N-CTO.-DE-ESPA%C3%91A-M%C3%81STER.pdf\">Resultados<\/a><\/p>\n<p style=\"text-align: center;\">&nbsp;<\/p>\n\n\n<p><\/p>\n","protected":false},"excerpt":{"rendered":"<p>Los Concellos de Cari\u00f1o y Ortigueira albergaron el pasado d\u00eda 25 , el Campeonato de Espa\u00f1a m\u00e1ster de media marat\u00f3n y el Campeonato de Galicia Absoluto de media marat\u00f3n Ortegal 21K. La carrera tuvo un recorrido de 21 kil\u00f3metros, con salida en Ortigueira, mientras que&#8230;<\/p>\n","protected":false},"author":1,"featured_media":0,"comment_status":"closed","ping_status":"closed","sticky":false,"template":"","format":"standard","meta":{"footnotes":""},"categories":[9],"tags":[],"class_list":["post-12005","post","type-post","status-publish","format-standard","hentry","category-resultados"],"aioseo_notices":[],"_links":{"self":[{"href":"http:\/\/clubourenseatletismo.es\/blog\/wp-json\/wp\/v2\/posts\/12005","targetHints":{"allow":["GET"]}}],"collection":[{"href":"http:\/\/clubourenseatletismo.es\/blog\/wp-json\/wp\/v2\/posts"}],"about":[{"href":"http:\/\/clubourenseatletismo.es\/blog\/wp-json\/wp\/v2\/types\/post"}],"author":[{"embeddable":true,"href":"http:\/\/clubourenseatletismo.es\/blog\/wp-json\/wp\/v2\/users\/1"}],"replies":[{"embeddable":true,"href":"http:\/\/clubourenseatletismo.es\/blog\/wp-json\/wp\/v2\/comments?post=12005"}],"version-history":[{"count":4,"href":"http:\/\/clubourenseatletismo.es\/blog\/wp-json\/wp\/v2\/posts\/12005\/revisions"}],"predecessor-version":[{"id":12010,"href":"http:\/\/clubourenseatletismo.es\/blog\/wp-json\/wp\/v2\/posts\/12005\/revisions\/12010"}],"wp:attachment":[{"href":"http:\/\/clubourenseatletismo.es\/blog\/wp-json\/wp\/v2\/media?parent=12005"}],"wp:term":[{"taxonomy":"category","embeddable":true,"href":"http:\/\/clubourenseatletismo.es\/blog\/wp-json\/wp\/v2\/categories?post=12005"},{"taxonomy":"post_tag","embeddable":true,"href":"http:\/\/clubourenseatletismo.es\/blog\/wp-json\/wp\/v2\/tags?post=12005"}],"curies":[{"name":"wp","href":"https:\/\/api.w.org\/{rel}","templated":true}]}}