{"id":11815,"date":"2019-05-13T10:16:35","date_gmt":"2019-05-13T08:16:35","guid":{"rendered":"https:\/\/clubourenseatletismo.es\/blog\/?p=11815"},"modified":"2019-05-15T11:14:36","modified_gmt":"2019-05-15T09:14:36","slug":"control-marcas-o-barco","status":"publish","type":"post","link":"http:\/\/clubourenseatletismo.es\/blog\/2019\/05\/13\/control-marcas-o-barco\/","title":{"rendered":"Control Marcas O Barco"},"content":{"rendered":"<p><img loading=\"lazy\" decoding=\"async\" class=\"wp-image-11811 aligncenter\" src=\"https:\/\/clubourenseatletismo.es\/blog\/wp-content\/uploads\/2019\/05\/IMG_20190511_184435-1024x768.jpg\" alt=\"\" width=\"371\" height=\"278\" srcset=\"http:\/\/clubourenseatletismo.es\/blog\/wp-content\/uploads\/2019\/05\/IMG_20190511_184435-1024x768.jpg 1024w, http:\/\/clubourenseatletismo.es\/blog\/wp-content\/uploads\/2019\/05\/IMG_20190511_184435-300x225.jpg 300w, http:\/\/clubourenseatletismo.es\/blog\/wp-content\/uploads\/2019\/05\/IMG_20190511_184435-768x576.jpg 768w\" sizes=\"auto, (max-width: 371px) 100vw, 371px\" \/><\/p>\n<h6 class=\"entry-title\">III Control de Marcas \u2013 Valdeorras<\/h6>\n<p class=\"entry-title\">Varios atletas quisieron acercarse hasta la vecina localidad de O Barco de Valdeorras aprovechando la disputa del programa deportivo Xogade para mejorar sus marcas personales, de cara a su participaci\u00f3n el pr\u00f3ximo 17 de mayo en el Campeonato Gallego.<\/p>\n<table width=\"565\">\n<tbody>\n<tr>\n<td width=\"98\">Blanco<\/td>\n<td width=\"88\">Migu\u00e9lez<\/td>\n<td width=\"90\">Manuela<\/td>\n<td width=\"119\">Salto Longitud<\/td>\n<td width=\"61\">Sub 14<\/td>\n<td width=\"29\">1\u00aa<\/td>\n<td width=\"80\">4.26 mts<\/td>\n<\/tr>\n<tr>\n<td width=\"98\">&nbsp;<\/td>\n<td>&nbsp;<\/td>\n<td>&nbsp;<\/td>\n<td>500 mts<\/td>\n<td>&nbsp;<\/td>\n<td>3\u00aa<\/td>\n<td>01:42.19<\/td>\n<\/tr>\n<tr>\n<td>Malingre<\/td>\n<td>S\u00e1nchez<\/td>\n<td>Javier<\/td>\n<td>L. Disco 800 g<\/td>\n<td>&nbsp;<\/td>\n<td>1\u00ba<\/td>\n<td>23.81 mts<\/td>\n<\/tr>\n<tr>\n<td>&nbsp;<\/td>\n<td>&nbsp;<\/td>\n<td>&nbsp;<\/td>\n<td>500 mts<\/td>\n<td>&nbsp;<\/td>\n<td>2\u00ba<\/td>\n<td>01:35.40<\/td>\n<\/tr>\n<tr>\n<td>&nbsp;<\/td>\n<td>&nbsp;<\/td>\n<td>&nbsp;<\/td>\n<td>L. Peso 3 kg<\/td>\n<td>&nbsp;<\/td>\n<td>2\u00ba<\/td>\n<td>6.90 mts<\/td>\n<\/tr>\n<tr>\n<td width=\"98\">M\u00edguez<\/td>\n<td>Seara<\/td>\n<td>Sabela<\/td>\n<td>500 mts<\/td>\n<td>&nbsp;<\/td>\n<td>1\u00aa<\/td>\n<td>01:33.67<\/td>\n<\/tr>\n<tr>\n<td width=\"98\">&nbsp;<\/td>\n<td>&nbsp;<\/td>\n<td>&nbsp;<\/td>\n<td>80 mts<\/td>\n<td>&nbsp;<\/td>\n<td>1\u00aa<\/td>\n<td>00:11.39<\/td>\n<\/tr>\n<tr>\n<td width=\"98\">Salgado<\/td>\n<td>Rodr\u00edguez<\/td>\n<td>Kiara<\/td>\n<td>80 vall (0,762)<\/td>\n<td>&nbsp;<\/td>\n<td>2\u00aa<\/td>\n<td>00:16.15<\/td>\n<\/tr>\n<tr>\n<td width=\"98\">&nbsp;<\/td>\n<td>&nbsp;<\/td>\n<td>&nbsp;<\/td>\n<td>80 mts<\/td>\n<td>&nbsp;<\/td>\n<td>2\u00aa<\/td>\n<td>00:11.49<\/td>\n<\/tr>\n<tr>\n<td>Trillo<\/td>\n<td>Garc\u00eda<\/td>\n<td>Javier<\/td>\n<td>500 mts<\/td>\n<td>&nbsp;<\/td>\n<td>1\u00ba<\/td>\n<td>01:25.61<\/td>\n<\/tr>\n<tr>\n<td>&nbsp;<\/td>\n<td>&nbsp;<\/td>\n<td>&nbsp;<\/td>\n<td>80 mts<\/td>\n<td>&nbsp;<\/td>\n<td>2\u00ba<\/td>\n<td>00:10.99<\/td>\n<\/tr>\n<tr>\n<td>&nbsp;<\/td>\n<td>&nbsp;<\/td>\n<td>&nbsp;<\/td>\n<td>Salto Longitud<\/td>\n<td>&nbsp;<\/td>\n<td>3\u00ba<\/td>\n<td>4.49 mts<\/td>\n<\/tr>\n<\/tbody>\n<\/table>\n<p>&nbsp;<\/p>\n<p>Destacar tambi\u00e9n que<strong> Blanca Pereira<\/strong> acud\u00eda a esta competici\u00f3n con el objetivo de conseguir la m\u00ednima nacional en el Lanzamiento de Martillo de 3 kg, objetivo que consegu\u00eda al alcanzar la distancia de 40.85 mts.<\/p>\n<p style=\"text-align: center;\"><a class=\"fasc-button fasc-size-medium fasc-type-glossy fasc-rounded-medium ico-fa fasc-ico-before fa-trophy\" style=\"background-color: #e66903; color: #ffffff;\" target=\"_blank\" rel=\"noopener\" href=\"https:\/\/atletismo.gal\/wp-content\/uploads\/2019\/05\/rob110519.pdf\">Resultados<\/a>&nbsp;<a class=\"fasc-button fasc-size-medium fasc-type-glossy fasc-rounded-medium ico-fa fasc-ico-before fa-trophy\" style=\"background-color: #e66903; color: #ffffff;\" target=\"_blank\" rel=\"noopener\" href=\"https:\/\/atletismo.gal\/wp-content\/uploads\/2019\/02\/roba110519.pdf\">Resultados Xogade<\/a><\/p>\n<h6 class=\"entry-title\">VIII Trofeo Marineda Atl\u00e9tico \u2013 I Memorial Jos\u00e9 Area<\/h6>\n<p>La senior Whitney Rodriguez&nbsp; lograba en esta competici\u00f3n ser 2\u00aa en su categor\u00eda en la prueba de los 100 mts con un registro de 16.26.<\/p>\n<p style=\"text-align: center;\">&nbsp;<a class=\"fasc-button fasc-size-medium fasc-type-glossy fasc-rounded-medium ico-fa fasc-ico-before fa-trophy\" style=\"background-color: #e66903; color: #ffffff;\" target=\"_blank\" rel=\"noopener\" href=\"https:\/\/atletismo.gal\/wp-content\/uploads\/2019\/04\/rc100519.pdf\">Resultados<\/a><\/p>\n","protected":false},"excerpt":{"rendered":"<p>III Control de Marcas \u2013 Valdeorras Varios atletas quisieron acercarse hasta la vecina localidad de O Barco de Valdeorras aprovechando la disputa del programa deportivo Xogade para mejorar sus marcas personales, de cara a su participaci\u00f3n el pr\u00f3ximo 17 de mayo en el Campeonato Gallego&#8230;.<\/p>\n","protected":false},"author":1,"featured_media":0,"comment_status":"closed","ping_status":"closed","sticky":false,"template":"","format":"standard","meta":{"footnotes":""},"categories":[9],"tags":[],"class_list":["post-11815","post","type-post","status-publish","format-standard","hentry","category-resultados"],"aioseo_notices":[],"_links":{"self":[{"href":"http:\/\/clubourenseatletismo.es\/blog\/wp-json\/wp\/v2\/posts\/11815","targetHints":{"allow":["GET"]}}],"collection":[{"href":"http:\/\/clubourenseatletismo.es\/blog\/wp-json\/wp\/v2\/posts"}],"about":[{"href":"http:\/\/clubourenseatletismo.es\/blog\/wp-json\/wp\/v2\/types\/post"}],"author":[{"embeddable":true,"href":"http:\/\/clubourenseatletismo.es\/blog\/wp-json\/wp\/v2\/users\/1"}],"replies":[{"embeddable":true,"href":"http:\/\/clubourenseatletismo.es\/blog\/wp-json\/wp\/v2\/comments?post=11815"}],"version-history":[{"count":9,"href":"http:\/\/clubourenseatletismo.es\/blog\/wp-json\/wp\/v2\/posts\/11815\/revisions"}],"predecessor-version":[{"id":11845,"href":"http:\/\/clubourenseatletismo.es\/blog\/wp-json\/wp\/v2\/posts\/11815\/revisions\/11845"}],"wp:attachment":[{"href":"http:\/\/clubourenseatletismo.es\/blog\/wp-json\/wp\/v2\/media?parent=11815"}],"wp:term":[{"taxonomy":"category","embeddable":true,"href":"http:\/\/clubourenseatletismo.es\/blog\/wp-json\/wp\/v2\/categories?post=11815"},{"taxonomy":"post_tag","embeddable":true,"href":"http:\/\/clubourenseatletismo.es\/blog\/wp-json\/wp\/v2\/tags?post=11815"}],"curies":[{"name":"wp","href":"https:\/\/api.w.org\/{rel}","templated":true}]}}