{"id":1170,"date":"2013-05-26T08:36:56","date_gmt":"2013-05-26T06:36:56","guid":{"rendered":"http:\/\/clubourenseatletismo.es\/blog\/?p=1170"},"modified":"2013-05-29T13:18:03","modified_gmt":"2013-05-29T11:18:03","slug":"cuatro-medallas-en-el-gallego-infantil","status":"publish","type":"post","link":"http:\/\/clubourenseatletismo.es\/blog\/2013\/05\/26\/cuatro-medallas-en-el-gallego-infantil\/","title":{"rendered":"Cuatro medallas en el Gallego Infantil"},"content":{"rendered":"<div id=\"attachment_1165\" style=\"width: 220px\" class=\"wp-caption alignleft\"><img loading=\"lazy\" decoding=\"async\" aria-describedby=\"caption-attachment-1165\" class=\" wp-image-1165\" alt=\"\" src=\"http:\/\/clubourenseatletismo.es\/blog\/wp-content\/uploads\/2013\/05\/IMG_2149.jpg\" width=\"210\" height=\"316\" \/><p id=\"caption-attachment-1165\" class=\"wp-caption-text\">Itz\u00edar Manso, oro en 3000m<\/p><\/div>\n<p style=\"text-align: justify;\">En jornada de tarde se disput\u00f3 ayer en las pistas Gregorio P\u00e9rez Rivera de Lugo el <strong><span style=\"text-decoration: underline;\"><span style=\"color: #000000; text-decoration: underline;\">Campeonato Gallego Escolar Infantil de pista<\/span><\/span><\/strong>. La jornada depar\u00f3 para nuestros intereses un total de 4 medallas, una de ellas de oro, otra de plata y dos bronces. Dos fueron las atletas protagonistas en la pista: por un lado, la fondista <strong><span style=\"color: #0000ff;\">Itz\u00edar Manso<\/span><\/strong>, que se colg\u00f3 el oro de los 3000 metros lisos en una carrera magn\u00edfica, controlando la cabeza en todo momento desde los primeros metros, y acabando con un fuerte tir\u00f3n en los \u00faltimos 400 metros que le dio una gran victoria con un crono de 11:51.60. La otra gran protagonista fue <strong><span style=\"color: #0000ff;\">Sheila Gon\u00e7alves<\/span><\/strong>, quien acab\u00f3 la competici\u00f3n con tres medallas. Logr\u00f3 dos bronces en 80 y 150 metros, con tiempos respectivos de 10.73 en 80 metros (10.72 en semifinal) y 20.33 en 150 metros (20.19 en semifinal), y una plata en el salto de altura, ya con un gran cansancio, con un mejor intento de 1,41 metros.<\/p>\n<p style=\"text-align: justify;\">Del resto de nuestros atletas, mala suerte para <strong><span style=\"color: #0000ff;\">Mat\u00edas Vesprini<\/span><\/strong>, que part\u00eda como favorito al podium en 80 metros y la longitud, pero que tuvo que conformarse en ambas pruebas con el cuarto puesto. En la longitud tuvo que marcharse antes de completar los \u00faltimos dos saltos (en los que perdi\u00f3 la medalla que ten\u00eda en ese momento), y en los 80 metros hasta cuatro salidas falsas le desconcentraron, partiendo con retraso y qued\u00e1ndose a escasamente 4 cent\u00e9simas del bronce y a 7 de la plata. Del oro le separaron solamente 15 cent\u00e9simas. Otro atleta que se qued\u00f3 a las puertas del podio fue <strong><span style=\"color: #0000ff;\">Angel V\u00e1zquez<\/span><\/strong> en la prueba de los 1000 metros: cuarto puesto tambi\u00e9n para \u00e9l, dando la sensaci\u00f3n de haber podido intentar la lucha por el bronce.<\/p>\n<p style=\"text-align: justify;\"><strong><span style=\"color: #0000ff;\">Isla V\u00e1zquez<\/span> <\/strong>acab\u00f3 la prueba de 500 metros en puesto de finalista (7\u00aa), siendo 13\u00aa en el triple; <span style=\"color: #0000ff;\"><strong>Mar\u00eda N\u00f3voa<\/strong> <\/span>logr\u00f3 el 10\u00ba puesto en los 1000 metros; <span style=\"color: #0000ff;\"><strong>Laura Feij\u00f3o<\/strong> <\/span>fue 12\u00aa en el salto de longitud, mismo puesto que <strong><span style=\"color: #0000ff;\">Arantxa P\u00e9rez<\/span> <\/strong>en el triple salto, no pudiendo clasificarse para la final de 220 vallas; y <span style=\"color: #0000ff;\"><strong>Jimena Salgado<\/strong> <\/span>fue 13\u00aa en los 500 metros.<\/p>\n<p style=\"text-align: justify;\">[<a href=\"http:\/\/www.atletismogalego.com\/Resultados201213\/Lugo\/l250513.pdf\" target=\"_blank\"><span style=\"color: #800000;\">Resultados<\/span><\/a>] [<a href=\"https:\/\/plus.google.com\/u\/0\/photos\/102514194102470437069\/albums\/5882661518620258529\" target=\"_blank\"><span style=\"color: #800000;\"><strong>FOTOS<\/strong><\/span><\/a>]<\/p>\n<h3 style=\"text-align: justify;\"><span style=\"text-decoration: underline; color: #000000;\">NACIONAL CSD CADETE<\/span><\/h3>\n<p style=\"text-align: justify;\">Tambi\u00e9n ten\u00edamos en la jornada de ayer presencia con la Selecci\u00f3n Gallega cadete en M\u00e1laga. Se disput\u00f3 all\u00ed el <span style=\"text-decoration: underline;\"><strong><span style=\"color: #000000; text-decoration: underline;\">Campeonato de Espa\u00f1a Cadete CSD por Selecciones Auton\u00f3micas<\/span><\/strong><\/span>. El combinado masculino se clasific\u00f3 en quinto lugar, mientras el femenino lo hizo en el cuarto puesto. Nuestra aportaci\u00f3n fue de un atleta por combinado, logrando <strong><span style=\"color: #0000ff;\">Elena Freir\u00eda<\/span> <\/strong>el 10\u00ba puesto en el salto de longitud con un mejor intento de 4,65 metros y viento contrario (solo logr\u00f3 un intento v\u00e1lido), mientras que en el equipo masculino <strong><span style=\"color: #0000ff;\">Josu Landa<\/span> <\/strong>tom\u00f3 parte en los 300 metros, siendo s\u00e9ptimo en su serie y logrando un crono de 39.89 segundos, a poco m\u00e1s de 10 cent\u00e9simas de su mejor marca personal. Ambos tomaron parte tambi\u00e9n en las pruebas de relevos, Elena en el 4&#215;100 femenino, y Josu en el 4&#215;300 masculino.<\/p>\n<p style=\"text-align: center;\"><img loading=\"lazy\" decoding=\"async\" class=\" wp-image-1189 alignnone\" title=\"Elena Freir\u00eda\" alt=\"\" src=\"http:\/\/clubourenseatletismo.es\/blog\/wp-content\/uploads\/2013\/05\/Elena.jpg\" width=\"226\" height=\"409\" srcset=\"http:\/\/clubourenseatletismo.es\/blog\/wp-content\/uploads\/2013\/05\/Elena.jpg 314w, http:\/\/clubourenseatletismo.es\/blog\/wp-content\/uploads\/2013\/05\/Elena-166x300.jpg 166w\" sizes=\"auto, (max-width: 226px) 100vw, 226px\" \/> \u00a0 \u00a0 <img loading=\"lazy\" decoding=\"async\" class=\" wp-image-1190  alignnone\" title=\"Josu Landa\" alt=\"\" src=\"http:\/\/clubourenseatletismo.es\/blog\/wp-content\/uploads\/2013\/05\/Josu.jpg\" width=\"226\" height=\"409\" srcset=\"http:\/\/clubourenseatletismo.es\/blog\/wp-content\/uploads\/2013\/05\/Josu.jpg 314w, http:\/\/clubourenseatletismo.es\/blog\/wp-content\/uploads\/2013\/05\/Josu-166x300.jpg 166w\" sizes=\"auto, (max-width: 226px) 100vw, 226px\" \/><\/p>\n<p>[<a href=\"http:\/\/resultados.rfea.es\/2013\/resultados\/airelibre\/al_escolar_cadeteCSD.pdf\" target=\"_blank\"><span style=\"color: #800000;\">Resultados<\/span><\/a>]\u00a0 [<a href=\"https:\/\/plus.google.com\/photos\/103409086573837916405\/albums\/5882105585353053121?banner=pwa\" target=\"_blank\"><span style=\"color: #800000;\">Fotos 1<\/span><\/a>]\u00a0 [<a href=\"https:\/\/plus.google.com\/photos\/103409086573837916405\/albums\/5882228752081729473?banner=pwa\" target=\"_blank\"><span style=\"color: #800000;\">Fotos 2<\/span><\/a>]\u00a0 [<a href=\"https:\/\/plus.google.com\/photos\/103409086573837916405\/albums\/5882261070137220241?banner=pwa\" target=\"_blank\"><span style=\"color: #800000;\">Fotos 3<\/span><\/a>] (<em>Fotos<\/em> \u00a9<em> Antonio Pel\u00e1ez &#8211; Web RFEA<\/em>)<\/p>\n","protected":false},"excerpt":{"rendered":"<p>En jornada de tarde se disput\u00f3 ayer en las pistas Gregorio P\u00e9rez Rivera de Lugo el Campeonato Gallego Escolar Infantil de pista. La jornada depar\u00f3 para nuestros intereses un total de 4 medallas, una de ellas de oro, otra de plata y dos bronces. Dos&#8230;<\/p>\n","protected":false},"author":1,"featured_media":0,"comment_status":"closed","ping_status":"closed","sticky":false,"template":"","format":"standard","meta":{"footnotes":""},"categories":[12,11,6,9],"tags":[],"class_list":["post-1170","post","type-post","status-publish","format-standard","hentry","category-cpto-gallego","category-cpto-nacional","category-escuela","category-resultados"],"aioseo_notices":[],"_links":{"self":[{"href":"http:\/\/clubourenseatletismo.es\/blog\/wp-json\/wp\/v2\/posts\/1170","targetHints":{"allow":["GET"]}}],"collection":[{"href":"http:\/\/clubourenseatletismo.es\/blog\/wp-json\/wp\/v2\/posts"}],"about":[{"href":"http:\/\/clubourenseatletismo.es\/blog\/wp-json\/wp\/v2\/types\/post"}],"author":[{"embeddable":true,"href":"http:\/\/clubourenseatletismo.es\/blog\/wp-json\/wp\/v2\/users\/1"}],"replies":[{"embeddable":true,"href":"http:\/\/clubourenseatletismo.es\/blog\/wp-json\/wp\/v2\/comments?post=1170"}],"version-history":[{"count":0,"href":"http:\/\/clubourenseatletismo.es\/blog\/wp-json\/wp\/v2\/posts\/1170\/revisions"}],"wp:attachment":[{"href":"http:\/\/clubourenseatletismo.es\/blog\/wp-json\/wp\/v2\/media?parent=1170"}],"wp:term":[{"taxonomy":"category","embeddable":true,"href":"http:\/\/clubourenseatletismo.es\/blog\/wp-json\/wp\/v2\/categories?post=1170"},{"taxonomy":"post_tag","embeddable":true,"href":"http:\/\/clubourenseatletismo.es\/blog\/wp-json\/wp\/v2\/tags?post=1170"}],"curies":[{"name":"wp","href":"https:\/\/api.w.org\/{rel}","templated":true}]}}