{"id":11630,"date":"2019-04-28T23:01:29","date_gmt":"2019-04-28T21:01:29","guid":{"rendered":"https:\/\/clubourenseatletismo.es\/blog\/?p=11630"},"modified":"2019-05-01T19:10:18","modified_gmt":"2019-05-01T17:10:18","slug":"ourense-atletismo-entre-los-8-mejores-de-galicia","status":"publish","type":"post","link":"http:\/\/clubourenseatletismo.es\/blog\/2019\/04\/28\/ourense-atletismo-entre-los-8-mejores-de-galicia\/","title":{"rendered":"Ourense Atletismo entre los 8 mejores de Galicia."},"content":{"rendered":"<p><img loading=\"lazy\" decoding=\"async\" class=\" wp-image-11631 aligncenter\" src=\"https:\/\/clubourenseatletismo.es\/blog\/wp-content\/uploads\/2019\/04\/IMG-20190428-WA0001-1024x768.jpg\" alt=\"\" width=\"569\" height=\"427\" srcset=\"http:\/\/clubourenseatletismo.es\/blog\/wp-content\/uploads\/2019\/04\/IMG-20190428-WA0001-1024x768.jpg 1024w, http:\/\/clubourenseatletismo.es\/blog\/wp-content\/uploads\/2019\/04\/IMG-20190428-WA0001-300x225.jpg 300w, http:\/\/clubourenseatletismo.es\/blog\/wp-content\/uploads\/2019\/04\/IMG-20190428-WA0001-768x576.jpg 768w, http:\/\/clubourenseatletismo.es\/blog\/wp-content\/uploads\/2019\/04\/IMG-20190428-WA0001.jpg 1600w\" sizes=\"auto, (max-width: 569px) 100vw, 569px\" \/><\/p>\n<p>La celebraci\u00f3n ayer del <strong>XXI Campeonato de Galicia de Clubs<\/strong> al Aire libre en las pistas de A Malata de Ferrol mostrar\u00eda el estado de forma de los principales clubs de la comunidad.&nbsp; Cabe decir que a pesar de la multitud de convenios y filiaciones que se producen todos los a\u00f1os, nuestro club ha sido capaz de posicionarse entre los mejores de Galicia contando \u00fanicamente con los atletas que militan en nuestras filas.<\/p>\n<p>Adem\u00e1s a la hora de comentar los resultados obtenidos en esta importantisima cita debemos tener en cuenta que tanto en la competici\u00f3n masculina como la femenina nos hemos vistos obligados a dejar algunas pruebas desiertas debido a circunstancias ajenas a nosotros.<\/p>\n<p><img loading=\"lazy\" decoding=\"async\" class=\"wp-image-11637 aligncenter\" src=\"https:\/\/clubourenseatletismo.es\/blog\/wp-content\/uploads\/2019\/04\/IMG-20190428-WA0000-1024x683.jpg\" alt=\"\" width=\"376\" height=\"251\" srcset=\"http:\/\/clubourenseatletismo.es\/blog\/wp-content\/uploads\/2019\/04\/IMG-20190428-WA0000-1024x683.jpg 1024w, http:\/\/clubourenseatletismo.es\/blog\/wp-content\/uploads\/2019\/04\/IMG-20190428-WA0000-300x200.jpg 300w, http:\/\/clubourenseatletismo.es\/blog\/wp-content\/uploads\/2019\/04\/IMG-20190428-WA0000-768x512.jpg 768w, http:\/\/clubourenseatletismo.es\/blog\/wp-content\/uploads\/2019\/04\/IMG-20190428-WA0000.jpg 1599w\" sizes=\"auto, (max-width: 376px) 100vw, 376px\" \/><\/p>\n<p>Por otra parte y buena prueba del trabajo de base que se viene desarrollando los ultimos a\u00f1os hemos incluido en la competici\u00f3n a atletas de la categor\u00eda cadete que con gran emoci\u00f3n y mucha valent\u00eda han estado defendiendo nuestros colores ante rivales m\u00e1s veteranos y a priori mucho m\u00e1s fuertes.<\/p>\n<p>Hemos sido el \u00fanico equipo orensano que ha conseguido clasificarse y competir en ambas categor\u00edas. Por lo que el principal de nuestros objetivos est\u00e1 cumplido. Este joven equipo seguro que pr\u00f3ximas citas estar\u00e1 en lo m\u00e1s alto del panorama atl\u00e9tico gallego.<\/p>\n<p><em>Agradeciendo el enorme trabajo realizado por todos los integrantes de esta expedici\u00f3n<\/em>, es destacable la marca alncanzda por <strong>Ant\u00eda Castro<\/strong> quien lograr\u00eda la m\u00ednina en la prueba de los 800 mts (02:20.91).<\/p>\n<p>Por \u00faltimo destacar el segundo puesto alcanzado por <strong>In\u00e9s Valent\u00edn<\/strong> en los 5 km marcha, as\u00ed como los cuartos puestos de Alex Fornos en los 800 mts, Brais Manso en los 5km marcha, Ant\u00eda Castro en los 800 mts, Alicia Ramos en el salto de altura. &nbsp;<\/p>\n<p style=\"text-align: center;\"><a class=\"fasc-button fasc-size-medium fasc-type-glossy fasc-rounded-medium ico-fa fasc-ico-before fa-trophy\" style=\"background-color: #e66903; color: #ffffff;\" target=\"_blank\" rel=\"noopener\" href=\"https:\/\/atletismo.gal\/wp-content\/uploads\/2019\/01\/rfe270419.pdf\">Resultados<\/a>&nbsp;<a class=\"fasc-button fasc-size-medium fasc-type-glossy fasc-rounded-medium fasc-ico-before dashicons-camera\" style=\"background-color: #33809e; color: #ffffff;\" target=\"_blank\" href=\"https:\/\/www.dropbox.com\/sh\/lhvcf4o85ebeelp\/AACrqSKBvprygy9QydSQZjo3a?dl=0\">Fotos Oscar del Campo<\/a><\/p>\n<p>&nbsp;<\/p>\n<p>&nbsp;<\/p>\n<p>&nbsp;<\/p>\n","protected":false},"excerpt":{"rendered":"<p>La celebraci\u00f3n ayer del XXI Campeonato de Galicia de Clubs al Aire libre en las pistas de A Malata de Ferrol mostrar\u00eda el estado de forma de los principales clubs de la comunidad.&nbsp; Cabe decir que a pesar de la multitud de convenios y filiaciones&#8230;<\/p>\n","protected":false},"author":1,"featured_media":0,"comment_status":"closed","ping_status":"closed","sticky":false,"template":"","format":"standard","meta":{"footnotes":""},"categories":[9],"tags":[],"class_list":["post-11630","post","type-post","status-publish","format-standard","hentry","category-resultados"],"aioseo_notices":[],"_links":{"self":[{"href":"http:\/\/clubourenseatletismo.es\/blog\/wp-json\/wp\/v2\/posts\/11630","targetHints":{"allow":["GET"]}}],"collection":[{"href":"http:\/\/clubourenseatletismo.es\/blog\/wp-json\/wp\/v2\/posts"}],"about":[{"href":"http:\/\/clubourenseatletismo.es\/blog\/wp-json\/wp\/v2\/types\/post"}],"author":[{"embeddable":true,"href":"http:\/\/clubourenseatletismo.es\/blog\/wp-json\/wp\/v2\/users\/1"}],"replies":[{"embeddable":true,"href":"http:\/\/clubourenseatletismo.es\/blog\/wp-json\/wp\/v2\/comments?post=11630"}],"version-history":[{"count":12,"href":"http:\/\/clubourenseatletismo.es\/blog\/wp-json\/wp\/v2\/posts\/11630\/revisions"}],"predecessor-version":[{"id":11662,"href":"http:\/\/clubourenseatletismo.es\/blog\/wp-json\/wp\/v2\/posts\/11630\/revisions\/11662"}],"wp:attachment":[{"href":"http:\/\/clubourenseatletismo.es\/blog\/wp-json\/wp\/v2\/media?parent=11630"}],"wp:term":[{"taxonomy":"category","embeddable":true,"href":"http:\/\/clubourenseatletismo.es\/blog\/wp-json\/wp\/v2\/categories?post=11630"},{"taxonomy":"post_tag","embeddable":true,"href":"http:\/\/clubourenseatletismo.es\/blog\/wp-json\/wp\/v2\/tags?post=11630"}],"curies":[{"name":"wp","href":"https:\/\/api.w.org\/{rel}","templated":true}]}}