{"id":11562,"date":"2019-04-22T10:39:59","date_gmt":"2019-04-22T08:39:59","guid":{"rendered":"https:\/\/clubourenseatletismo.es\/blog\/?p=11562"},"modified":"2019-04-22T10:40:10","modified_gmt":"2019-04-22T08:40:10","slug":"iv-circuito-de-pista-concello-de-vigo-1a-xornada-series-municipais-2","status":"publish","type":"post","link":"http:\/\/clubourenseatletismo.es\/blog\/2019\/04\/22\/iv-circuito-de-pista-concello-de-vigo-1a-xornada-series-municipais-2\/","title":{"rendered":"IV Circu\u00edto de Pista Concello de Vigo \u2013 1\u00aa Xornada Series Municipais"},"content":{"rendered":"<div id=\"attachment_11568\" style=\"width: 504px\" class=\"wp-caption aligncenter\"><img loading=\"lazy\" decoding=\"async\" aria-describedby=\"caption-attachment-11568\" class=\"wp-image-11568\" src=\"https:\/\/clubourenseatletismo.es\/blog\/wp-content\/uploads\/2019\/04\/vigo-1024x682.jpg\" alt=\"\" width=\"494\" height=\"329\" srcset=\"http:\/\/clubourenseatletismo.es\/blog\/wp-content\/uploads\/2019\/04\/vigo.jpg 1024w, http:\/\/clubourenseatletismo.es\/blog\/wp-content\/uploads\/2019\/04\/vigo-300x200.jpg 300w, http:\/\/clubourenseatletismo.es\/blog\/wp-content\/uploads\/2019\/04\/vigo-768x512.jpg 768w\" sizes=\"auto, (max-width: 494px) 100vw, 494px\" \/><p id=\"caption-attachment-11568\" class=\"wp-caption-text\">Foto Diario Atl\u00e1ntico<\/p><\/div>\n<p style=\"text-align: left;\">Arrancar\u00eda esta ma\u00f1ana en el Estadio Municipal de atletismo de Balaidos la primera joranda del IV\u00ba Circuito de Pista Concello de Vigo -series municipales, organizado por la Agrupaci\u00f3n Viguesa de atletismo, patrocinado por la Conceller\u00eda de Deportes viguesa y bajo el control t\u00e9cnico del Comit\u00e9 Gallego de jueces.<\/p>\n<p>Este circuito, un cl\u00e1sico del calendario, consta de cinco jornadas:<\/p>\n<ul>\n<li>21\/04\/2019 &#8211; <a href=\"https:\/\/atletismo.gal\/competicions\/iv-circuito-de-pista-concello-de-vigo-1a-xornada-series-municipais\/\">IV Circu\u00edto de Pista Concello de Vigo \u2013 1\u00aa Xornada Series Municipais<\/a><\/li>\n<li>18\/05\/2019 &#8211; <a href=\"https:\/\/atletismo.gal\/competicions\/iv-circuito-de-pista-concello-de-vigo-2a-xornada-series-municipais\/\">IV Circu\u00edto de Pista Concello de Vigo \u2013 2\u00aa Xornada Series Municipais<\/a><\/li>\n<li>15\/06\/2019 &#8211; <a href=\"https:\/\/atletismo.gal\/competicions\/iv-circuito-de-pista-concello-de-vigo-3a-xornada-series-municipais\/\">IV Circu\u00edto de Pista Concello de Vigo \u2013 3\u00aa Xornada Series Municipais<\/a><\/li>\n<li>08\/12\/2019 &#8211; <a href=\"https:\/\/atletismo.gal\/competicions\/iv-circuito-de-pista-concello-de-vigo-4a-xornada-series-municipais\/\">IV Circu\u00edto de Pista Concello de Vigo \u2013 4\u00aa Xornada Series Municipais<\/a><\/li>\n<li>14\/12\/2019 &#8211; <a href=\"https:\/\/atletismo.gal\/competicions\/iv-circuito-de-pista-concello-de-vigo-5a-xornada-series-municipais\/\">IV Circu\u00edto de Pista Concello de Vigo \u2013 5\u00aa Xornada Series Municipais<\/a><\/li>\n<\/ul>\n<p>En cuanto a los resultados de nuestro atletas:<\/p>\n<table width=\"561\">\n<tbody>\n<tr>\n<td width=\"98\">ABDOUN<\/td>\n<td width=\"88\">SAID<\/td>\n<td width=\"173\">800 mts<\/td>\n<td width=\"80\">Sub 18<\/td>\n<td width=\"42\">1\u00ba<\/td>\n<td width=\"80\">02:00.76<\/td>\n<\/tr>\n<tr>\n<td width=\"98\">BABARRO<\/td>\n<td>DIEGO<\/td>\n<td>3.000 mts<\/td>\n<td>M\u00e1ster 40<\/td>\n<td>3\u00ba<\/td>\n<td>10:33.60<\/td>\n<\/tr>\n<tr>\n<td width=\"98\">CADAYA<\/td>\n<td>ALEJANDRO<\/td>\n<td>800 mts<\/td>\n<td>Sub 20<\/td>\n<td>4\u00ba<\/td>\n<td>02:02.70<\/td>\n<\/tr>\n<tr>\n<td width=\"98\">DIAZ<\/td>\n<td>MAR<\/td>\n<td>3.000 mts<\/td>\n<td>Sub 16<\/td>\n<td>5\u00aa<\/td>\n<td>11:23.85<\/td>\n<\/tr>\n<tr>\n<td width=\"98\">D\u00cdAZ<\/td>\n<td>\u00c1LVARO<\/td>\n<td>600 mts<\/td>\n<td>Sub 16<\/td>\n<td>5\u00ba<\/td>\n<td>01:33.82<\/td>\n<\/tr>\n<tr>\n<td width=\"98\">&nbsp;<\/td>\n<td>&nbsp;<\/td>\n<td>Lan. jabalina 600 g<\/td>\n<td>Sub 16<\/td>\n<td>2\u00ba<\/td>\n<td>33.02 mts<\/td>\n<\/tr>\n<tr>\n<td width=\"98\">GOMEZ<\/td>\n<td>DAVID<\/td>\n<td>3.000 mts<\/td>\n<td>Sub 18<\/td>\n<td>3\u00ba<\/td>\n<td>10:10.15<\/td>\n<\/tr>\n<tr>\n<td width=\"98\">JUSTO<\/td>\n<td>FABIO<\/td>\n<td>800 mts<\/td>\n<td>Sub 18<\/td>\n<td>6\u00ba<\/td>\n<td>02:13.55<\/td>\n<\/tr>\n<tr>\n<td width=\"98\">MONTERO<\/td>\n<td>ALEJANDRO<\/td>\n<td>3.000 mts<\/td>\n<td>Senior<\/td>\n<td>3\u00ba<\/td>\n<td>10:45.52<\/td>\n<\/tr>\n<tr>\n<td width=\"98\">NOVOA<\/td>\n<td>MARIA<\/td>\n<td>800 mts<\/td>\n<td>Sub 20<\/td>\n<td>3\u00aa<\/td>\n<td>02:32.65<\/td>\n<\/tr>\n<tr>\n<td width=\"98\">PULIDO<\/td>\n<td>NOA<\/td>\n<td>600 mts<\/td>\n<td>Sub 16<\/td>\n<td>15\u00aa<\/td>\n<td>02:01.61<\/td>\n<\/tr>\n<tr>\n<td width=\"98\">RAMOS<\/td>\n<td>SILVIA<\/td>\n<td>Salto de altura<\/td>\n<td>Sub 16<\/td>\n<td>8\u00aa<\/td>\n<td>1.30 mts<\/td>\n<\/tr>\n<tr>\n<td width=\"98\">RAMOS<\/td>\n<td>ALICIA M\u00aa<\/td>\n<td>Salto de altura<\/td>\n<td>Sub 18<\/td>\n<td>1\u00aa<\/td>\n<td>1.49 mts<\/td>\n<\/tr>\n<tr>\n<td width=\"98\">&nbsp;<\/td>\n<td>&nbsp;<\/td>\n<td>Salto de Longitud<\/td>\n<td>Sub 18<\/td>\n<td>9\u00aa<\/td>\n<td>4.17 mts<\/td>\n<\/tr>\n<tr>\n<td width=\"98\">RODRIGUEZ<\/td>\n<td>WHITNEY<\/td>\n<td>200 mts<\/td>\n<td>Senior<\/td>\n<td>1\u00aa<\/td>\n<td>00:33.36<\/td>\n<\/tr>\n<tr>\n<td width=\"98\">&nbsp;<\/td>\n<td>&nbsp;<\/td>\n<td>800 mts<\/td>\n<td>Senior<\/td>\n<td>1\u00aa<\/td>\n<td>02:56.33<\/td>\n<\/tr>\n<tr>\n<td width=\"98\">&nbsp;<\/td>\n<td>&nbsp;<\/td>\n<td>Lanzamiento de Peso 4 kg<\/td>\n<td>Senior<\/td>\n<td>2\u00aa<\/td>\n<td>4.65 mts<\/td>\n<\/tr>\n<tr>\n<td width=\"98\">RODRIGUEZ<\/td>\n<td>JOSE B.<\/td>\n<td>600 mts<\/td>\n<td>Sub 16<\/td>\n<td>1\u00ba<\/td>\n<td>01:29.38<\/td>\n<\/tr>\n<tr>\n<td width=\"98\">RUIZ<\/td>\n<td>MARA<\/td>\n<td>100m vallas (0,762)<\/td>\n<td>Sub 16<\/td>\n<td>5\u00aa<\/td>\n<td>00:18.51<\/td>\n<\/tr>\n<tr>\n<td width=\"98\">&nbsp;<\/td>\n<td>&nbsp;<\/td>\n<td>Salto de Longitud<\/td>\n<td>Sub 16<\/td>\n<td>11\u00aa<\/td>\n<td>4.13 mts<\/td>\n<\/tr>\n<tr>\n<td width=\"98\">VARELA<\/td>\n<td>EDWIN<\/td>\n<td>800 mts<\/td>\n<td>Sub 23<\/td>\n<td>5\u00ba<\/td>\n<td>02:22.87<\/td>\n<\/tr>\n<\/tbody>\n<\/table>\n<p style=\"text-align: center;\"><a class=\"fasc-button fasc-size-medium fasc-type-glossy fasc-rounded-medium ico-fa fasc-ico-before fa-trophy\" style=\"background-color: #e66903; color: #ffffff;\" target=\"_blank\" rel=\"noopener\" href=\"https:\/\/atletismo.gal\/wp-content\/uploads\/2019\/03\/rv210419.pdf\">Resultados<\/a><\/p>\n","protected":false},"excerpt":{"rendered":"<p>Arrancar\u00eda esta ma\u00f1ana en el Estadio Municipal de atletismo de Balaidos la primera joranda del IV\u00ba Circuito de Pista Concello de Vigo -series municipales, organizado por la Agrupaci\u00f3n Viguesa de atletismo, patrocinado por la Conceller\u00eda de Deportes viguesa y bajo el control t\u00e9cnico del Comit\u00e9&#8230;<\/p>\n","protected":false},"author":1,"featured_media":0,"comment_status":"closed","ping_status":"closed","sticky":false,"template":"","format":"standard","meta":{"footnotes":""},"categories":[9],"tags":[],"class_list":["post-11562","post","type-post","status-publish","format-standard","hentry","category-resultados"],"aioseo_notices":[],"_links":{"self":[{"href":"http:\/\/clubourenseatletismo.es\/blog\/wp-json\/wp\/v2\/posts\/11562","targetHints":{"allow":["GET"]}}],"collection":[{"href":"http:\/\/clubourenseatletismo.es\/blog\/wp-json\/wp\/v2\/posts"}],"about":[{"href":"http:\/\/clubourenseatletismo.es\/blog\/wp-json\/wp\/v2\/types\/post"}],"author":[{"embeddable":true,"href":"http:\/\/clubourenseatletismo.es\/blog\/wp-json\/wp\/v2\/users\/1"}],"replies":[{"embeddable":true,"href":"http:\/\/clubourenseatletismo.es\/blog\/wp-json\/wp\/v2\/comments?post=11562"}],"version-history":[{"count":4,"href":"http:\/\/clubourenseatletismo.es\/blog\/wp-json\/wp\/v2\/posts\/11562\/revisions"}],"predecessor-version":[{"id":11569,"href":"http:\/\/clubourenseatletismo.es\/blog\/wp-json\/wp\/v2\/posts\/11562\/revisions\/11569"}],"wp:attachment":[{"href":"http:\/\/clubourenseatletismo.es\/blog\/wp-json\/wp\/v2\/media?parent=11562"}],"wp:term":[{"taxonomy":"category","embeddable":true,"href":"http:\/\/clubourenseatletismo.es\/blog\/wp-json\/wp\/v2\/categories?post=11562"},{"taxonomy":"post_tag","embeddable":true,"href":"http:\/\/clubourenseatletismo.es\/blog\/wp-json\/wp\/v2\/tags?post=11562"}],"curies":[{"name":"wp","href":"https:\/\/api.w.org\/{rel}","templated":true}]}}